{"id":125955,"date":"2021-04-14T11:36:19","date_gmt":"2021-04-14T09:36:19","guid":{"rendered":"https:\/\/www.foment.com\/foment-considera-que-sespera-un-repunt-suau-en-lipc-a-mesura-que-leconomia-es-vagui-recuperant\/"},"modified":"2021-09-12T20:13:03","modified_gmt":"2021-09-12T18:13:03","slug":"foment-considera-que-se-espera-repunte-suave-ipc-medida-que-economia-se-vaya-recuperando","status":"publish","type":"post","link":"https:\/\/www.foment.com\/es\/foment-considera-que-se-espera-repunte-suave-ipc-medida-que-economia-se-vaya-recuperando\/","title":{"rendered":"Foment considera que se espera un repunte suave en el IPC a medida que la econom\u00eda se vaya recuperando"},"content":{"rendered":"<ul>\n<li><strong>Tal y como se anunciaba el mes pasado, los precios vuelven a registrar variaciones positivas <\/strong><\/li>\n<\/ul>\n<p>A partir del mes de marzo de 2020 el IPC cay\u00f3 fuertemente como consecuencia del par\u00f3n de actividad derivado de la crisis sanitaria del COVID-19 y, especialmente, del confinamiento.<\/p>\n<p>Para este a\u00f1o, a medida que la econom\u00eda se vaya recuperando, se espera un repunte suave en el IPC que corrija, en parte, la disminuci\u00f3n del a\u00f1o anterior, y la fuerte ca\u00edda de la demanda agregada, que cambiar\u00e1 de signo con la inmunizaci\u00f3n derivada de la vacuna.<\/p>\n<p>El IPC vuelve a terreno positivo en el mes de marzo con una variaci\u00f3n anual de 1,3%, m\u00e1s de un punto por encima de la registrada en febrero, y la m\u00e1s elevada en casi dos a\u00f1os. La variaci\u00f3n mensual, es decir, de marzo respecto a febrero, es de 1,0%.<\/p>\n<p>Destaca, como principal influencia al alza, el aumento de los precios de transporte (carburantes y lubricantes), as\u00ed como tambi\u00e9n de vivienda por el incremento de los precios de la electricidad y del gas\u00f3leo para calefacci\u00f3n, frente a los fuertes descensos de marzo del a\u00f1o pasado.<\/p>\n<p>Asimismo la inflaci\u00f3n subyacente (\u00edndice general sin alimentos no elaborados ni productos energ\u00e9ticos) se mantiene en el 0,3% en marzo, un punto por debajo del \u00edndice general, es decir, que la principal fuente de aumento en el IPC viene dada por los componentes m\u00e1s vol\u00e1tiles de la cesta de consumo.<\/p>\n<p>En Catalu\u00f1a, el IPC de marzo tambi\u00e9n sube un 1,3%, frente la bajada de 0,1% del mes anterior.<\/p>\n<p><a href=\"https:\/\/www.foment.com\/wp-content\/uploads\/2021\/04\/graf-cas.jpg\"><img loading=\"lazy\" class=\"aligncenter size-full wp-image-115614\" src=\"https:\/\/www.foment.com\/wp-content\/uploads\/2021\/04\/graf-cas.jpg\" alt=\"\" width=\"474\" height=\"283\" \/><\/a><\/p>\n","protected":false},"excerpt":{"rendered":"<p>Tal y como se anunciaba el mes pasado, los precios vuelven a registrar variaciones positivas A partir del mes de marzo de 2020 el IPC cay\u00f3 fuertemente como consecuencia del par\u00f3n de actividad derivado de la crisis sanitaria del COVID-19 y, especialmente, del confinamiento. Para este a\u00f1o, a medida que la econom\u00eda se vaya recuperando, se espera un repunte suave en el IPC que corrija, en parte, la disminuci\u00f3n del a\u00f1o anterior, y la fuerte ca\u00edda de la demanda agregada, que cambiar\u00e1 de signo con la inmunizaci\u00f3n derivada de la vacuna. El IPC vuelve a terreno positivo en el mes de marzo con una variaci\u00f3n anual de 1,3%, m\u00e1s de un punto por encima de la registrada en febrero, y la m\u00e1s elevada en casi dos a\u00f1os. La variaci\u00f3n mensual, es decir, de marzo respecto a febrero, es de 1,0%. Destaca, como principal influencia al alza, el aumento de los precios de transporte (carburantes y lubricantes), as\u00ed como tambi\u00e9n de vivienda por el incremento de los precios de la electricidad y del gas\u00f3leo para calefacci\u00f3n, frente a los fuertes descensos de marzo del a\u00f1o pasado. Asimismo la inflaci\u00f3n subyacente (\u00edndice general sin alimentos no elaborados ni productos energ\u00e9ticos) se mantiene [&hellip;]<\/p>\n","protected":false},"author":1,"featured_media":126286,"comment_status":"closed","ping_status":"closed","sticky":false,"template":"","format":"standard","meta":{"_links_to":"","_links_to_target":""},"categories":[114,69,68],"tags":[769,1088],"acf":[],"wps_subtitle":"","_links":{"self":[{"href":"https:\/\/www.foment.com\/es\/wp-json\/wp\/v2\/posts\/125955"}],"collection":[{"href":"https:\/\/www.foment.com\/es\/wp-json\/wp\/v2\/posts"}],"about":[{"href":"https:\/\/www.foment.com\/es\/wp-json\/wp\/v2\/types\/post"}],"author":[{"embeddable":true,"href":"https:\/\/www.foment.com\/es\/wp-json\/wp\/v2\/users\/1"}],"replies":[{"embeddable":true,"href":"https:\/\/www.foment.com\/es\/wp-json\/wp\/v2\/comments?post=125955"}],"version-history":[{"count":1,"href":"https:\/\/www.foment.com\/es\/wp-json\/wp\/v2\/posts\/125955\/revisions"}],"predecessor-version":[{"id":126220,"href":"https:\/\/www.foment.com\/es\/wp-json\/wp\/v2\/posts\/125955\/revisions\/126220"}],"wp:featuredmedia":[{"embeddable":true,"href":"https:\/\/www.foment.com\/es\/wp-json\/wp\/v2\/media\/126286"}],"wp:attachment":[{"href":"https:\/\/www.foment.com\/es\/wp-json\/wp\/v2\/media?parent=125955"}],"wp:term":[{"taxonomy":"category","embeddable":true,"href":"https:\/\/www.foment.com\/es\/wp-json\/wp\/v2\/categories?post=125955"},{"taxonomy":"post_tag","embeddable":true,"href":"https:\/\/www.foment.com\/es\/wp-json\/wp\/v2\/tags?post=125955"}],"curies":[{"name":"wp","href":"https:\/\/api.w.org\/{rel}","templated":true}]}}