{"id":125969,"date":"2021-04-19T13:34:33","date_gmt":"2021-04-19T11:34:33","guid":{"rendered":"https:\/\/www.foment.com\/carmen-artigas-espanya-destinara-un-terc-dels-fons-de-recuperacio-a-la-digitalitzacio\/"},"modified":"2021-09-17T16:15:28","modified_gmt":"2021-09-17T14:15:28","slug":"carme-artigas-espana-destinara-un-tercio-de-fondos-recuperacion-a-digitalizacion","status":"publish","type":"post","link":"https:\/\/www.foment.com\/es\/carme-artigas-espana-destinara-un-tercio-de-fondos-recuperacion-a-digitalizacion\/","title":{"rendered":"Carme Artigas: \u201cEspa\u00f1a destinar\u00e1 un tercio de los fondos de recuperaci\u00f3n a la digitalizaci\u00f3n\u201d"},"content":{"rendered":"<section class=\"wpb-content-wrapper\"><p>[vc_row][vc_column][vc_column_text]<\/p>\n<ul>\n<li><strong>La digitalizaci\u00f3n debe actuar como dique de contenci\u00f3n de las desigualdades\u201d, dice la secretaria de Estado Carme Artigas.<\/strong><\/li>\n<li><strong>M\u00e1s de 4.645 M\u20ac se dirigir\u00e1n a las pymes en los pr\u00f3ximo tres a\u00f1os, de los cuales 3.000M\u20ac (80%) para que las microempresas adopten la tecnolog\u00eda y se sumen al modelo digital.<\/strong><\/li>\n<li><strong>Las pymes deben incrementar del 10% al 25% la captaci\u00f3n de comercio electr\u00f3nico.<\/strong><\/li>\n<li><strong>El Plan Nacional de Competencias Digitales se propone que todo el sistema educativo se enfoque a que el 80% de la poblaci\u00f3n espa\u00f1ola tenga habilidades digitales y a formar especialistas.<\/strong><\/li>\n<li><strong>La secretaria de Estado destaca que la Carta de los Derechos Digitales es una reflexi\u00f3n pionera en Europa y que se anticipa al debate global<\/strong> <strong>sobre las consecuencias \u00e9ticas de la digitalizaci\u00f3n y la inteligencia artificial.<\/strong><\/li>\n<\/ul>\n<p>La Secretaria de Estado de Digitalizaci\u00f3n e Inteligencia Artificial, Carme Artigas, ha destacado hoy que la transici\u00f3n ecol\u00f3gica y la digitalizaci\u00f3n son las dos palancas transformadoras que revolucionar\u00e1n la econom\u00eda global y sobre las que pivotar\u00e1n buena parte de los recursos del plan europeo de recuperaci\u00f3n. <strong>\u201cLa digitalizaci\u00f3n debe actuar como dique de contenci\u00f3n de las desigualdades para superar las brechas territoriales y socioecon\u00f3micas, explica Carme Artigas. Tal vez por este motivo ha enfocado buena parte de su intervenci\u00f3n a priorizar las pymes como destinatarias de fondos para la recuperaci\u00f3n -\u201cporque son las que m\u00e1s esfuerzo deben hacer\u201d &#8211; y a\u00a0 la educaci\u00f3n de la poblaci\u00f3n espa\u00f1ola en habilidades digitales,- \u201cporque el 43% de la poblaci\u00f3n es analfabeta digital\u201d-. Espa\u00f1a destinar\u00e1 un tercio de los fondos de recuperaci\u00f3n a la digitalizaci\u00f3n, por encima del 20% que marca la Comisi\u00f3n Europea.<\/strong><\/p>\n<p>Durante el desayuno virtual que peri\u00f3dicamente organizan PwC y Foment del Treball con relevantes personalidades de la vida econ\u00f3mica de Catalunya y Espa\u00f1a, Carme Artigas hizo referencia a los efectos que la pandemia ha tenido en todos los \u00e1mbitos de la sociedad. Si bien se refiri\u00f3 a informes que apuntan que la crisis sanitaria ha acelerado en siete a\u00f1os los procesos de digitalizaci\u00f3n, a\u00fan Espa\u00f1a est\u00e1 rezagada. \u201cSi la econom\u00eda digital fuera un sector productivo, ahora ya ocupar\u00eda la segunda posici\u00f3n por detr\u00e1s del de la construcci\u00f3n con el 19% de aportaci\u00f3n al PIB. El objetivo es que en dos a\u00f1os crezca hasta el 40%\u201d.<\/p>\n<p><span style=\"color: #c1002b;\"><strong>Pymes<\/strong><\/span><br \/>\nEl objetivo del Gobierno es que en tres a\u00f1os se facilite el acceso a los fondos para la digitalizaci\u00f3n a las pymes espa\u00f1olas con m\u00e1s de 4.645 millones de euros, de los cuales el 80% -unos 3.000M\u20ac- deben alcanzar a las microempresas para que adopten la tecnolog\u00eda. Como ejemplo destac\u00f3 que deben incrementar su capacidad de captaci\u00f3n de comercio electr\u00f3nico del 10% al 25%. Para ello ser\u00e1n necesarias pol\u00edticas p\u00fablicas que faciliten la capilaridad de los recursos a favor de todo el tejido productivo<\/p>\n<p><span style=\"color: #c1002b;\"><span style=\"color: #c1002b;\"><b>Plan Nacional de Competencias\u00a0Digitales<\/b><\/span><\/span><br \/>\nEl segundo gran objetivo ser\u00e1 el desarrollo del Plan Nacional de Competencias Digitales porque si bien Espa\u00f1a tiene una buena posici\u00f3n en cuanto a infraestructuras, 5G, redes de fibra \u00f3ptica\u2026.\u201dest\u00e1 rezagada en cuanto a las competencias digitales b\u00e1sicas de la poblaci\u00f3n. \u201cLa infraestructura del talento es una necesidad urgente\u201d, ha dicho Artigas. El objetivo es que en los pr\u00f3ximos a\u00f1os sea posible que el 80% de la poblaci\u00f3n adquiera habilidades digitales b\u00e1sicas y la promoci\u00f3n de especialistas a trav\u00e9s de un acci\u00f3n integral que alcance a todo el sistema educativo.<\/p>\n<p><strong><span style=\"color: #c1002b;\">Administraci\u00f3n P\u00fablica<br \/>\n<\/span><\/strong>Carme Artigas tambi\u00e9n se refiere a la actualizaci\u00f3n digital de la administraci\u00f3n p\u00fablica a trav\u00e9s de un conjunto de reformas e inversiones que reducan los cuello de botellas m\u00e1s frecuentes que perjudican la eficiencia de los tr\u00e1mites administrativos.<\/p>\n<p><strong><span style=\"color: #c1002b;\">Carta de Derechos Digitales<br \/>\n<\/span><\/strong>El impacto \u00e9tico que tiene todo el proceso se gestionar\u00e1 en un entorno \u201cseguro y confiable\u201d. Se ha referido en este punto a la elaboraci\u00f3n de la Carta de Derechos Digitales, en el que la secretaria de Estado est\u00e1 avanzando y que calific\u00f3 como \u201cun documento pionero en Europa que se anticipe al debate global del humanismo tecnol\u00f3gico.[\/vc_column_text]<div class=\"spacer\" style=\"height: 20px;\"><\/div>[\/vc_column][\/vc_row][vc_row][vc_column width=\u00bb1\/1&#8243;]<div class=\"video-embed  wpb_content_element\"><iframe title=\"El paper de la digitalitzaci\u00f3 en la recuperaci\u00f3 econ\u00f2mica amb Carme Artigas\" width=\"1161\" height=\"653\" src=\"https:\/\/www.youtube.com\/embed\/E56e3iNj58Y?feature=oembed\" frameborder=\"0\" allow=\"accelerometer; autoplay; clipboard-write; encrypted-media; gyroscope; picture-in-picture; web-share\" referrerpolicy=\"strict-origin-when-cross-origin\" allowfullscreen><\/iframe><\/div>[\/vc_column][\/vc_row]<\/p>\n<\/section>","protected":false},"excerpt":{"rendered":"<p>[vc_row][vc_column][vc_column_text] La digitalizaci\u00f3n debe actuar como dique de contenci\u00f3n de las desigualdades\u201d, dice la secretaria de Estado Carme Artigas. M\u00e1s de 4.645 M\u20ac se dirigir\u00e1n a las pymes en los pr\u00f3ximo tres a\u00f1os, de los cuales 3.000M\u20ac (80%) para que las microempresas adopten la tecnolog\u00eda y se sumen al modelo digital. Las pymes deben incrementar del 10% al 25% la captaci\u00f3n de comercio electr\u00f3nico. El Plan Nacional de Competencias Digitales se propone que todo el sistema educativo se enfoque a que el 80% de la poblaci\u00f3n espa\u00f1ola tenga habilidades digitales y a formar especialistas. La secretaria de Estado destaca que la Carta de los Derechos Digitales es una reflexi\u00f3n pionera en Europa y que se anticipa al debate global sobre las consecuencias \u00e9ticas de la digitalizaci\u00f3n y la inteligencia artificial. La Secretaria de Estado de Digitalizaci\u00f3n e Inteligencia Artificial, Carme Artigas, ha destacado hoy que la transici\u00f3n ecol\u00f3gica y la digitalizaci\u00f3n son las dos palancas transformadoras que revolucionar\u00e1n la econom\u00eda global y sobre las que pivotar\u00e1n buena parte de los recursos del plan europeo de recuperaci\u00f3n. \u201cLa digitalizaci\u00f3n debe actuar como dique de contenci\u00f3n de las desigualdades para superar las brechas territoriales y socioecon\u00f3micas, explica Carme Artigas. Tal vez por [&hellip;]<\/p>\n","protected":false},"author":1,"featured_media":125677,"comment_status":"closed","ping_status":"closed","sticky":false,"template":"","format":"standard","meta":{"_links_to":"","_links_to_target":""},"categories":[114,68],"tags":[1968,1225,311,1961],"acf":[],"wps_subtitle":"La Secretaria de Estado de Digitalizaci\u00f3n e Inteligencia Artificial, Carme Artigas, interviene en el ciclo de desayunos PWC y Foment del Treball","_links":{"self":[{"href":"https:\/\/www.foment.com\/es\/wp-json\/wp\/v2\/posts\/125969"}],"collection":[{"href":"https:\/\/www.foment.com\/es\/wp-json\/wp\/v2\/posts"}],"about":[{"href":"https:\/\/www.foment.com\/es\/wp-json\/wp\/v2\/types\/post"}],"author":[{"embeddable":true,"href":"https:\/\/www.foment.com\/es\/wp-json\/wp\/v2\/users\/1"}],"replies":[{"embeddable":true,"href":"https:\/\/www.foment.com\/es\/wp-json\/wp\/v2\/comments?post=125969"}],"version-history":[{"count":1,"href":"https:\/\/www.foment.com\/es\/wp-json\/wp\/v2\/posts\/125969\/revisions"}],"predecessor-version":[{"id":126372,"href":"https:\/\/www.foment.com\/es\/wp-json\/wp\/v2\/posts\/125969\/revisions\/126372"}],"wp:featuredmedia":[{"embeddable":true,"href":"https:\/\/www.foment.com\/es\/wp-json\/wp\/v2\/media\/125677"}],"wp:attachment":[{"href":"https:\/\/www.foment.com\/es\/wp-json\/wp\/v2\/media?parent=125969"}],"wp:term":[{"taxonomy":"category","embeddable":true,"href":"https:\/\/www.foment.com\/es\/wp-json\/wp\/v2\/categories?post=125969"},{"taxonomy":"post_tag","embeddable":true,"href":"https:\/\/www.foment.com\/es\/wp-json\/wp\/v2\/tags?post=125969"}],"curies":[{"name":"wp","href":"https:\/\/api.w.org\/{rel}","templated":true}]}}