{"id":125974,"date":"2021-04-22T09:23:29","date_gmt":"2021-04-22T07:23:29","guid":{"rendered":"https:\/\/www.foment.com\/?p=116098"},"modified":"2021-09-12T20:07:51","modified_gmt":"2021-09-12T18:07:51","slug":"empresas-ofrecen-sus-servicios-sanitarios-para-vacunar-a-totalidad-de-sus-plantillas-en-un-mes","status":"publish","type":"post","link":"https:\/\/www.foment.com\/es\/empresas-ofrecen-sus-servicios-sanitarios-para-vacunar-a-totalidad-de-sus-plantillas-en-un-mes\/","title":{"rendered":"Las empresas ofrecen sus servicios sanitarios para vacunar a la totalidad de sus plantillas en un mes"},"content":{"rendered":"<ul>\n<li><strong>F<\/strong><strong>oment traslada a la Generalitat la capacidad de las empresas para administrar la vacuna a los trabajadores a un ritmo del 21% de la plantilla por semana<\/strong><\/li>\n<li><strong>Siguiendo los protocolos que establece la autoridad sanitaria<\/strong><\/li>\n<li><strong>Sumar los recursos aportados por las empresas al sistema p\u00fablico permitir\u00e1 alcanzar la totalidad del territorio catal\u00e1n, aprovechando recursos y evitando costes<\/strong><\/li>\n<li><strong>El 93,3% de las empresas tiene capacidad de estratificar la plantilla seg\u00fan los criterios establecidos (edad, vulnerabilidad, etc), respetando el orden de prioridad que determinen las autoridades sanitarias<\/strong><\/li>\n<li><strong>Evitar\u00e1 desplazamientos innecesarios de trabajadores y profesionales sanitarios<\/strong><\/li>\n<li><strong>El 77,8% de las empresas tiene experiencia previa en campa\u00f1as de vacunaci\u00f3n habituales<\/strong><\/li>\n<\/ul>\n<p>Foment del Treball ha entregado al departament de Salut de la Generalitat de Catalunya un informe sobre los <a href=\"https:\/\/www.foment.com\/wp-content\/uploads\/2021\/04\/Propuestas-GTvacunacion_CAST.pdf\" target=\"_blank\" rel=\"noopener noreferrer\"><em><strong><u>Indicadores de capacidad de vacunaci\u00f3n de las empresas<\/u><\/strong><\/em><\/a> para ofrecer su plena colaboraci\u00f3n en la campa\u00f1a de inmunizaci\u00f3n masiva de la poblaci\u00f3n, con el objetivo de acelerar la \u00a0administraci\u00f3n de la vacuna a los trabajadores cumpliendo todos los protocolos de la autoridad sanitaria. Seg\u00fan las estimaciones del informe, <strong>las empresas tienen\u00a0 capacidad para vacunar a la totalidad de sus plantillas en un mes, a un ritmo de administraci\u00f3n de dosis al 21% \u00a0de la plantilla por semana, a trav\u00e9s de sus servicios de prevenci\u00f3n y en colaboraci\u00f3n con las mutuas de accidentes de trabajo y enfermedades profesionales. \u201cLa vacunaci\u00f3n en centros de trabajo evitar\u00e1 el desplazamiento de trabajadores y sanitarios y, por lo tanto, las\u00a0 aglomeraciones y concentraciones masivas de personas en los centros de vacunaci\u00f3n\u201d, se\u00f1ala el informe.<\/strong><\/p>\n<p>La participaci\u00f3n e implicaci\u00f3n de las empresas en la estrategia de vacunaci\u00f3n se considera esencial para acelerar el proceso de vacunaci\u00f3n de la poblaci\u00f3n trabajadora y <strong>conseguir as\u00ed la inmunidad de grupo que permita un mejor abordaje de la pandemia. Contener los contagios es la \u00fanica v\u00eda posible para superar la crisis sanitaria y econ\u00f3mica.<\/strong><\/p>\n<p><strong style=\"color: #c1002b;\">Estricto cumplimiento de los protocolos<\/strong><\/p>\n<p>A partir de la informaci\u00f3n aportada por empresas, servicios de prevenci\u00f3n y mutuas, se estima que el <strong>93,3% de las empresas \u201ctendr\u00edan la capacidad de estratificar la plantilla seg\u00fan los criterios establecidos (edad, vulnerabilidad, etc), respetando el orden de prioridad de grupos de poblaci\u00f3n que determinen las autoridades sanitarias.<\/strong><\/p>\n<p><strong style=\"color: #c1002b;\">Capilaridad<\/strong><\/p>\n<p>Con la finalidad de ampliar la red de puntos de vacunaci\u00f3n, tambi\u00e9n puede utilizarse <strong>la red de centros y unidades m\u00f3viles a disposici\u00f3n de los servicios de prevenci\u00f3n ajenos y de las mutuas. <\/strong>\u201cDe este modo se facilita la cobertura y participaci\u00f3n de empresas de todas las dimensiones, incluidas las que no disponen de servicios sanitarios propios\u201d.<\/p>\n<p>Sumar todos los recursos por las empresas al sistema p\u00fablico permitir\u00e1 tambi\u00e9n <strong>alcanzar la totalidad del territorio, aprovechando recursos y evitando costes innecesarios.<\/strong><\/p>\n<p><strong><span style=\"color: #c1002b;\">Disponibilidad de recursos materiales y humanos<\/span><\/strong><\/p>\n<p>Por otro lado, Foment del Treball traslada a la Generalitat las garant\u00edas de calidad y rigor de los del sistema de informaci\u00f3n de los servicios de prevenci\u00f3n, con las m\u00e1s altas garant\u00edas de protecci\u00f3n de datos y privacidad.<\/p>\n<p>Respecto a los recursos humanos, la totalidad de las empresas que disponen de personal m\u00e9dico propio (enfemer\u00eda y medicina) puede prestar servicios para la vacunaci\u00f3n. Adem\u00e1s, los servicios de prevenci\u00f3n ajenos y mutuas de accidentes, <strong>disponen de m\u00e1s de 1900 profesionales sanitarios que pueden dar cobertura a les empresas catalanas, incluidas las que no tienen servicios sanitarios propios.<\/strong><\/p>\n<p>&nbsp;<\/p>\n","protected":false},"excerpt":{"rendered":"<p>Foment traslada a la Generalitat la capacidad de las empresas para administrar la vacuna a los trabajadores a un ritmo del 21% de la plantilla por semana Siguiendo los protocolos que establece la autoridad sanitaria Sumar los recursos aportados por las empresas al sistema p\u00fablico permitir\u00e1 alcanzar la totalidad del territorio catal\u00e1n, aprovechando recursos y evitando costes El 93,3% de las empresas tiene capacidad de estratificar la plantilla seg\u00fan los criterios establecidos (edad, vulnerabilidad, etc), respetando el orden de prioridad que determinen las autoridades sanitarias Evitar\u00e1 desplazamientos innecesarios de trabajadores y profesionales sanitarios El 77,8% de las empresas tiene experiencia previa en campa\u00f1as de vacunaci\u00f3n habituales Foment del Treball ha entregado al departament de Salut de la Generalitat de Catalunya un informe sobre los Indicadores de capacidad de vacunaci\u00f3n de las empresas para ofrecer su plena colaboraci\u00f3n en la campa\u00f1a de inmunizaci\u00f3n masiva de la poblaci\u00f3n, con el objetivo de acelerar la \u00a0administraci\u00f3n de la vacuna a los trabajadores cumpliendo todos los protocolos de la autoridad sanitaria. Seg\u00fan las estimaciones del informe, las empresas tienen\u00a0 capacidad para vacunar a la totalidad de sus plantillas en un mes, a un ritmo de administraci\u00f3n de dosis al 21% \u00a0de la plantilla por [&hellip;]<\/p>\n","protected":false},"author":1,"featured_media":129717,"comment_status":"closed","ping_status":"closed","sticky":false,"template":"","format":"standard","meta":{"_links_to":"","_links_to_target":""},"categories":[2735,114,5714],"tags":[],"acf":[],"wps_subtitle":"A trav\u00e9s de los servicios de prevenci\u00f3n y las mutuas de accidentes de trabajo y enfermedades profesionales","_links":{"self":[{"href":"https:\/\/www.foment.com\/es\/wp-json\/wp\/v2\/posts\/125974"}],"collection":[{"href":"https:\/\/www.foment.com\/es\/wp-json\/wp\/v2\/posts"}],"about":[{"href":"https:\/\/www.foment.com\/es\/wp-json\/wp\/v2\/types\/post"}],"author":[{"embeddable":true,"href":"https:\/\/www.foment.com\/es\/wp-json\/wp\/v2\/users\/1"}],"replies":[{"embeddable":true,"href":"https:\/\/www.foment.com\/es\/wp-json\/wp\/v2\/comments?post=125974"}],"version-history":[{"count":1,"href":"https:\/\/www.foment.com\/es\/wp-json\/wp\/v2\/posts\/125974\/revisions"}],"predecessor-version":[{"id":126212,"href":"https:\/\/www.foment.com\/es\/wp-json\/wp\/v2\/posts\/125974\/revisions\/126212"}],"wp:featuredmedia":[{"embeddable":true,"href":"https:\/\/www.foment.com\/es\/wp-json\/wp\/v2\/media\/129717"}],"wp:attachment":[{"href":"https:\/\/www.foment.com\/es\/wp-json\/wp\/v2\/media?parent=125974"}],"wp:term":[{"taxonomy":"category","embeddable":true,"href":"https:\/\/www.foment.com\/es\/wp-json\/wp\/v2\/categories?post=125974"},{"taxonomy":"post_tag","embeddable":true,"href":"https:\/\/www.foment.com\/es\/wp-json\/wp\/v2\/tags?post=125974"}],"curies":[{"name":"wp","href":"https:\/\/api.w.org\/{rel}","templated":true}]}}