{"id":125979,"date":"2021-04-26T13:42:02","date_gmt":"2021-04-26T11:42:02","guid":{"rendered":"https:\/\/www.foment.com\/constitucio-grup-experts-tributaris-reforma-fiscal\/"},"modified":"2021-09-12T20:07:03","modified_gmt":"2021-09-12T18:07:03","slug":"constitucion-grupo-expertos-tributarios-reforma-fiscal","status":"publish","type":"post","link":"https:\/\/www.foment.com\/es\/constitucion-grupo-expertos-tributarios-reforma-fiscal\/","title":{"rendered":"Foment constituye el Grupo de Expertos Tributarios por la Reforma Fiscal"},"content":{"rendered":"<ul>\n<li><strong>El grupo finalizar\u00e1 sus trabajos el 31 de marzo de 2022, un mes despu\u00e9s de que lo haga \u2013el 28 de febrero- el Comit\u00e9 de Personas Expertas para la Reforma del Sistema Tributario creada por el Ministerio de Hacienda.<\/strong><\/li>\n<li><strong>Las conclusiones del Grupo de Expertos se documentar\u00e1n en un Informe que ser\u00e1 elevado a la Junta Directiva de Fomento del Trabajo, y se pondr\u00e1 en conocimiento de la CEOE antes de remitirlas al Gobierno de Espa\u00f1a y en el Gobierno de la Generalitat.<\/strong><\/li>\n<\/ul>\n<p>Foment del Treball ha constituido hoy el Grupo de Expertos Tributarios creado el pasado 12 de abril por la Junta Directiva de la patronal, para analizar y formular las propuestas y recomendaciones pertinentes al Gobierno durante el proceso de reforma del sistema tributario espa\u00f1ol. A la sesi\u00f3n constitutiva ha asistido el presidente de Foment, Josep S\u00e1nchez Llibre.<\/p>\n<p>El Grupo de Expertos, que ser\u00e1 coordinado por Manuel J. Silva, consejero de Presidencia de Foment, que actuar\u00e1 tambi\u00e9n como relator, tendr\u00e1 que finalizar sus trabajos el 31 de marzo de 2022, un mes despu\u00e9s de que lo haga el Comit\u00e9 de Personas Expertas para la Reforma del Sistema Tributario creada por el Ministerio de Hacienda \u2013el 28 de febrero\u2013.<\/p>\n<p>El Grupo de Expertos tiene previsto celebrar comparecencias con expertos y con altos cargos de las diferentes administraciones.<\/p>\n<p>Las conclusiones del Grupo de Expertos se documentar\u00e1n en un Informe que ser\u00e1 elevado a la Junta Directiva de la patronal, y se pondr\u00e1 en conocimiento de la CEOE antes de remitirlas al Gobierno de Espa\u00f1a y al Gobierno de la Generalitat, y hacerlas p\u00fablicas. Dadas las circunstancias se podr\u00e1n hacer adelantos parciales del informe.<\/p>\n<p><span style=\"color: #c1002b;\"><strong>Profesionales de reconocido prestigio<\/strong><\/span><\/p>\n<p>Foment del Treball tom\u00f3 la decisi\u00f3n de constituir este Grupo de Expertos \u2013integrado por unos treinta profesionales de reconocido prestigio en el \u00e1mbito tributario y de la Hacienda P\u00fablica, as\u00ed como por las m\u00e1s prestigiosas firmes consultores y despachos jur\u00eddicos\u2013 coincidiendo con la creaci\u00f3n por el Ministerio de Hacienda de un Comit\u00e9 de Personas Expertas para elaborar el Libro Blanco sobre la Reforma Tributar\u00eda.<\/p>\n<p>La patronal catalana ya manifest\u00f3 su preocupaci\u00f3n por una reforma fiscal con una declarada finalidad fundamentalmente recaudatoria. Finalidad que ha sido confirmada por los debates parlamentarios realizados en el Congreso de los Diputados la pasada semana.<\/p>\n<p>Foment entend\u00eda y entiende que la reforma tiene que situar la fiscalidad al servicio de la actividad productiva, de la recuperaci\u00f3n y del mantenimiento de los puestos de trabajo; y que el sistema tributario tiene que ser equitativo y competitivo.<\/p>\n<p>Recientemente Foment del Treball ha justificado y defendido la necesaria supresi\u00f3n del Impuesto sobre Patrimonio (Espa\u00f1a es el \u00fanico pa\u00eds de la Uni\u00f3n Europea en el cual existe) y ha promovido la interposici\u00f3n de recurso de inconstitucionalidad contra la Ley de Presupuestos Generales del Estado que le atribuye vigencia indefinida.<\/p>\n<p><span style=\"color: #c1002b;\"><strong>Miembros que forman el Grupo de Expertos Tributarios<\/strong><\/span><\/p>\n<p>Jordi Alberich Llaveria, Instituto Esudios estrat\u00e9gicos de Foment<\/p>\n<p>Josep Ma Balcells, Deg\u00e0 en funcions de l\u2019ICAB<\/p>\n<p>N\u00faria Cabr\u00e9 Plana, Garrigues<\/p>\n<p>Pedro Cambas, ETL Global<\/p>\n<p>Joan Francesc Corona Ram\u00f3n, Catedr\u00e1ticp de Hacienda P\u00fablica de la Universitat Abat Oliba<\/p>\n<p>Josep Ma Coronas, Coronas Advocats<\/p>\n<p>Ignacio Costa, Cuatrecasas<\/p>\n<p>Jaume Cornudella Marqu\u00e8s, PwC<\/p>\n<p>Bruno Dom\u00ednguez Alonso, Baker &amp; McKenzie<\/p>\n<p>Antoni Duran-Sindreu, Duran-Sindreu Asesores Legales<\/p>\n<p>Sergio Gonz\u00e1lez-Anta, KPMG<\/p>\n<p>Salvador Guillermo, Director d&#8217;Economia de Foment<\/p>\n<p>Virginia Guinda, Vicepresidenta de Foment &#8211; Consellera Delegada d\u2019Iberboard<\/p>\n<p>Ma. Helena de Felipe, presidenta de Fepime<\/p>\n<p>Victor Is\u00e1bal, Grant Thornton<\/p>\n<p>Jos\u00e9 Alberto Mar\u00edn S\u00e1nchez, Col\u00b7legi Notarial de Catalunya<\/p>\n<p>Vicente Mart\u00ednez Pujalte, Conseller de la Presid\u00e8ncia<\/p>\n<p>Miguel \u00c1ngel Morales, Ur\u00eda Men\u00e9ndez<\/p>\n<p>Enric Moret Plume, Roca Junyent<\/p>\n<p>Samuel Navarro, Expert fiscalista<\/p>\n<p>Valent\u00ed Pich Rosell, President de la Comissi\u00f3 d&#8217;Economia i Fiscalitat de Foment<\/p>\n<p>Joan Francesc Pont Clemente, Catedr\u00e0tic de Dret Financer i Tributari de la Universitat de Barcelona<\/p>\n<p>Jos\u00e9 Luis Prada, Ernst &amp; Young<\/p>\n<p>Esteban Ravent\u00f3s, Baker &amp; McKenzie<\/p>\n<p>Joan Antoni S\u00e1nchez Carret\u00e9, Expert fiscalista<\/p>\n<p>Enrique Seoane Smith, Deloitte<\/p>\n<p>Manel Silva, Coordinador Grup d&#8217;Experts Tributaris<\/p>\n","protected":false},"excerpt":{"rendered":"<p>El grupo finalizar\u00e1 sus trabajos el 31 de marzo de 2022, un mes despu\u00e9s de que lo haga \u2013el 28 de febrero- el Comit\u00e9 de Personas Expertas para la Reforma del Sistema Tributario creada por el Ministerio de Hacienda. Las conclusiones del Grupo de Expertos se documentar\u00e1n en un Informe que ser\u00e1 elevado a la Junta Directiva de Fomento del Trabajo, y se pondr\u00e1 en conocimiento de la CEOE antes de remitirlas al Gobierno de Espa\u00f1a y en el Gobierno de la Generalitat. Foment del Treball ha constituido hoy el Grupo de Expertos Tributarios creado el pasado 12 de abril por la Junta Directiva de la patronal, para analizar y formular las propuestas y recomendaciones pertinentes al Gobierno durante el proceso de reforma del sistema tributario espa\u00f1ol. A la sesi\u00f3n constitutiva ha asistido el presidente de Foment, Josep S\u00e1nchez Llibre. El Grupo de Expertos, que ser\u00e1 coordinado por Manuel J. Silva, consejero de Presidencia de Foment, que actuar\u00e1 tambi\u00e9n como relator, tendr\u00e1 que finalizar sus trabajos el 31 de marzo de 2022, un mes despu\u00e9s de que lo haga el Comit\u00e9 de Personas Expertas para la Reforma del Sistema Tributario creada por el Ministerio de Hacienda \u2013el 28 de febrero\u2013. [&hellip;]<\/p>\n","protected":false},"author":1,"featured_media":125755,"comment_status":"closed","ping_status":"closed","sticky":false,"template":"","format":"standard","meta":{"_links_to":"","_links_to_target":""},"categories":[114,69],"tags":[1730,1891,337,339,1162,4645],"acf":[],"wps_subtitle":"La reforma tiene que situar la fiscalidad al servicio de la actividad productiva, de la recuperaci\u00f3n y del mantenimiento de los puestos de trabajo; y el sistema tributario tiene que esser equitativo y competitivo","_links":{"self":[{"href":"https:\/\/www.foment.com\/es\/wp-json\/wp\/v2\/posts\/125979"}],"collection":[{"href":"https:\/\/www.foment.com\/es\/wp-json\/wp\/v2\/posts"}],"about":[{"href":"https:\/\/www.foment.com\/es\/wp-json\/wp\/v2\/types\/post"}],"author":[{"embeddable":true,"href":"https:\/\/www.foment.com\/es\/wp-json\/wp\/v2\/users\/1"}],"replies":[{"embeddable":true,"href":"https:\/\/www.foment.com\/es\/wp-json\/wp\/v2\/comments?post=125979"}],"version-history":[{"count":1,"href":"https:\/\/www.foment.com\/es\/wp-json\/wp\/v2\/posts\/125979\/revisions"}],"predecessor-version":[{"id":126210,"href":"https:\/\/www.foment.com\/es\/wp-json\/wp\/v2\/posts\/125979\/revisions\/126210"}],"wp:featuredmedia":[{"embeddable":true,"href":"https:\/\/www.foment.com\/es\/wp-json\/wp\/v2\/media\/125755"}],"wp:attachment":[{"href":"https:\/\/www.foment.com\/es\/wp-json\/wp\/v2\/media?parent=125979"}],"wp:term":[{"taxonomy":"category","embeddable":true,"href":"https:\/\/www.foment.com\/es\/wp-json\/wp\/v2\/categories?post=125979"},{"taxonomy":"post_tag","embeddable":true,"href":"https:\/\/www.foment.com\/es\/wp-json\/wp\/v2\/tags?post=125979"}],"curies":[{"name":"wp","href":"https:\/\/api.w.org\/{rel}","templated":true}]}}