{"id":126730,"date":"2021-09-26T17:04:00","date_gmt":"2021-09-26T15:04:00","guid":{"rendered":"https:\/\/www.foment.com\/les-propostes-fiscals-del-govern-de-la-generalitat-posen-en-risc-lempresa-familiar\/"},"modified":"2021-09-26T17:07:20","modified_gmt":"2021-09-26T15:07:20","slug":"les-propostes-fiscals-del-govern-de-la-generalitat-posen-en-risc-lempresa-familiar","status":"publish","type":"post","link":"https:\/\/www.foment.com\/es\/les-propostes-fiscals-del-govern-de-la-generalitat-posen-en-risc-lempresa-familiar\/","title":{"rendered":"Las propuestas fiscales del Gobierno de la Generalitat ponen en riesgo la empresa familiar"},"content":{"rendered":"<section class=\"wpb-content-wrapper\"><p>[vc_row][vc_column width=\u00bb1\/1&#8243;][vc_column_text]Foment del Treball ha tenido conocimiento del documento fiscal del Departamento de Econom\u00eda de la Generalitat de Catalu\u00f1a a trav\u00e9s de la Comisi\u00f3n de Expertos Fiscales creada por el Gobierno de Espa\u00f1a.<\/p>\n<p>Este documento del Departamento de Econom\u00eda de la Generalitat de Catalu\u00f1a nos genera una grave preocupaci\u00f3n, puesto que significa un ataque frontal al n\u00facleo de la empresa familiar, que ha estado y es el gran activo de nuestra estructura empresarial, y que es la que m\u00e1s aporta al PIB catal\u00e1n.<\/p>\n<p>El incremento de presi\u00f3n fiscal que plantea el Departamento de Econom\u00eda del 5% al 15% de los beneficios fiscales de los propietarios de las empresas familiares es una barrera para el crecimiento de estas empresas que pone en riesgo nuestro modelo productivo.<\/p>\n<p>Tambi\u00e9n parece muy desatinado y fuera de lugar plantear un incremento del impuesto de patrimonio, que Foment siempre ha considerado confiscatorio y que siempre ha reclamado su desaparici\u00f3n.<\/p>\n<p>Foment cree que, en el actual contexto econ\u00f3mico, no se puede plantear para Catalu\u00f1a, la eliminaci\u00f3n del tope del 60% en la tributaci\u00f3n del impuesto de la renta de las personas f\u00edsicas y el impuesto del patrimonio, el que nos sit\u00faa, en el contexto espa\u00f1ol, en una posici\u00f3n de inferioridad competitiva muy grave y que, sin duda, significar\u00e1 a medio plazo un decrecimiento de la recaudaci\u00f3n fiscal.<\/p>\n<p>Un informe del Instituto de Estudios Fiscales indica que Catalu\u00f1a lidera la presi\u00f3n fiscal en Espa\u00f1a con un nivel sensiblemente m\u00e1s desfavorable que el la media de la Uni\u00f3n Europea.<\/p>\n<p>Con esta pol\u00edtica fiscal no volver\u00e1 ninguna de las empresas que se march\u00f3 de Catalu\u00f1a y provocar\u00e1 que otras se planteen seriamente abandonar nuestro pa\u00eds, por su hostilidad a la econom\u00eda productiva.<\/p>\n<p>Foment del Treball hizo p\u00fablico el junio de 2019 un documento sobre fiscalidad competitiva que marcaba una hoja de ruta para incentivar la actividad productiva.<\/p>\n<p>Lamentamos que no se haya tenido en cuenta y que se vaya en la direcci\u00f3n totalmente contraria.<\/p>\n<p>Pedimos en el Gobierno de la Generalitat de Catalu\u00f1a que rectifique y que no haga suyos estos planteamientos fiscales en el proyecto de presupuestos para el 2022.[\/vc_column_text][\/vc_column][\/vc_row]<\/p>\n<\/section>","protected":false},"excerpt":{"rendered":"<p>[vc_row][vc_column width=\u00bb1\/1&#8243;][vc_column_text]Foment del Treball ha tenido conocimiento del documento fiscal del Departamento de Econom\u00eda de la Generalitat de Catalu\u00f1a a trav\u00e9s de la Comisi\u00f3n de Expertos Fiscales creada por el Gobierno de Espa\u00f1a. Este documento del Departamento de Econom\u00eda de la Generalitat de Catalu\u00f1a nos genera una grave preocupaci\u00f3n, puesto que significa un ataque frontal al n\u00facleo de la empresa familiar, que ha estado y es el gran activo de nuestra estructura empresarial, y que es la que m\u00e1s aporta al PIB catal\u00e1n. El incremento de presi\u00f3n fiscal que plantea el Departamento de Econom\u00eda del 5% al 15% de los beneficios fiscales de los propietarios de las empresas familiares es una barrera para el crecimiento de estas empresas que pone en riesgo nuestro modelo productivo. Tambi\u00e9n parece muy desatinado y fuera de lugar plantear un incremento del impuesto de patrimonio, que Foment siempre ha considerado confiscatorio y que siempre ha reclamado su desaparici\u00f3n. Foment cree que, en el actual contexto econ\u00f3mico, no se puede plantear para Catalu\u00f1a, la eliminaci\u00f3n del tope del 60% en la tributaci\u00f3n del impuesto de la renta de las personas f\u00edsicas y el impuesto del patrimonio, el que nos sit\u00faa, en el contexto espa\u00f1ol, en una [&hellip;]<\/p>\n","protected":false},"author":1,"featured_media":126728,"comment_status":"closed","ping_status":"closed","sticky":false,"template":"","format":"standard","meta":{"_links_to":"","_links_to_target":""},"categories":[114,69,68,5714],"tags":[327,1891,4058,5608,5609],"acf":[],"wps_subtitle":"Foment tambi\u00e9n ve desatinado plantear un incremento del impuesto de patrimonio, el cual siempre ha considerado confiscatorio y que siempre ha reclamado su desaparici\u00f3n","_links":{"self":[{"href":"https:\/\/www.foment.com\/es\/wp-json\/wp\/v2\/posts\/126730"}],"collection":[{"href":"https:\/\/www.foment.com\/es\/wp-json\/wp\/v2\/posts"}],"about":[{"href":"https:\/\/www.foment.com\/es\/wp-json\/wp\/v2\/types\/post"}],"author":[{"embeddable":true,"href":"https:\/\/www.foment.com\/es\/wp-json\/wp\/v2\/users\/1"}],"replies":[{"embeddable":true,"href":"https:\/\/www.foment.com\/es\/wp-json\/wp\/v2\/comments?post=126730"}],"version-history":[{"count":3,"href":"https:\/\/www.foment.com\/es\/wp-json\/wp\/v2\/posts\/126730\/revisions"}],"predecessor-version":[{"id":126733,"href":"https:\/\/www.foment.com\/es\/wp-json\/wp\/v2\/posts\/126730\/revisions\/126733"}],"wp:featuredmedia":[{"embeddable":true,"href":"https:\/\/www.foment.com\/es\/wp-json\/wp\/v2\/media\/126728"}],"wp:attachment":[{"href":"https:\/\/www.foment.com\/es\/wp-json\/wp\/v2\/media?parent=126730"}],"wp:term":[{"taxonomy":"category","embeddable":true,"href":"https:\/\/www.foment.com\/es\/wp-json\/wp\/v2\/categories?post=126730"},{"taxonomy":"post_tag","embeddable":true,"href":"https:\/\/www.foment.com\/es\/wp-json\/wp\/v2\/tags?post=126730"}],"curies":[{"name":"wp","href":"https:\/\/api.w.org\/{rel}","templated":true}]}}