{"id":126755,"date":"2021-09-17T14:27:24","date_gmt":"2021-09-17T12:27:24","guid":{"rendered":"https:\/\/www.foment.com\/ministre-exteriors-jose-manuel-albares-signa-llibre-honor\/"},"modified":"2021-09-26T17:58:52","modified_gmt":"2021-09-26T15:58:52","slug":"ministro-exteriores-jose-manuel-albares-firma-llibro-honor","status":"publish","type":"post","link":"https:\/\/www.foment.com\/es\/ministro-exteriores-jose-manuel-albares-firma-llibro-honor\/","title":{"rendered":"El ministro de Exteriores, Jos\u00e9 Manuel Albares, firma el libro de Honor de Foment del Treball"},"content":{"rendered":"<section class=\"wpb-content-wrapper\"><p>[vc_row][vc_column][vc_column_text]El ministro de Asuntos Exteriores, Uni\u00f3n Europea y Cooperaci\u00f3n, Jose Manuel Albares, ha firmado hoy el libro de Honor de Foment del Treball despu\u00e9s de pronunciar la lecci\u00f3n inaugural del primer curso de la Academia Europea Leadership, que ha celebrado la primera jornada del programa en la hist\u00f3rica sede de la instituci\u00f3n en Barcelona. El presidente de Foment del Treball, Josep S\u00e1nchez Llibre, acompa\u00f1\u00f3 al ministro durante la firma. Se da la circunstancia que Foment del Treball celebra este a\u00f1o su 250 aniversario.<\/p>\n<p>Albares repas\u00f3 \u00a0en su intervenci\u00f3n las prioridades del Gobierno en su acci\u00f3n exterior y defendi\u00f3 que los grandes desaf\u00edos a los que se enfrenta Espa\u00f1a \u201cno tienen respuesta sin\u00a0 mirar al exterior\u201d.\u201d La dificultad de la pol\u00edtica exterior es que no se pueden elegir las circunstancias, pero s\u00ed la actitud. Y Espa\u00f1a es un pa\u00eds con capacidad de reacci\u00f3n y solidaridad\u201d, a\u00f1adi\u00f3.[\/vc_column_text][\/vc_column][\/vc_row]<\/p>\n<\/section>","protected":false},"excerpt":{"rendered":"<p>[vc_row][vc_column][vc_column_text]El ministro de Asuntos Exteriores, Uni\u00f3n Europea y Cooperaci\u00f3n, Jose Manuel Albares, ha firmado hoy el libro de Honor de Foment del Treball despu\u00e9s de pronunciar la lecci\u00f3n inaugural del primer curso de la Academia Europea Leadership, que ha celebrado la primera jornada del programa en la hist\u00f3rica sede de la instituci\u00f3n en Barcelona. El presidente de Foment del Treball, Josep S\u00e1nchez Llibre, acompa\u00f1\u00f3 al ministro durante la firma. Se da la circunstancia que Foment del Treball celebra este a\u00f1o su 250 aniversario. Albares repas\u00f3 \u00a0en su intervenci\u00f3n las prioridades del Gobierno en su acci\u00f3n exterior y defendi\u00f3 que los grandes desaf\u00edos a los que se enfrenta Espa\u00f1a \u201cno tienen respuesta sin\u00a0 mirar al exterior\u201d.\u201d La dificultad de la pol\u00edtica exterior es que no se pueden elegir las circunstancias, pero s\u00ed la actitud. Y Espa\u00f1a es un pa\u00eds con capacidad de reacci\u00f3n y solidaridad\u201d, a\u00f1adi\u00f3.[\/vc_column_text][\/vc_column][\/vc_row]<\/p>\n","protected":false},"author":10,"featured_media":126804,"comment_status":"closed","ping_status":"closed","sticky":false,"template":"","format":"standard","meta":{"_links_to":"","_links_to_target":""},"categories":[114,68,72],"tags":[270,230],"acf":[],"wps_subtitle":"Se ha reunido con el presidente de la patronal catalana","_links":{"self":[{"href":"https:\/\/www.foment.com\/es\/wp-json\/wp\/v2\/posts\/126755"}],"collection":[{"href":"https:\/\/www.foment.com\/es\/wp-json\/wp\/v2\/posts"}],"about":[{"href":"https:\/\/www.foment.com\/es\/wp-json\/wp\/v2\/types\/post"}],"author":[{"embeddable":true,"href":"https:\/\/www.foment.com\/es\/wp-json\/wp\/v2\/users\/10"}],"replies":[{"embeddable":true,"href":"https:\/\/www.foment.com\/es\/wp-json\/wp\/v2\/comments?post=126755"}],"version-history":[{"count":1,"href":"https:\/\/www.foment.com\/es\/wp-json\/wp\/v2\/posts\/126755\/revisions"}],"predecessor-version":[{"id":126807,"href":"https:\/\/www.foment.com\/es\/wp-json\/wp\/v2\/posts\/126755\/revisions\/126807"}],"wp:featuredmedia":[{"embeddable":true,"href":"https:\/\/www.foment.com\/es\/wp-json\/wp\/v2\/media\/126804"}],"wp:attachment":[{"href":"https:\/\/www.foment.com\/es\/wp-json\/wp\/v2\/media?parent=126755"}],"wp:term":[{"taxonomy":"category","embeddable":true,"href":"https:\/\/www.foment.com\/es\/wp-json\/wp\/v2\/categories?post=126755"},{"taxonomy":"post_tag","embeddable":true,"href":"https:\/\/www.foment.com\/es\/wp-json\/wp\/v2\/tags?post=126755"}],"curies":[{"name":"wp","href":"https:\/\/api.w.org\/{rel}","templated":true}]}}