{"id":126764,"date":"2021-09-22T11:50:23","date_gmt":"2021-09-22T09:50:23","guid":{"rendered":"https:\/\/www.foment.com\/supervivencia-teixit-empresarial-pandemia-millora-sostenibilitat-mediambiental-claus-index-fegp-2021\/"},"modified":"2024-01-18T10:05:26","modified_gmt":"2024-01-18T09:05:26","slug":"supervivencia-tejido-empresarial-pandemia-mejora-sostenibilidad-medioambiental-claves-index-fegp-2021","status":"publish","type":"post","link":"https:\/\/www.foment.com\/es\/supervivencia-tejido-empresarial-pandemia-mejora-sostenibilidad-medioambiental-claves-index-fegp-2021\/","title":{"rendered":"La supervivencia del tejido empresarial ante la pandemia y la mejora de la sostenibilidad medioambiental, factores claves en el ranking de competitividad territorial del \u00cdndice FEGP 2021"},"content":{"rendered":"<section class=\"wpb-content-wrapper\"><p>[vc_row][vc_column][vc_column_text]<\/p>\n<ul>\n<li><strong>La edici\u00f3n de este a\u00f1o quiere centrarse en cuatro aspectos centrales: la comprensi\u00f3n de los factores que han determinado el grado de afectaci\u00f3n de las econom\u00edas comarcales; el nivel de recuperaci\u00f3n de estas econom\u00edas y los\u00a0 elementos que influyen; las potencialidades con las cuales cuenta cada territorio para lograr mejores modelos de desarrollo y las nuevas din\u00e1micas y tendencias que puedan estar emergiendo de un choque como el causado por la covid-19.<\/strong><\/li>\n<li><strong>Teniendo en cuenta la situaci\u00f3n de cambio acelerado en la que nos encontramos y que los datos del \u00cdndice hacen referencia en 2020, en esta edici\u00f3n se ha querido introducir un apartado con datos actualizados que permitan conocer el grado de recuperaci\u00f3n econ\u00f3mica de las comarcas catalanas.<\/strong><\/li>\n<li><strong>El cap\u00edtulo \u201cEl impacto de la covid-19\u201d analiza con datos desestacionalitzades la variaci\u00f3n de la ocupaci\u00f3n y el paro entre los meses de febrero del 2020 y junio del 2021. As\u00ed pues, es posible saber cu\u00e1ntos puestos de trabajo tiene que recuperar cada comarca y cuando paro tiene que reducir para lograr una situaci\u00f3n similar a la que se encontraba en los momentos previos al inicio de la crisis.<\/strong><\/li>\n<\/ul>\n<p>La 17a edici\u00f3n del <a href=\"https:\/\/www.foment.com\/wp-content\/uploads\/2021\/09\/Index-FEGP-2021-1.pdf\">\u00cdndice FEGP de Competitividad y Sostenibilidad comarcal<\/a> se presenta un a\u00f1o y medio despu\u00e9s de la declaraci\u00f3n del estado de alarma. Un tiempo en el que hemos superado la total incertidumbre, para finalmente empezar a divisar cierta mejora de los indicadores y las expectativas. Es ahora tambi\u00e9n cuando se empiezan a identificar algunos de los impactos m\u00e1s graves y de los cambios m\u00e1s profundos que ha dejado la pandemia sobre nuestra sociedad. El \u00cdndice FEGP quiere contribuir al an\u00e1lisis y la comprensi\u00f3n de los impactos de esta crisis sanitaria, social y econ\u00f3mica y de las posibles v\u00edas para salir con unas econom\u00edas y unos territorios m\u00e1s resilientes.[\/vc_column_text]<div class=\"flexslider wpb_content_element\"><ul class=\"slides\"><li><img src=\"\" alt=\"\" \/><\/li><li><img src=\"\" alt=\"\" \/><\/li><li><img src=\"\" alt=\"\" \/><\/li><li><img src=\"\" alt=\"\" \/><\/li><li><img src=\"\" alt=\"\" \/><\/li><li><img src=\"\" alt=\"\" \/><\/li><li><img src=\"https:\/\/www.foment.com\/wp-content\/uploads\/2021\/05\/DSC_0040-scaled-1.jpg\" alt=\"\" \/><\/li><li><img src=\"\" alt=\"\" \/><\/li><li><img src=\"\" alt=\"\" \/><\/li><li><img src=\"\" alt=\"\" \/><\/li><li><img src=\"\" alt=\"\" \/><\/li><li><img src=\"\" alt=\"\" \/><\/li><li><img src=\"\" alt=\"\" \/><\/li><li><img src=\"\" alt=\"\" \/><\/li><li><img src=\"\" alt=\"\" \/><\/li><\/ul><\/div>[vc_column_text]<\/p>\n<p>I am text block. Click edit button to change this text. Lorem ipsum dolor sit amet, consectetur adipiscing elit. Ut elit tellus, luctus nec ullamcorper mattis, pulvinar dapibus leo.<\/p>\n<p>[\/vc_column_text]<div class=\"spacer\" style=\"height: 20px;\"><\/div>[\/vc_column][\/vc_row][vc_row][vc_column width=\u00bb1\/2&#8243;][vc_column_text][vc_column_texto]El cambio tecnol\u00f3gico, por ejemplo, est\u00e1 haciendo posible la descentralizaci\u00f3n de muchas actividades. Las econom\u00edas de aglomeraci\u00f3n, unas mejores infraestructuras de telecomunicaciones y unos mercados de trabajo especializados hab\u00edan concentrado estas actividades en los entornos metropolitanos. Ahora, pero, es posible una organizaci\u00f3n mucho m\u00e1s flexible de estas empresas y organizaciones, que se pueden localizar en entornos de mayor calidad a un coste m\u00e1s reducido, descentralizando tambi\u00e9n un mercado de trabajo que antes depend\u00eda casi totalmente de las grandes capitales. Se abren as\u00ed posibilitados para la atracci\u00f3n de poblaci\u00f3n a toda una serie de territorios que hab\u00edan quedado excluidos de un modelo de desarrollo basado en actividades intensivas en conocimiento y tecnolog\u00eda de vocaci\u00f3n\u00a0 internacional, que ahora pueden apostar por la calidad de vida, la calidad paisaj\u00edstica o la salud como pilares de unos mejores modelos de desarrollo. En cualquier caso, apenas se han empezado a producir, de forma que todav\u00eda habr\u00e1 que esperar unos a\u00f1os para ver la magnitud, la capacidad de transformaci\u00f3n y la duraci\u00f3n de muchos de estos cambios.[\/vc_column_text]<div class=\"spacer\" style=\"height: 20px;\"><\/div>[\/vc_column][vc_column width=\u00bb1\/2&#8243;]<div class=\"single_image wpb_content_element align-left    \" data-animation=\"none\" data-delay=\"0\"><img width=\"614\" height=\"884\" src=\"https:\/\/www.foment.com\/wp-content\/uploads\/2021\/09\/Grafic1.jpg\" class=\"attachment-full\" alt=\"\" loading=\"lazy\" title=\"Grafic1\" srcset=\"https:\/\/www.foment.com\/wp-content\/uploads\/2021\/09\/Grafic1.jpg 614w, https:\/\/www.foment.com\/wp-content\/uploads\/2021\/09\/Grafic1-208x300.jpg 208w\" sizes=\"(max-width: 614px) 100vw, 614px\" \/><\/div><div class=\"spacer\" style=\"height: 20px;\"><\/div>[\/vc_column][\/vc_row][vc_row][vc_column width=\u00bb1\/1&#8243;][vc_column_text]<span style=\"color: #c1002b;\"><strong>Entre el grupo de comarcas m\u00e1s competitivas cabe remarcar el avance del Baix Llobregat, el Garraf i el Baix Camp, i el retroceso de una posici\u00f3n del Giron\u00e8s<\/strong><\/span><\/p>\n<p>A\u00fan y el estancamiento del \u00cdndice en el Baix Llobregat, el retroceso de 0,4 puntos registrado por el Giron\u00e8s ha hecho que el Baix Llobregat pasara de la 4.\u00aa a la 3.\u00aa posici\u00f3n. La fuerte destrucci\u00f3n de ocupaci\u00f3n y el menor dinamismo demogr\u00e1fico han hecho menos competitivo el Giron\u00e8s, que pasa ahora a la 4.\u00aa posici\u00f3n situ\u00e1ndose por detr\u00e1s del Baix Llobregat. La entrada del Baix Camp al grupo de comarcas m\u00e1s competitivas ha sido el resultado del marcado incremento de la competitividad registrado por la comarca. Este aumento de la competitividad no se ha dado tanto por una mejora de los indicadores y las dimensiones, si no por una mayor capacidad de resistencia ante el choque causado por la covid-19. Como ya se apuntaba al anterior informe, uno de los elementos m\u00e1s importantes del escenario que ha dejado la pandemia no es tanto el ritmo de crecimiento, si no la capacidad de resistencia y de adaptaci\u00f3n al cambio de las comarcas catalanas, que tendr\u00e1n que hacer frente a una realidad que cambia de manera acelerada.<\/p>\n<p><strong><span style=\"color: #c1002b;\">El impacto de la covid-19 y la recuperaci\u00f3n de las econom\u00edas comarcales<\/span><\/strong><\/p>\n<p>En t\u00e9rminos econ\u00f3micos, los datos consolidados del 2020 sit\u00faan la ca\u00edda del PIB espa\u00f1ol en el 10,8%, una bajada que en Catalu\u00f1a ha estado todav\u00eda m\u00e1s pronunciada, con una variaci\u00f3n del -11,5%. Tanto la econom\u00eda espa\u00f1ola como la catalana se sit\u00faan as\u00ed entre las m\u00e1s afectadas de la zona euro como resultado de unas econom\u00edas especialmente vulnerables ante choques negativos como el generado por la covid-19. La fuerte dependencia de la actividad tur\u00edstica, la parada casi total del comercio internacional y la rotura de las cadenas globales de valor han abocado a la econom\u00eda mundial a una crisis para la que es dif\u00edcil encontrar muchos antecedentes hist\u00f3ricos. Con todo, las caracter\u00edsticas de esta crisis han hecho que, a nivel agregado, la recuperaci\u00f3n tambi\u00e9n se d\u00e9 a un ritmo muy acelerado, situando las tasas de variaci\u00f3n del PIB espa\u00f1ol y catal\u00e1n de este 2021 en el 6,2% y el 6,0% respectivamente, gracias al r\u00e1pido ritmo de vacunaci\u00f3n de la poblaci\u00f3n.<\/p>\n<p>La vacunaci\u00f3n es, de hecho, la clave de la reactivaci\u00f3n. El adelanto de la vacunaci\u00f3n masiva es el \u00fanico elemento que puede frenar el ritmo de contagios y, por lo tanto, el riesgo de rebrotes del virus, haciendo posible la progresiva retirada de las restricciones y el retorno a la normalidad. Hasta el momento, la declaraci\u00f3n del estado de alarma, los confinamientos domiciliarios, municipales y comarcales y el cierre de la mayor\u00eda de actividades econ\u00f3micas han hecho que las posibilidades de consumo fueran muy reducidas, a la vez que aquellas decisiones de consumo que s\u00ed que se podr\u00edan haber llevado a cabo se aplazaran ante la incertidumbre del contexto. Esto ha supuesto que los niveles de ahorro de las personas que han podido mantener sus ingresos inalterados se incrementaran muy notablemente. Con la relajaci\u00f3n de algunas de estas restricciones esta demanda latente se est\u00e1 reactivando hasta el punto de haber acontecido el principal contribuidor al crecimiento econ\u00f3mico.<\/p>\n<p>Como ya se ha explicado en otras ocasiones, adem\u00e1s de la velocidad de vacunaci\u00f3n, la recuperaci\u00f3n econ\u00f3mica tambi\u00e9n depender\u00e1 de la estructura productiva de cada territorio, as\u00ed como de su capacidad de adaptaci\u00f3n al cambio. Para analizar en qu\u00e9 fase de la recuperaci\u00f3n se encuentra cada una de las comarcas catalanas se han desestacionalizado los datos de afiliaci\u00f3n a la seguridad social y de paro y se ha calculado la variaci\u00f3n del mes de junio del 2021 \u2013\u00faltima dato disponible en el momento de redacci\u00f3n de este documento- respeto el febrero del 2020, justo antes de la puesta en marcha de las restricciones.<\/p>\n<p><strong><span style=\"color: #c1002b;\">Las comarcas m\u00e1s afectadas por el impacto de la crisis sanitaria han sido las que presentan una mayor dependencia de las actividades tur\u00edstica y las que presentan una peor calidad del mercado de trabajo<\/span><\/strong><\/p>\n<p>El siguiente gr\u00e1fico muestra como, en t\u00e9rminos generales, son aquellas comarcas con una mayor dependencia de las actividades tur\u00edsticas y\/o con una peor calidad del mercado de trabajo \u2013temporalidad, parcialidad, rotaci\u00f3n, etc.-, las que se encuentran m\u00e1s lejos de la plena recuperaci\u00f3n de la crisis en t\u00e9rminos de puestos de trabajo. En la banda opuesta, las econom\u00edas comarcales con un mayor peso de las actividades fundamentales y de las actividades intensivas en conocimiento y tecnolog\u00eda son las que se encuentran m\u00e1s pr\u00f3ximas en la recuperaci\u00f3n o ya plenamente recuperadas. Hay que remarcar como el crecimiento del consumo de productos alimentarios a nivel agregado ha hecho que hayan sido aquellos territorios con un mayor peso de las actividades de producci\u00f3n y transformaci\u00f3n de alimentos las que m\u00e1s puestos de trabajo han creado y las que han conseguido una recuperaci\u00f3n m\u00e1s r\u00e1pida.<\/p>\n<p>A pesar de reproducir una din\u00e1mica similar, con unos niveles de paro marcadamente superiores en aquellas comarcas con un tejido productivo m\u00e1s vulnerable ante el impacto de la covid-19, se observan resultados diferenciados entre el impacto de la crisis en t\u00e9rminos de puestos de trabajo y el impacto en t\u00e9rminos de desocupaci\u00f3n. Esta divergencia es en parte fruto de unas diferencias metodol\u00f3gicas de las fuentes que merece la pena tener en cuenta. En el caso de la ocupaci\u00f3n se calculan los puestos de trabajo localizados en una comarca concreta, mientras que en el caso del paro se calcula el n\u00famero de personas paradas residentes en la comarca, independientemente de la localizaci\u00f3n de su puesto de trabajo anterior a la situaci\u00f3n de desocupaci\u00f3n. As\u00ed pues, el incremento del paro en una comarca puede estar apuntando a la destrucci\u00f3n de puestos de trabajo en esta misma comarca, pero tambi\u00e9n puede estar recogiendo el impacto de la destrucci\u00f3n de puestos de trabajo en otro territorio en el cual la poblaci\u00f3n activa de la comarca se desplaza para trabajar. Se puede dar el caso de que en una comarca se cree ocupaci\u00f3n y crezca el paro si un contingente importante de trabajadores dependen del mercado laboral de una comarca en la cual se est\u00e1n destruyendo puestos de trabajo.<\/p>\n<p>Teniendo esto presente, se puede ver como algunas de las comarcas con unos mayores diferenciales de paro respecto al momento previo a la declaraci\u00f3n del estado de alarma, son tambi\u00e9n algunas de las que registran un mejor comportamiento en t\u00e9rminos de puestos de trabajo, encontr\u00e1ndose o bien por encima de los niveles de ocupaci\u00f3n pre-crisis, o en una situaci\u00f3n muy pr\u00f3xima a la plena recuperaci\u00f3n. Es el caso del alta Ribagor\u00e7a, la Cerda\u00f1a o el Solson\u00e8s, que en el mes de junio contaban con niveles de paro de un 71,1%, un 45,3% y un 35,2% superiores a los del mes de febrero del 2020, a pesar de registrar vol\u00famenes de ocupaci\u00f3n superiores a los de antes de la crisis en el caso del alta Ribagor\u00e7a (+1,3%), iguales en el caso de la Cerda\u00f1a (0,0%) y sensiblemente inferiores en el caso del Solson\u00e8s (-0,8%). Se evidencia as\u00ed la dependencia de estas comarcas de los mercados laborales de otros territorios en los que el ritmo de recuperaci\u00f3n de la crisis no est\u00e1 siendo tan positivo.<\/p>\n<p>Para sintetizar esta informaci\u00f3n, se ha creado un \u00edndice sint\u00e9tico de recuperaci\u00f3n que mide el comportamiento de estos dos indicadores -afiliaciones y paro- y simplifica el an\u00e1lisis del nivel de recuperaci\u00f3n econ\u00f3mica de cada una de las comarcas catalanas. As\u00ed pues, se ha decidido normalizar ambos indicadores y unificarlos dando un peso del 50% a cada indicador. Se obtiene as\u00ed un \u00edndice que va del 0 al 100 en el que el cero es el peor comportamiento y el 100 significa la recuperaci\u00f3n m\u00e1s r\u00e1pida de entre las 42 comarcas de Catalu\u00f1a.<\/p>\n<p>Siguiendo esta explicaci\u00f3n, la tabla siguiente muestra como la comarca que ha registrado un mejor comportamiento durante la crisis ha estado Osona, la cual ha estado capaz de registrar el mayor incremento de la ocupaci\u00f3n (2,0%) y el menor aumento del paro (12,0%). Por el contrario, la comarca en peor posici\u00f3n es la Selva que, con un 6,2% menos de ocupaci\u00f3n, sit\u00faa el nivel de paro un 30,9% por encima del que se situaba el febrero del 2020.[\/vc_column_text]<div class=\"single_image wpb_content_element align-left    \" data-animation=\"none\" data-delay=\"0\"><img width=\"594\" height=\"840\" src=\"https:\/\/www.foment.com\/wp-content\/uploads\/2021\/09\/Grafic2.jpg\" class=\"attachment-full\" alt=\"\" loading=\"lazy\" title=\"Grafic2\" srcset=\"https:\/\/www.foment.com\/wp-content\/uploads\/2021\/09\/Grafic2.jpg 594w, https:\/\/www.foment.com\/wp-content\/uploads\/2021\/09\/Grafic2-212x300.jpg 212w\" sizes=\"(max-width: 594px) 100vw, 594px\" \/><\/div>[vc_column_text]<span style=\"color: #c1002b;\"><strong>Principales conclusiones sobre el modelo de desarrollo econ\u00f3mico y la competitividad de las comarcas Penedesenques<\/strong><\/span><\/p>\n<p><span style=\"color: #c1002b;\"><strong>Alt Pened\u00e8s<\/strong><\/span><\/p>\n<p>Los retrocesos causados por la crisis de la covid-19 en muchos de los indicadores que integran el \u00edndice de Competitividad han hecho que aquellas comarcas con mayor capacidad de resistencia y adaptaci\u00f3n al choque hayan estado las que han registrado un mejor comportamiento de sus niveles de competitividad.<\/p>\n<p>Es el caso del Alt Pened\u00e8s, que ha visto como muchos de sus indicadores ca\u00edan menos de lo que lo hac\u00edan al resto de comarcas y que incluso crec\u00edan en un contexto adverso. Estos dos elementos han hecho que la comarca pasara de la 15.\u00aa a la 12.\u00aa posici\u00f3n del ranking de competitividad comarcal, devolviendo en el Alt Pened\u00e8s a la posici\u00f3n que ocupaba antes del 2019. Esto ha sido posible gracias al aumento de 2,9 puntos del \u00edndice comarcal, un incremento cuatro veces superior a la variaci\u00f3n mediana respecto al 2019.<\/p>\n<p>Durante el 2020, la diversificaci\u00f3n econ\u00f3mica del Alt Pened\u00e8s y su capacidad de innovaci\u00f3n, que ya se planteaban como dos de los pilares de la competitividad comarcal, han sido los garantes de la conservaci\u00f3n de los puestos de trabajo en el periodo de crisis causada por la pandemia. Este buen comportamiento durante el 2020 va acompa\u00f1ado de factores que sit\u00faan a la comarca en una muy buena posici\u00f3n competitiva, gracias a la disponibilidad de espacio para acoger nuevas actividades econ\u00f3micas y gracias a su localizaci\u00f3n estrat\u00e9gica respecto a las principales infraestructuras de transporte y comunicaciones. Este buen posicionamiento, pero, est\u00e1 convirtiendo en la comarca en un polo de atracci\u00f3n de actividad log\u00edstica, una actividad con bajos requerimientos formativos, bajos salarios y con elevadas necesidades de suelo. Una proliferaci\u00f3n excesiva de esta actividad puede hacer menguar uno de los principales factores de competitividad del Alt Pened\u00e8s \u2013la disponibilidad de espacio-, sin incrementar la productividad del tejido productivo de la comarca.<\/p>\n<p>La comarca tambi\u00e9n encuentra escollos en su competitividad en el desajuste entre la cualificaci\u00f3n de la poblaci\u00f3n y los requerimientos del tejido productivo. Se frena as\u00ed la posibilidad de crecimiento de las empresas locales y su capacidad de innovaci\u00f3n al no encontrar mano de obra con la pericia necesaria. En este mismo sentido el escaso desarrollo de los servicios de apoyo empresarial tambi\u00e9n limitan la competitividad del tejido productivo, que no encuentra empresas que lo acompa\u00f1en en los procesos de modernizaci\u00f3n, digitalizaci\u00f3n, innovaci\u00f3n, etc. Ante estas dificultades, el impulso de la formaci\u00f3n en actividades de apoyo a las empresas y el acompa\u00f1amiento en la puesta en marcha de nuevas iniciativas empresariales puede dar respuesta a las necesidades del tejido productivo y reforzar el emprendimiento, un aspecto en el cual la comarca presenta un importante margen de mejora.<\/p>\n<p>Los elevados niveles de consumo de recursos y de generaci\u00f3n de residuos por parte del tejido productivo y de la poblaci\u00f3n ponen en evidencia la necesidad de desarrollar el sector de las actividades relacionadas con la conservaci\u00f3n del medio ambiente. Actividades como el reciclaje, la instalaci\u00f3n de fondo de energ\u00eda renovables, la mejora de la eficiencia energ\u00e9tica o el impulso de la econom\u00eda circular son actividades que mejorar\u00edan la sostenibilidad del modelo de desarrollo del Alt Pened\u00e8s en el medio y largo plazo.<\/p>\n<p><span style=\"color: #c1002b;\"><strong>Baix Pened\u00e8s<\/strong><\/span><\/p>\n<p>Durante el 2020 la competitividad de las comarcas catalanas ha registrado un adelanto muy escaso, con una variaci\u00f3n mediana de tan solo 0,7 puntos. Esto ha hecho que todo y el estancamiento registrado por el Baix Pened\u00e8s, la comarca haya estado capaz de mantener la 17.\u00aa posici\u00f3n lograda durante el 2019. Una posici\u00f3n que es, de hecho, la m\u00e1s elevada desde el 2015.<\/p>\n<p>El Baix Pened\u00e8s contin\u00faa registrando el crecimiento demogr\u00e1fico m\u00e1s grande de Catalu\u00f1a, una din\u00e1mica que incluso se podr\u00eda ver acelerada por los nuevos flujos de poblaci\u00f3n de las grandes ciudades hacia los municipios m\u00e1s peque\u00f1os que est\u00e1 generando la covid-19. A pesar de tener aspectos positivos en cuanto al incremento del mercado interno, este crecimiento demogr\u00e1fico puede tener efectos negativos si no se acompa\u00f1a de una apuesta por la atracci\u00f3n y generaci\u00f3n de nuevas actividades econ\u00f3micas capaces de generar un n\u00famero suficiente de oportunidades laborales en la comarca. Profundizar en la especializaci\u00f3n residencial del Baix Pened\u00e8s har\u00e1 todav\u00eda m\u00e1s graves los problemas de paro que sufre la comarca.<\/p>\n<p>La localizaci\u00f3n de la comarca a un enclave estrat\u00e9gico y la disponibilidad de suelo destinado a la actividad econ\u00f3mica pueden ser los elementos centrales de una estrategia de atracci\u00f3n y de apoyo a la creaci\u00f3n de nuevas iniciativas empresariales del \u00e1mbito de las comunicaciones, la consultor\u00eda, el marketing o la digitalizaci\u00f3n. Esto har\u00eda posible no solo la creaci\u00f3n de nuevas oportunidades laborales en la comarca, sino tambi\u00e9n la creaci\u00f3n de un ecosistema que refuerce la competitividad del tejido empresarial local. La viabilidad de esta estrategia tambi\u00e9n depender\u00e1 de la existencia de mano de obra cualificada, es por eso que hay que acompa\u00f1ar el impulso del emprendimiento y la atracci\u00f3n de nuevas empresas con el abordaje de la formaci\u00f3n y del seguimiento de los estudios por parte de la juventud y de la recalificaci\u00f3n de la poblaci\u00f3n desocupada.<\/p>\n<p>Ante las caracter\u00edsticas del tipo de asentamiento residencial que ha predominado durante las \u00faltimas d\u00e9cadas en el Baix Pened\u00e8s, hay que poner en marcha pol\u00edticas innovadoras que hagan frente a los retos del consumo de agua, de la generaci\u00f3n y la gesti\u00f3n de residuos y de la movilidad, para reducir el impacto ambiental y garantizar el acceso al mercado laboral en toda la poblaci\u00f3n sin que esta dependa del veh\u00edculo privado.<\/p>\n<p><span style=\"color: #c1002b;\"><strong>Garraf<\/strong><\/span><\/p>\n<p>El 2020 ha vuelto a situar el Garraf en la 9.\u00aa posici\u00f3n perdida durante el 2019. El incremento de 0,8 puntos del \u00cdndice de Competitividad y Sostenibilidad ha hecho que la comarca se mantuviera por encima del Baix Camp, su competidor m\u00e1s directo, y que se acercara al Maresme, que actualmente ocupa el 8.\u00ba lugar de la clasificaci\u00f3n. Con esta novena posici\u00f3n la comarca vuelve a su mejor clasificaci\u00f3n, lograda por primera vez el 2015, consolid\u00e1ndose c\u00f3mo una de las comarcas m\u00e1s competitivas de Catalu\u00f1a.<\/p>\n<p>C\u00f3mo se ha apuntado en ediciones anteriores, el actual modelo de desarrollo urbano que est\u00e1 siguiendo la comarca est\u00e1 generando una creciente especializaci\u00f3n residencial de baja densidad que tiene graves consecuencias tanto sobre el medio ambiente como sobre el tejido social y productivo del Garraf. La competencia entre los usos productivos y residenciales por el escaso espacio disponible est\u00e1 comportando el encarecimiento del precio y, por lo tanto, dificultando la llegada y el surgimiento de actividad econ\u00f3mica, que no genera rentas del suelo tan elevadas como las de la construcci\u00f3n de viviendas. La construcci\u00f3n de viviendas est\u00e1, pues, consumiendo uno de los recursos m\u00e1s escasos de la comarca, sin un retorno adecuado a medio y largo plazo. Hace falta que el Garraf repiense su modelo de desarrollo, preservando espacios para la actividad econ\u00f3mica. Esto permitir\u00eda acoger nueva actividad econ\u00f3mica capaz de generar oportunidades laborales y reducir los actuales niveles de desocupaci\u00f3n que sufre la comarca. Tambi\u00e9n hay que poner en marcha medidas innovadoras para reducir los consumos de agua y energ\u00eda y la generaci\u00f3n de residuos de las urbanizaciones, as\u00ed como planes de movilidad que garanticen la accesibilidad en toda la poblaci\u00f3n reduciendo la dependencia del veh\u00edculo privado.<\/p>\n<p>Otro aspecto capital es lo del seguimiento de los estudios post-obligatorios por parte de la juventud. El bajo nivel actual de matriculaci\u00f3n en los estudios de especializaci\u00f3n puede acabar generando desequilibrios importantes en los pr\u00f3ximos a\u00f1os. Hay que revisar la oferta y la demanda formativa actual para incentivar a las personas j\u00f3venes a seguir cursando estudios superiores. Finalmente, hay que impulsar el autoempleo como medida alternativa al paro por determinados colectivos, as\u00ed como reforzar la atracci\u00f3n y el impulso a la creaci\u00f3n de nuevas iniciativas empresariales intensivas en conocimiento y tecnolog\u00eda que doten en la comarca de un entorno productivo competitivo. Para que esto sea posible el Garraf cuenta con una poblaci\u00f3n con un elevado nivel formativo que actualmente depende de los mercados laborales otras comarcas. De este modo ser\u00eda posible retener en esta poblaci\u00f3n que actualmente entra y sale de la comarca diariamente.[\/vc_column_text]<div class=\"spacer\" style=\"height: 20px;\"><\/div>[\/vc_column][\/vc_row][vc_row][vc_column width=\u00bb1\/6&#8243;][\/vc_column][vc_column width=\u00bb2\/3&#8243;]<a href=\"https:\/\/www.foment.com\/wp-content\/uploads\/2021\/09\/Index-FEGP-2021-1.pdf\" target=\"_self\" class=\"button color-3 large \" style=\"border-radius: 8px;\">\u00cdndex FEGP de competitivitat i sostenibilitat 2021<\/a>[\/vc_column][vc_column width=\u00bb1\/6&#8243;][\/vc_column][\/vc_row]<\/p>\n<\/section>","protected":false},"excerpt":{"rendered":"<p>[vc_row][vc_column][vc_column_text] La edici\u00f3n de este a\u00f1o quiere centrarse en cuatro aspectos centrales: la comprensi\u00f3n de los factores que han determinado el grado de afectaci\u00f3n de las econom\u00edas comarcales; el nivel de recuperaci\u00f3n de estas econom\u00edas y los\u00a0 elementos que influyen; las potencialidades con las cuales cuenta cada territorio para lograr mejores modelos de desarrollo y las nuevas din\u00e1micas y tendencias que puedan estar emergiendo de un choque como el causado por la covid-19. Teniendo en cuenta la situaci\u00f3n de cambio acelerado en la que nos encontramos y que los datos del \u00cdndice hacen referencia en 2020, en esta edici\u00f3n se ha querido introducir un apartado con datos actualizados que permitan conocer el grado de recuperaci\u00f3n econ\u00f3mica de las comarcas catalanas. El cap\u00edtulo \u201cEl impacto de la covid-19\u201d analiza con datos desestacionalitzades la variaci\u00f3n de la ocupaci\u00f3n y el paro entre los meses de febrero del 2020 y junio del 2021. As\u00ed pues, es posible saber cu\u00e1ntos puestos de trabajo tiene que recuperar cada comarca y cuando paro tiene que reducir para lograr una situaci\u00f3n similar a la que se encontraba en los momentos previos al inicio de la crisis. La 17a edici\u00f3n del \u00cdndice FEGP de Competitividad y Sostenibilidad comarcal [&hellip;]<\/p>\n","protected":false},"author":10,"featured_media":126774,"comment_status":"closed","ping_status":"closed","sticky":false,"template":"","format":"standard","meta":{"_links_to":"","_links_to_target":""},"categories":[114,69,5714],"tags":[6944,7746],"acf":[],"wps_subtitle":"La pandemia ha representado un revulsivo para la mejora competitiva de las comarcas catalanas, registr\u00e1ndose mejoras en la mayor\u00eda de las dimensiones e indicadores","_links":{"self":[{"href":"https:\/\/www.foment.com\/es\/wp-json\/wp\/v2\/posts\/126764"}],"collection":[{"href":"https:\/\/www.foment.com\/es\/wp-json\/wp\/v2\/posts"}],"about":[{"href":"https:\/\/www.foment.com\/es\/wp-json\/wp\/v2\/types\/post"}],"author":[{"embeddable":true,"href":"https:\/\/www.foment.com\/es\/wp-json\/wp\/v2\/users\/10"}],"replies":[{"embeddable":true,"href":"https:\/\/www.foment.com\/es\/wp-json\/wp\/v2\/comments?post=126764"}],"version-history":[{"count":3,"href":"https:\/\/www.foment.com\/es\/wp-json\/wp\/v2\/posts\/126764\/revisions"}],"predecessor-version":[{"id":126785,"href":"https:\/\/www.foment.com\/es\/wp-json\/wp\/v2\/posts\/126764\/revisions\/126785"}],"wp:featuredmedia":[{"embeddable":true,"href":"https:\/\/www.foment.com\/es\/wp-json\/wp\/v2\/media\/126774"}],"wp:attachment":[{"href":"https:\/\/www.foment.com\/es\/wp-json\/wp\/v2\/media?parent=126764"}],"wp:term":[{"taxonomy":"category","embeddable":true,"href":"https:\/\/www.foment.com\/es\/wp-json\/wp\/v2\/categories?post=126764"},{"taxonomy":"post_tag","embeddable":true,"href":"https:\/\/www.foment.com\/es\/wp-json\/wp\/v2\/tags?post=126764"}],"curies":[{"name":"wp","href":"https:\/\/api.w.org\/{rel}","templated":true}]}}