{"id":127298,"date":"2021-09-29T18:51:51","date_gmt":"2021-09-29T16:51:51","guid":{"rendered":"https:\/\/www.foment.com\/estrena-nova-web-guanyar-visibilitat-rellevancia-proximitat\/"},"modified":"2021-09-29T19:18:30","modified_gmt":"2021-09-29T17:18:30","slug":"estrena-nueva-web-ganar-visibilidad-relevancia-proximidad","status":"publish","type":"post","link":"https:\/\/www.foment.com\/es\/estrena-nueva-web-ganar-visibilidad-relevancia-proximidad\/","title":{"rendered":"Foment estrena nueva web para ganar m\u00e1s visibilidad, relevancia y proximidad"},"content":{"rendered":"<section class=\"wpb-content-wrapper\"><p>[vc_row][vc_column][vc_column_text]El presidente de Foment del Treball,<strong> Josep S\u00e1nchez Llibre<\/strong>, ha presentado la nueva web de la patronal a trav\u00e9s de un video donde ha remarcado los beneficios y mejoras del nuevo espacio, y la necesidad de aplicar una estrategia de renovaci\u00f3n constante, para ser una entidad m\u00e1s din\u00e1mica, actual y emprendedora:<\/p>\n<p>\u00abDesde Foment del Treball seguimos avanzando en uno de nuestros principales objetivos, el de modernizar la entidad. En este sentido, con mucha ilusi\u00f3n, hoy puedo anunciar que estrenamos una nueva p\u00e1gina web que nos aportar\u00e1 m\u00e1s visibilidad, m\u00e1s relevancia, y m\u00e1s proximidad.<\/p>\n<p>Foment es un referente hist\u00f3rico, y nos sentimos profundamente orgullosos de poder celebrar este a\u00f1o el 250 aniversario de la instituci\u00f3n. 250 a\u00f1os impulsando la iniciativa empresarial, compartiendo conocimiento, y defendiendo el valor social del empresario.<\/p>\n<p>Pero somos mucho m\u00e1s que la patronal m\u00e1s antigua de Europa, hemos demostrado que somos claves en el desarrollo econ\u00f3mico y social de Catalu\u00f1a. Y para seguir haci\u00e9ndolo, no dejaremos de estar inmersos en un proceso de renovaci\u00f3n constante, para ser una entidad m\u00e1s din\u00e1mica, actual y emprendedora.<\/p>\n<p>Porque en esta nueva era digital que estamos viviendo, hemos visto como la tecnolog\u00eda ha hecho posible que nuestra entidad est\u00e9 junto a nuestros socios cuando m\u00e1s nos necesitan.<\/p>\n<p>As\u00ed que, solo me queda invitaros a visitar la nueva web, donde encontrar\u00e9is toda la actualidad econ\u00f3mica con videos, entrevistas, informes&#8230;; adem\u00e1s de una ampl\u00eda agenda de webinars y acontecimientos donde potenciar el networking entre empresas y debatir los temas que m\u00e1s afectan a la sociedad. Todos estos recursos y m\u00e1s, con una experiencia de navegaci\u00f3n m\u00e1s \u00e1gil y participativa.<\/p>\n<p>Somos conscientes de que vivimos momentos de constantes cambios y transformaciones, y Foment estar\u00e1 a la altura. Por eso, seguiremos participando de manera clara y directa en este apasionante viaje hacia la digitalizaci\u00f3n\u00bb<em>.<\/em>[\/vc_column_text]<div class=\"video-embed  wpb_content_element\"><iframe title=\"Josep S\u00e1nchez Llibre, president de Foment del Treball, presenta la nova p\u00e0gina de l&#039;entitat.\" width=\"1161\" height=\"653\" src=\"https:\/\/www.youtube.com\/embed\/BxBjt91ODPU?feature=oembed\" frameborder=\"0\" allow=\"accelerometer; autoplay; clipboard-write; encrypted-media; gyroscope; picture-in-picture; web-share\" referrerpolicy=\"strict-origin-when-cross-origin\" allowfullscreen><\/iframe><\/div>[\/vc_column][\/vc_row]<\/p>\n<\/section>","protected":false},"excerpt":{"rendered":"<p>[vc_row][vc_column][vc_column_text]El presidente de Foment del Treball, Josep S\u00e1nchez Llibre, ha presentado la nueva web de la patronal a trav\u00e9s de un video donde ha remarcado los beneficios y mejoras del nuevo espacio, y la necesidad de aplicar una estrategia de renovaci\u00f3n constante, para ser una entidad m\u00e1s din\u00e1mica, actual y emprendedora: \u00abDesde Foment del Treball seguimos avanzando en uno de nuestros principales objetivos, el de modernizar la entidad. En este sentido, con mucha ilusi\u00f3n, hoy puedo anunciar que estrenamos una nueva p\u00e1gina web que nos aportar\u00e1 m\u00e1s visibilidad, m\u00e1s relevancia, y m\u00e1s proximidad. Foment es un referente hist\u00f3rico, y nos sentimos profundamente orgullosos de poder celebrar este a\u00f1o el 250 aniversario de la instituci\u00f3n. 250 a\u00f1os impulsando la iniciativa empresarial, compartiendo conocimiento, y defendiendo el valor social del empresario. Pero somos mucho m\u00e1s que la patronal m\u00e1s antigua de Europa, hemos demostrado que somos claves en el desarrollo econ\u00f3mico y social de Catalu\u00f1a. Y para seguir haci\u00e9ndolo, no dejaremos de estar inmersos en un proceso de renovaci\u00f3n constante, para ser una entidad m\u00e1s din\u00e1mica, actual y emprendedora. Porque en esta nueva era digital que estamos viviendo, hemos visto como la tecnolog\u00eda ha hecho posible que nuestra entidad est\u00e9 junto a [&hellip;]<\/p>\n","protected":false},"author":10,"featured_media":127294,"comment_status":"closed","ping_status":"closed","sticky":false,"template":"","format":"standard","meta":{"_links_to":"","_links_to_target":""},"categories":[114,68],"tags":[5693,5697,5694,5698,5695,5699,5700,5696],"acf":[],"wps_subtitle":"Con una oferta m\u00e1s ampl\u00eda de\u00a0recursos audiovisuales y\u00a0una experiencia de navegaci\u00f3n m\u00e1s \u00e1gil y participativa","_links":{"self":[{"href":"https:\/\/www.foment.com\/es\/wp-json\/wp\/v2\/posts\/127298"}],"collection":[{"href":"https:\/\/www.foment.com\/es\/wp-json\/wp\/v2\/posts"}],"about":[{"href":"https:\/\/www.foment.com\/es\/wp-json\/wp\/v2\/types\/post"}],"author":[{"embeddable":true,"href":"https:\/\/www.foment.com\/es\/wp-json\/wp\/v2\/users\/10"}],"replies":[{"embeddable":true,"href":"https:\/\/www.foment.com\/es\/wp-json\/wp\/v2\/comments?post=127298"}],"version-history":[{"count":5,"href":"https:\/\/www.foment.com\/es\/wp-json\/wp\/v2\/posts\/127298\/revisions"}],"predecessor-version":[{"id":127304,"href":"https:\/\/www.foment.com\/es\/wp-json\/wp\/v2\/posts\/127298\/revisions\/127304"}],"wp:featuredmedia":[{"embeddable":true,"href":"https:\/\/www.foment.com\/es\/wp-json\/wp\/v2\/media\/127294"}],"wp:attachment":[{"href":"https:\/\/www.foment.com\/es\/wp-json\/wp\/v2\/media?parent=127298"}],"wp:term":[{"taxonomy":"category","embeddable":true,"href":"https:\/\/www.foment.com\/es\/wp-json\/wp\/v2\/categories?post=127298"},{"taxonomy":"post_tag","embeddable":true,"href":"https:\/\/www.foment.com\/es\/wp-json\/wp\/v2\/tags?post=127298"}],"curies":[{"name":"wp","href":"https:\/\/api.w.org\/{rel}","templated":true}]}}