{"id":127379,"date":"2021-09-30T12:05:27","date_gmt":"2021-09-30T10:05:27","guid":{"rendered":"https:\/\/www.foment.com\/?p=127379"},"modified":"2021-10-01T11:31:14","modified_gmt":"2021-10-01T09:31:14","slug":"entrega-medalla-conmemorativa-250-aniversario-xacobeo","status":"publish","type":"post","link":"https:\/\/www.foment.com\/es\/entrega-medalla-conmemorativa-250-aniversario-xacobeo\/","title":{"rendered":"Foment del Treball entrega la medalla conmemorativa de su 250 aniversario al Xacobeo"},"content":{"rendered":"<section class=\"wpb-content-wrapper\"><p>[vc_row][vc_column][vc_column_text]El presidente de Foment del Treball, Josep S\u00e1nchez Llibre, ha entregado hoy jueves una de las siete medallas conmemorativas del 250 aniversario de la instituci\u00f3n al Xacobeo por su importante aportaci\u00f3n al turismo de calidad, a la cultura y la econom\u00eda.<\/p>\n<p>En su intervenci\u00f3n, <strong>Josep S\u00e1nchez Llibre ha querido destacar con este premio la importancia de la industria tur\u00edstica en la econom\u00eda espa\u00f1ola. El presidente de Foment ha remarcado que \u00abhay que hacer un esfuerzo para recuperar los efectos negativos que la pandemia ha comportado en este sector\u00bb.<\/strong><\/p>\n<p><iframe loading=\"lazy\" title=\"YouTube video player\" src=\"https:\/\/www.youtube.com\/embed\/fcny1_VcN9k\" width=\"560\" height=\"315\" frameborder=\"0\" allowfullscreen=\"allowfullscreen\"><\/iframe><\/p>\n<p>S\u00e1nchez Llibre ha subrayado que \u00abel turismo es nuestra primera industria. Hay que hacer todo lo posible para volver a situar este importante sector en primer\u00edsima l\u00ednea. Es aqu\u00ed donde vale la pena resaltar y reconocer lo que aporta el Xacobeo con sus muchas dimensiones\u00bb. \u201cEs una realidad de \u00e9xito mundial y, tambi\u00e9n, un modelo de \u00e9xito econ\u00f3mico\u201d \u2013ha a\u00f1adido. Y ha afirmado que, en el \u00e1mbito del turismo internacional, \u201ctenemos muchas posibilidades de futuro en la proyecci\u00f3n cultural del pa\u00eds\u201d.<\/p>\n<p>El presidente de Fomento ha remarcado, tambi\u00e9n, \u00abla diversidad cultural paisaj\u00edstica, monumental y gastron\u00f3mica del conjunto de Espa\u00f1a como un gran activo que hay que poner en valor\u00bb y afirm\u00f3 que \u00abhay que evitar que la pol\u00edtica lo reduzca a agravios comparativos\u00bb.<\/p>\n<p>Josep S\u00e1nchez Llibre ha alertado sobre las corrientes econ\u00f3micas que defienden el decrecimiento como un \u00abriesgo para la econom\u00eda y para la financiaci\u00f3n de las pol\u00edticas sociales\u00bb.<\/p>\n<p>Finalmente, el presidente de Foment del Treball ha destacado \u201cla aportaci\u00f3n a la econom\u00eda catalana de muchos empresarios gallegos afincados en Catalu\u00f1a que, adem\u00e1s, se han implicado, y mucho, en instituciones de la vida econ\u00f3mica catalana\u201d. Josep S\u00e1nchez Llibre ha querido hacer un \u201creconocimiento a la colonia gallega de Catalu\u00f1a, presente en muchas ciudades catalanas con entidades culturales que quieren mantener viva su identidad gallega, lo que les horna y aporta al conjunto de catalanes mucha riqueza cultural\u201d.<\/p>\n<p>Las dos primeras Medallas de Honor de Fomento del Trabajo se entregaron el pasado mes de junio en el editor Javier God\u00f3 y al primer ministro italiano Mario Draghi. Tambi\u00e9n se entregar\u00e1n a John Hoffman, director de la GSMA, a Isidro Fain\u00e9, presidente de la Fundaci\u00f3n La Caixa, la Asociaci\u00f3n Industria Textil Algodonera y a Susan \u00abZanny\u00bb Minton Beddoes, editora de Thee Economist.[\/vc_column_text]<div class=\"flexslider wpb_content_element\"><ul class=\"slides\"><li><img src=\"https:\/\/www.foment.com\/wp-content\/uploads\/2021\/09\/Foro-la-Toja_30S-545.jpg\" alt=\"\" \/><\/li><li><img src=\"https:\/\/www.foment.com\/wp-content\/uploads\/2021\/09\/Foro-la-Toja_30S-547.jpg\" alt=\"\" \/><\/li><li><img src=\"https:\/\/www.foment.com\/wp-content\/uploads\/2021\/09\/Foro-la-Toja_30S-550.jpg\" alt=\"\" \/><\/li><li><img src=\"https:\/\/www.foment.com\/wp-content\/uploads\/2021\/09\/Foro-la-Toja_30S-555.jpg\" alt=\"\" \/><\/li><\/ul><\/div><div class=\"video-embed  wpb_content_element\"><iframe title=\"Foment del Treball entrega la medalla conmemorativa de su 250 aniversario al Xacobeo\" width=\"1161\" height=\"653\" src=\"https:\/\/www.youtube.com\/embed\/j22fRqtjYiE?feature=oembed\" frameborder=\"0\" allow=\"accelerometer; autoplay; clipboard-write; encrypted-media; gyroscope; picture-in-picture; web-share\" referrerpolicy=\"strict-origin-when-cross-origin\" allowfullscreen><\/iframe><\/div>[\/vc_column][\/vc_row]<\/p>\n<\/section>","protected":false},"excerpt":{"rendered":"<p>[vc_row][vc_column][vc_column_text]El presidente de Foment del Treball, Josep S\u00e1nchez Llibre, ha entregado hoy jueves una de las siete medallas conmemorativas del 250 aniversario de la instituci\u00f3n al Xacobeo por su importante aportaci\u00f3n al turismo de calidad, a la cultura y la econom\u00eda. En su intervenci\u00f3n, Josep S\u00e1nchez Llibre ha querido destacar con este premio la importancia de la industria tur\u00edstica en la econom\u00eda espa\u00f1ola. El presidente de Foment ha remarcado que \u00abhay que hacer un esfuerzo para recuperar los efectos negativos que la pandemia ha comportado en este sector\u00bb. S\u00e1nchez Llibre ha subrayado que \u00abel turismo es nuestra primera industria. Hay que hacer todo lo posible para volver a situar este importante sector en primer\u00edsima l\u00ednea. Es aqu\u00ed donde vale la pena resaltar y reconocer lo que aporta el Xacobeo con sus muchas dimensiones\u00bb. \u201cEs una realidad de \u00e9xito mundial y, tambi\u00e9n, un modelo de \u00e9xito econ\u00f3mico\u201d \u2013ha a\u00f1adido. Y ha afirmado que, en el \u00e1mbito del turismo internacional, \u201ctenemos muchas posibilidades de futuro en la proyecci\u00f3n cultural del pa\u00eds\u201d. El presidente de Fomento ha remarcado, tambi\u00e9n, \u00abla diversidad cultural paisaj\u00edstica, monumental y gastron\u00f3mica del conjunto de Espa\u00f1a como un gran activo que hay que poner en valor\u00bb y afirm\u00f3 que [&hellip;]<\/p>\n","protected":false},"author":10,"featured_media":127470,"comment_status":"closed","ping_status":"closed","sticky":false,"template":"","format":"standard","meta":{"_links_to":"","_links_to_target":""},"categories":[114,68,5714],"tags":[5679,5685,5661,5680,5702,4026,4025,5663,5664],"acf":[],"wps_subtitle":"El presidente de la Xunta de Gal\u00edcia, Alberto N\u00fa\u00f1ez Feij\u00f3o, ha recogido la distinci\u00f3n","_links":{"self":[{"href":"https:\/\/www.foment.com\/es\/wp-json\/wp\/v2\/posts\/127379"}],"collection":[{"href":"https:\/\/www.foment.com\/es\/wp-json\/wp\/v2\/posts"}],"about":[{"href":"https:\/\/www.foment.com\/es\/wp-json\/wp\/v2\/types\/post"}],"author":[{"embeddable":true,"href":"https:\/\/www.foment.com\/es\/wp-json\/wp\/v2\/users\/10"}],"replies":[{"embeddable":true,"href":"https:\/\/www.foment.com\/es\/wp-json\/wp\/v2\/comments?post=127379"}],"version-history":[{"count":9,"href":"https:\/\/www.foment.com\/es\/wp-json\/wp\/v2\/posts\/127379\/revisions"}],"predecessor-version":[{"id":127539,"href":"https:\/\/www.foment.com\/es\/wp-json\/wp\/v2\/posts\/127379\/revisions\/127539"}],"wp:featuredmedia":[{"embeddable":true,"href":"https:\/\/www.foment.com\/es\/wp-json\/wp\/v2\/media\/127470"}],"wp:attachment":[{"href":"https:\/\/www.foment.com\/es\/wp-json\/wp\/v2\/media?parent=127379"}],"wp:term":[{"taxonomy":"category","embeddable":true,"href":"https:\/\/www.foment.com\/es\/wp-json\/wp\/v2\/categories?post=127379"},{"taxonomy":"post_tag","embeddable":true,"href":"https:\/\/www.foment.com\/es\/wp-json\/wp\/v2\/tags?post=127379"}],"curies":[{"name":"wp","href":"https:\/\/api.w.org\/{rel}","templated":true}]}}