{"id":127760,"date":"2021-10-04T11:49:54","date_gmt":"2021-10-04T09:49:54","guid":{"rendered":"https:\/\/www.foment.com\/?p=127760"},"modified":"2021-10-04T12:37:58","modified_gmt":"2021-10-04T10:37:58","slug":"foment-considera-proximos-meses-relevantes-para-ocupacion-y-afectacion-erte","status":"publish","type":"post","link":"https:\/\/www.foment.com\/es\/foment-considera-proximos-meses-relevantes-para-ocupacion-y-afectacion-erte\/","title":{"rendered":"Foment considera los pr\u00f3ximos meses ser\u00e1n relevantes para la ocupaci\u00f3n y para la afectaci\u00f3n de los ERTE"},"content":{"rendered":"<ul>\n<li><strong>Foment del Treball valora positivamente los datos de afiliaci\u00f3n y paro correspondientes al mes de septiembre,\u00a0aunque se mantienen los efectos negativos de la pandemia.<\/strong><\/li>\n<\/ul>\n<p>&nbsp;<\/p>\n<p>El n\u00famero de desempleados en Catalu\u00f1a disminuy\u00f3 en el mes de septiembre en 12.658 personas (-3,24%) respecto al mes anterior. En t\u00e9rminos interanuales, el paro registrado ha descendido en 99.731 (-20,86%). Se trata de la mayor ca\u00edda del paro registrado a nivel interanual en un mes de septiembre de toda la serie hist\u00f3rica. Desde febrero, el paro acumula ya una reducci\u00f3n de 750.987 personas a nivel estatal y 133.820 en Catalu\u00f1a. Respecto a la contrataci\u00f3n, se han efectuado m\u00e1s contratos que el mes anterior (77.834 contratos m\u00e1s), y se mantiene la dualidad entre los contratos temporales que representan el 83,56%, y los indefinidos que representan el 16,44% del total de contratos realizados en este mes.<\/p>\n<p>Foment del Treball valora positivamente los datos de afiliaci\u00f3n y paro correspondientes al mes de septiembre, si bien se han de matizar puesto que las comparativas se realizan con per\u00edodos con datos excepcionalmente negativos por los efectos de la pandemia y porque todav\u00eda existen cifras relevantes de trabajadores afectados por ERTES o aut\u00f3nomos con actividad reducida, que, sin embargo, estad\u00edsticamente se computan como afiliados.<\/p>\n<p>Todav\u00eda existen sectores con comportamientos negativos en t\u00e9rminos de empleo como consecuencia de los efectos de la pandemia. Los pr\u00f3ximos meses ser\u00e1n relevantes para valorar la tendencia del empleo y de la afectaci\u00f3n de los ERTES especialmente en determinados sectores.<\/p>\n<p>&nbsp;<\/p>\n<p><a href=\"https:\/\/www.foment.com\/wp-content\/uploads\/2021\/10\/1.png\"><img loading=\"lazy\" class=\"aligncenter wp-image-127777\" src=\"https:\/\/www.foment.com\/wp-content\/uploads\/2021\/10\/1.png\" alt=\"\" width=\"649\" height=\"310\" \/><\/a><\/p>\n<p style=\"text-align: center;\"><span style=\"font-size: 8pt;\">Fuente: elaboraci\u00f3n propia a partir de los datos del Ministerio de Trabajo y Econom\u00eda Social<\/span><\/p>\n<p>&nbsp;<\/p>\n<p>La cifra del paro registrado en Catalu\u00f1a se sit\u00faa en 378.470 personas desempleadas.<\/p>\n<p>El descenso,<strong><u> en t\u00e9rminos interanuales<\/u><\/strong>, del paro registrado del 20,86% supone 99.731 personas menos desempleadas en relaci\u00f3n al mismo mes del a\u00f1o anterior. En este sentido hemos pasado de variaciones interanuales en el mes de septiembre de 2020 del 28,33% al -20,86% este mes de septiembre de 2021.<\/p>\n<p>&nbsp;<\/p>\n<p><a href=\"https:\/\/www.foment.com\/wp-content\/uploads\/2021\/10\/grafico1.png\"><img loading=\"lazy\" class=\"aligncenter wp-image-127765\" src=\"https:\/\/www.foment.com\/wp-content\/uploads\/2021\/10\/grafico1.png\" alt=\"\" width=\"649\" height=\"308\" srcset=\"https:\/\/www.foment.com\/wp-content\/uploads\/2021\/10\/grafico1.png 921w, https:\/\/www.foment.com\/wp-content\/uploads\/2021\/10\/grafico1-300x142.png 300w, https:\/\/www.foment.com\/wp-content\/uploads\/2021\/10\/grafico1-768x363.png 768w\" sizes=\"(max-width: 649px) 100vw, 649px\" \/><\/a><\/p>\n<p style=\"text-align: center;\"><span style=\"font-size: 8pt;\">Fuente: elaboraci\u00f3n propia a partir de los datos del Ministerio de Trabajo y Econom\u00eda Social<\/span><\/p>\n<p>&nbsp;<\/p>\n<p>Respecto a la<strong><u> variaci\u00f3n mensual,<\/u><\/strong> en Catalu\u00f1a, en este mes de septiembre de 2021 el paro ha registrado un descenso de 12.658 personas desempleadas menos respecto al mes anterior (una reducci\u00f3n del 3,24% en t\u00e9rminos relativos)<\/p>\n<p>&nbsp;<\/p>\n<p><a href=\"https:\/\/www.foment.com\/wp-content\/uploads\/2021\/10\/valoracion-interanual.png\"><img loading=\"lazy\" class=\"aligncenter wp-image-127768\" src=\"https:\/\/www.foment.com\/wp-content\/uploads\/2021\/10\/valoracion-interanual-1024x487.png\" alt=\"\" width=\"674\" height=\"270\" \/><\/a><\/p>\n<p style=\"text-align: center;\"><span style=\"font-size: 8pt;\">Fuente: elaboraci\u00f3n propia a partir de los datos del Ministerio de Trabajo y Econom\u00eda Social<\/span><\/p>\n<p>El paro ha descendido en los sectores de la industria, construcci\u00f3n y servicios, y en cambio, ha aumentado, en el sector de la agricultura y personas sin empleo anterior. En este sentido, el descenso del paro registrado se concentra en el sector servicios (-10.323), seguido de la construcci\u00f3n (-1.515), y por \u00faltimo, la\u00a0 industria\u00a0\u00a0\u00a0\u00a0\u00a0\u00a0\u00a0\u00a0\u00a0\u00a0\u00a0\u00a0\u00a0\u00a0\u00a0\u00a0\u00a0\u00a0\u00a0\u00a0\u00a0\u00a0\u00a0\u00a0\u00a0\u00a0\u00a0\u00a0\u00a0\u00a0\u00a0\u00a0\u00a0\u00a0\u00a0\u00a0\u00a0 (-1.154). En agricultura el paro se ha incrementado en 300 personas, y en personas sin empleo anterior en 34 personas.<\/p>\n<p>Por provincias, el paro registrado se ha reducido en todas las provincias catalanas, menos en Lleida. Concretamente, en Barcelona ha descendido en 12.448 personas, en Girona en 207 personas y en\u00a0 Tarragona en 219. En Lleida el paro registrado se ha incrementado en 216 personas. En t\u00e9rminos interanuales, el paro disminuye en un 21,17% en Barcelona, en un 21,63% en Girona, en un 17,02% en Lleida y en un 19,94% en Tarragona.<\/p>\n<p>El paro registrado en cada provincia se sit\u00faa este mes de septiembre en 276.360 en Barcelona, 35.469 en Girona, 20.209 en Lleida y 46.432 en Tarragona.<\/p>\n<p><strong><u>Contrataci\u00f3n.<\/u><\/strong> Respecto al n\u00famero de contratos registrados durante el mes de septiembre en Catalu\u00f1a, el n\u00famero de contratos se sit\u00faa en 279.414 contratos, de los cuales 16,44% (45.945 contratos) lo han sido de car\u00e1cter indefinido, y el resto (83,56%, es decir, 233.469 contratos) han sido temporales. El n\u00famero de contratos registrados en Catalu\u00f1a se ha incrementado en un 38,61% respecto al mes anterior (77.834 contratos menos) y han aumentado en un 28,95% respecto al mes de septiembre de 2020 (62.722 contratos m\u00e1s).<\/p>\n<p><u>A nivel estatal<\/u> el paro registrado ha descendido en 76.113 personas en relaci\u00f3n al mes anterior (-2,28 %). La cifra de paro a nivel estatal se sit\u00faa en el mes de septiembre de 2021 en 3.257.802 personas\u00a0 (-13,73% en t\u00e9rminos anuales).<\/p>\n<p><strong><u>Afiliaci\u00f3n<\/u><\/strong>. En Catalu\u00f1a, el n\u00famero de afiliados a la Seguridad Social se ha situado en el mes de septiembre de 2021 en 3.478.568 ocupados, lo que supone 12.650 ocupados m\u00e1s respecto el mes agosto de 2021 (0,36%), y 125.836 ocupados m\u00e1s respecto al mismo mes del a\u00f1o anterior (3,75%).<\/p>\n<p>&nbsp;<\/p>\n<p style=\"text-align: center;\"><span style=\"font-size: 8pt;\">Fuente: elaboraci\u00f3n propia a partir de los datos del <a href=\"https:\/\/www.foment.com\/wp-content\/uploads\/2021\/10\/variacin-internual-2.png\"><img loading=\"lazy\" class=\"aligncenter wp-image-127771\" src=\"https:\/\/www.foment.com\/wp-content\/uploads\/2021\/10\/variacin-internual-2.png\" alt=\"\" width=\"652\" height=\"321\" \/><\/a>Ministerio de Inclusi\u00f3n, Seguridad Social y Migraciones.<\/span><\/p>\n<p><strong><u>En \u00e1mbito estatal <\/u><\/strong>el n\u00famero de afiliados a la Seguridad Social se ha situado en el mes de septiembre en 19.531.111, lo que supone respecto el mes de agosto de 2021 un incremento de 57.387 (0,29%), y 654.722 ocupados m\u00e1s respecto al mismo mes del a\u00f1o anterior (3,47%).<\/p>\n","protected":false},"excerpt":{"rendered":"<p>Foment del Treball valora positivamente los datos de afiliaci\u00f3n y paro correspondientes al mes de septiembre,\u00a0aunque se mantienen los efectos negativos de la pandemia. &nbsp; El n\u00famero de desempleados en Catalu\u00f1a disminuy\u00f3 en el mes de septiembre en 12.658 personas (-3,24%) respecto al mes anterior. En t\u00e9rminos interanuales, el paro registrado ha descendido en 99.731 (-20,86%). Se trata de la mayor ca\u00edda del paro registrado a nivel interanual en un mes de septiembre de toda la serie hist\u00f3rica. Desde febrero, el paro acumula ya una reducci\u00f3n de 750.987 personas a nivel estatal y 133.820 en Catalu\u00f1a. Respecto a la contrataci\u00f3n, se han efectuado m\u00e1s contratos que el mes anterior (77.834 contratos m\u00e1s), y se mantiene la dualidad entre los contratos temporales que representan el 83,56%, y los indefinidos que representan el 16,44% del total de contratos realizados en este mes. Foment del Treball valora positivamente los datos de afiliaci\u00f3n y paro correspondientes al mes de septiembre, si bien se han de matizar puesto que las comparativas se realizan con per\u00edodos con datos excepcionalmente negativos por los efectos de la pandemia y porque todav\u00eda existen cifras relevantes de trabajadores afectados por ERTES o aut\u00f3nomos con actividad reducida, que, sin embargo, estad\u00edsticamente [&hellip;]<\/p>\n","protected":false},"author":7,"featured_media":127805,"comment_status":"closed","ping_status":"closed","sticky":false,"template":"","format":"standard","meta":{"_links_to":"","_links_to_target":""},"categories":[114,73],"tags":[3101,994,3296,228],"acf":[],"wps_subtitle":"","_links":{"self":[{"href":"https:\/\/www.foment.com\/es\/wp-json\/wp\/v2\/posts\/127760"}],"collection":[{"href":"https:\/\/www.foment.com\/es\/wp-json\/wp\/v2\/posts"}],"about":[{"href":"https:\/\/www.foment.com\/es\/wp-json\/wp\/v2\/types\/post"}],"author":[{"embeddable":true,"href":"https:\/\/www.foment.com\/es\/wp-json\/wp\/v2\/users\/7"}],"replies":[{"embeddable":true,"href":"https:\/\/www.foment.com\/es\/wp-json\/wp\/v2\/comments?post=127760"}],"version-history":[{"count":4,"href":"https:\/\/www.foment.com\/es\/wp-json\/wp\/v2\/posts\/127760\/revisions"}],"predecessor-version":[{"id":127828,"href":"https:\/\/www.foment.com\/es\/wp-json\/wp\/v2\/posts\/127760\/revisions\/127828"}],"wp:featuredmedia":[{"embeddable":true,"href":"https:\/\/www.foment.com\/es\/wp-json\/wp\/v2\/media\/127805"}],"wp:attachment":[{"href":"https:\/\/www.foment.com\/es\/wp-json\/wp\/v2\/media?parent=127760"}],"wp:term":[{"taxonomy":"category","embeddable":true,"href":"https:\/\/www.foment.com\/es\/wp-json\/wp\/v2\/categories?post=127760"},{"taxonomy":"post_tag","embeddable":true,"href":"https:\/\/www.foment.com\/es\/wp-json\/wp\/v2\/tags?post=127760"}],"curies":[{"name":"wp","href":"https:\/\/api.w.org\/{rel}","templated":true}]}}