{"id":129486,"date":"2021-10-19T18:10:23","date_gmt":"2021-10-19T16:10:23","guid":{"rendered":"https:\/\/www.foment.com\/descarbonizacion-nuevas-tendencias-movilidad-forbes-summit-sustainability-barcelona\/"},"modified":"2021-10-19T18:26:27","modified_gmt":"2021-10-19T16:26:27","slug":"descarbonizacion-nuevas-tendencias-movilidad-forbes-summit-sustainability-barcelona","status":"publish","type":"post","link":"https:\/\/www.foment.com\/es\/descarbonizacion-nuevas-tendencias-movilidad-forbes-summit-sustainability-barcelona\/","title":{"rendered":"Descarbonizaci\u00f3n y nuevas tendencias en movilidad: \u00bfcu\u00e1l es el camino?"},"content":{"rendered":"<section class=\"wpb-content-wrapper\"><p>[vc_row][vc_column][vc_column_text]<strong>Forbes<\/strong>\u00a0ha reunido en la primera edici\u00f3n de\u00a0<strong><a href=\"https:\/\/forbessummit.es\/sustainability-2021\/\" target=\"_blank\" rel=\"noreferrer noopener\">Forbes Summit Sustainability Barcelona<\/a><\/strong>\u00a0a distintas personalidades del mundo pol\u00edtico y empresarial\u00a0para analizar las oportunidades y desaf\u00edos que las grandes empresas catalanas tienen en torno a la\u00a0<strong>sostenibilidad<\/strong>\u00a0y la\u00a0<strong>inversi\u00f3n socialmente responsable<\/strong>.<\/p>\n<div>\n<p>Un potencial cuadro de ponentes se ha dado cita en el\u00a0<strong>Gran Teatre del Liceu<\/strong>\u00a0para abordar una jornada que ha contado con\u00a0<strong>EY<\/strong>\u00a0como\u00a0gold partner;\u00a0<strong>Naturgy<\/strong>,\u00a0<strong>Sanitas\u00a0<\/strong>y\u00a0<strong>Agbar<\/strong>\u00a0como\u00a0silver partner, y con Pau Solanillas, fundador de Think Net Sostenibles.Org, y la periodista M\u00f3nica L\u00f3pez como\u00a0curator\u00a0y conductora del evento, respectivamente.<\/p>\n<p>El director de Desarrollo Sostenible de Foment del Treball, <b>Salvador Sed\u00f3<\/b>, ha moderado el panel sobre <strong><em>Descarbonizaci\u00f3n y nuevas tendencias en movilidad: \u00bfcu\u00e1l es el camino?<\/em><\/strong>, formado por\u00a0<strong>Pilar D\u00edaz<\/strong>,\u00a0alcaldesa de Esplugues de Llobregat;\u00a0<strong>Marc Sanglas<\/strong>, director general de Calidad Ambiental y Cambio Clim\u00e1tico de la\u00a0Generalitat;\u00a0<strong>Daniel Serra<\/strong>, director del\u00a0EIT Urban Mobility\u00a0para el sur de Europa; y\u00a0<strong>Miguel Rodr\u00edguez<\/strong>, Comisionado de Agenda 2030 del Ayuntamiento de Barcelona.<\/p>\n<p>Sed\u00f3 ha comenzado el debate recordando que el transporte supone el 25% de las emisiones, por ello \u00abdebemos afrontar el reto de la movilidad y rebajar las emisiones\u00bb.<\/p>\n<p>Para\u00a0D\u00edaz, \u00abel objetivo es conseguir la descarbonizaci\u00f3n de la movilidad en el a\u00f1o 2050\u00bb, un plan al que ya se han adherido 266 municipios de la provincia de Barcelona, asegura la\u00a0alcaldesa de Esplugues de Llobregat.<\/p>\n<p>En opini\u00f3n de\u00a0Sanglas, \u00abhay que fomentar los desplazamientos alternativas del veh\u00edculo privado como ir a pie, la bicicleta o el transporte p\u00fablico. Y es importante apoyar la electrificaci\u00f3n de los mismo\u00bb. Una opini\u00f3n que Rodr\u00edguez apoya: \u00abEs importante apostar por el transporte p\u00fablico, ampliar el Metro y los autobuses. Hay que intentar reducir la movilidad menos sostenible\u00bb.<\/p>\n<p>Serra\u00a0considera que los retos vienen marcados por las ciudades y hay que buscar muchas soluciones, pero con una gran colaboraci\u00f3n p\u00fablico-privada, con la tecnolog\u00eda y la inclusi\u00f3n social.<\/p>\n<p>Adem\u00e1s, tambi\u00e9n se ha debatido en otros paneles sobre si es posible conciliar el desarrollo sostenible y el crecimiento empresarial, c\u00f3mo ser\u00e1n los proyectos transformadores de las ciudades, y cu\u00e1les son los costes de la no acci\u00f3n ante los riesgos clim\u00e1ticos. Todas las conclusiones en este <a href=\"https:\/\/forbes.es\/empresas\/119586\/forbes-summit-sostenibilidad-barcelona-2021\/\">enlace<\/a>.<\/p>\n<p>&nbsp;<\/p>\n<\/div>\n<p>[\/vc_column_text][vc_single_image image=\u00bb129478&#8243; img_size=\u00bblarge\u00bb][\/vc_column][\/vc_row][vc_row][vc_column][vc_column_text]<\/p>\n<p>[\/vc_column_text][\/vc_column][\/vc_row]<\/p>\n<\/section>","protected":false},"excerpt":{"rendered":"<p>[vc_row][vc_column][vc_column_text]Forbes\u00a0ha reunido en la primera edici\u00f3n de\u00a0Forbes Summit Sustainability Barcelona\u00a0a distintas personalidades del mundo pol\u00edtico y empresarial\u00a0para analizar las oportunidades y desaf\u00edos que las grandes empresas catalanas tienen en torno a la\u00a0sostenibilidad\u00a0y la\u00a0inversi\u00f3n socialmente responsable. Un potencial cuadro de ponentes se ha dado cita en el\u00a0Gran Teatre del Liceu\u00a0para abordar una jornada que ha contado con\u00a0EY\u00a0como\u00a0gold partner;\u00a0Naturgy,\u00a0Sanitas\u00a0y\u00a0Agbar\u00a0como\u00a0silver partner, y con Pau Solanillas, fundador de Think Net Sostenibles.Org, y la periodista M\u00f3nica L\u00f3pez como\u00a0curator\u00a0y conductora del evento, respectivamente. El director de Desarrollo Sostenible de Foment del Treball, Salvador Sed\u00f3, ha moderado el panel sobre Descarbonizaci\u00f3n y nuevas tendencias en movilidad: \u00bfcu\u00e1l es el camino?, formado por\u00a0Pilar D\u00edaz,\u00a0alcaldesa de Esplugues de Llobregat;\u00a0Marc Sanglas, director general de Calidad Ambiental y Cambio Clim\u00e1tico de la\u00a0Generalitat;\u00a0Daniel Serra, director del\u00a0EIT Urban Mobility\u00a0para el sur de Europa; y\u00a0Miguel Rodr\u00edguez, Comisionado de Agenda 2030 del Ayuntamiento de Barcelona. Sed\u00f3 ha comenzado el debate recordando que el transporte supone el 25% de las emisiones, por ello \u00abdebemos afrontar el reto de la movilidad y rebajar las emisiones\u00bb. Para\u00a0D\u00edaz, \u00abel objetivo es conseguir la descarbonizaci\u00f3n de la movilidad en el a\u00f1o 2050\u00bb, un plan al que ya se han adherido 266 municipios de la provincia de Barcelona, asegura la\u00a0alcaldesa de [&hellip;]<\/p>\n","protected":false},"author":10,"featured_media":129481,"comment_status":"closed","ping_status":"closed","sticky":false,"template":"","format":"standard","meta":{"_links_to":"","_links_to_target":""},"categories":[114,111,74],"tags":[877,5851,5852,3147,5853,5854],"acf":[],"wps_subtitle":"En el primer Forbes Summit Sustainability Barcelona se han analizado los desaf\u00edos a los que se enfrenta el mercado catal\u00e1n en materia de sostenibilidad","_links":{"self":[{"href":"https:\/\/www.foment.com\/es\/wp-json\/wp\/v2\/posts\/129486"}],"collection":[{"href":"https:\/\/www.foment.com\/es\/wp-json\/wp\/v2\/posts"}],"about":[{"href":"https:\/\/www.foment.com\/es\/wp-json\/wp\/v2\/types\/post"}],"author":[{"embeddable":true,"href":"https:\/\/www.foment.com\/es\/wp-json\/wp\/v2\/users\/10"}],"replies":[{"embeddable":true,"href":"https:\/\/www.foment.com\/es\/wp-json\/wp\/v2\/comments?post=129486"}],"version-history":[{"count":10,"href":"https:\/\/www.foment.com\/es\/wp-json\/wp\/v2\/posts\/129486\/revisions"}],"predecessor-version":[{"id":129504,"href":"https:\/\/www.foment.com\/es\/wp-json\/wp\/v2\/posts\/129486\/revisions\/129504"}],"wp:featuredmedia":[{"embeddable":true,"href":"https:\/\/www.foment.com\/es\/wp-json\/wp\/v2\/media\/129481"}],"wp:attachment":[{"href":"https:\/\/www.foment.com\/es\/wp-json\/wp\/v2\/media?parent=129486"}],"wp:term":[{"taxonomy":"category","embeddable":true,"href":"https:\/\/www.foment.com\/es\/wp-json\/wp\/v2\/categories?post=129486"},{"taxonomy":"post_tag","embeddable":true,"href":"https:\/\/www.foment.com\/es\/wp-json\/wp\/v2\/tags?post=129486"}],"curies":[{"name":"wp","href":"https:\/\/api.w.org\/{rel}","templated":true}]}}