{"id":129901,"date":"2021-10-21T16:15:39","date_gmt":"2021-10-21T14:15:39","guid":{"rendered":"https:\/\/www.foment.com\/vicepresidenta-virginia-guinda-foro-empresarial-abc-politica-energetica\/"},"modified":"2021-10-21T16:31:01","modified_gmt":"2021-10-21T14:31:01","slug":"vicepresidenta-virginia-guinda-foro-empresarial-abc-politica-energetica","status":"publish","type":"post","link":"https:\/\/www.foment.com\/es\/vicepresidenta-virginia-guinda-foro-empresarial-abc-politica-energetica\/","title":{"rendered":"La vicepresidenta de Foment, Virginia Guinda, en el Foro empresarial de ABC sobre pol\u00edtica energ\u00e9tica"},"content":{"rendered":"<p>Las organizaciones empresariales de los principales sectores econ\u00f3micos del pa\u00eds se han dado cita en la sede de ABC para explicar el impacto que est\u00e1 teniendo en las empresas tanto el incremento de los costes de la energ\u00eda como las \u00abprecipitadas\u00bb medidas aprobadas por el Ejecutivo.<\/p>\n<p>Por parte de Foment del Treball, su vicepresidenta, <strong>Virginia Guinda, <\/strong>ha manifestado\u00a0que las soluciones para la electricidad y el gas \u00abson distintas\u00bb. Ha afirmado que \u00abse est\u00e1 poniendo en riesgo la recuperaci\u00f3n econ\u00f3mica porque esta crisis llega en un momento de encarecimiento de las materias primas y los fletes. Sin embargo, las empresas tenemos una capacidad limitada para trasladar la subida de costes a los clientes\u00bb. Ha a\u00f1adido que \u00abha habido precipitaci\u00f3n para abordar los problemas y no es bueno\u00bb.<\/p>\n<p>Guinda ha propuesto una bajada de los impuestos, como el IVA, \u00abque deber\u00eda dejarse en el 5% de forma urgente, tanto en la luz como en el gas. As\u00ed el Gobierno no deja de ingresar y las empresas tienen un poco de ox\u00edgeno\u00bb. Adem\u00e1s ha destacado que una compa\u00f1\u00eda exportadora no puede recuperar el IVA y que existe un problema de solvencia de las empresas. \u00abEl Ejecutivo debe de rectificar el decreto, ya que han cambiado las reglas de juego a las el\u00e9ctricas y estas lo repercuten en los clientes. Debe de haber seguridad jur\u00eddica. El Gobierno debe priorizar la recuperaci\u00f3n econ\u00f3mica\u00bb.<\/p>\n<p>Tambi\u00e9n han participado en el Foro el director general de Confebask, <strong>Eduardo Ar\u00e9chaga<\/strong>; el\u00a0presidente de la Confederaci\u00f3n de Empresarios de la Comunidad Valenciana (CEV), <strong>Salvador Navarro<\/strong>; el presidente de la Confederaci\u00f3n de Empresarios de Andaluc\u00eda (CEA), <strong>Javier Gonz\u00e1lez<\/strong>;\u00a0el\u00a0director de la Asociaci\u00f3n Valenciana de Agricultores AVA\/Asaja, <strong>Jenaro Avi\u00f1\u00f3<\/strong>; el\u00a0secretario general de la Asociaci\u00f3n de Supermercados (Asedas), <strong>Felipe Medina<\/strong>; y el presidente de Pimec, <strong>Antonio Ca\u00f1ete<\/strong>.<\/p>\n<div id=\"_wmass_36920000000298023\">\n<div id=\"jw-9802398023\" class=\"St_jw-9802398023\">\n<p>Todas sus conclusiones en este <a href=\"https:\/\/www.abc.es\/economia\/abci-bajar-queda-bien-telediarios-pero-discrimina-empresas-202110201958_noticia.html\">art\u00edculo de ABC<\/a>.<\/p>\n<\/div>\n<\/div>\n","protected":false},"excerpt":{"rendered":"<p>Las organizaciones empresariales de los principales sectores econ\u00f3micos del pa\u00eds se han dado cita en la sede de ABC para explicar el impacto que est\u00e1 teniendo en las empresas tanto el incremento de los costes de la energ\u00eda como las \u00abprecipitadas\u00bb medidas aprobadas por el Ejecutivo. Por parte de Foment del Treball, su vicepresidenta, Virginia Guinda, ha manifestado\u00a0que las soluciones para la electricidad y el gas \u00abson distintas\u00bb. Ha afirmado que \u00abse est\u00e1 poniendo en riesgo la recuperaci\u00f3n econ\u00f3mica porque esta crisis llega en un momento de encarecimiento de las materias primas y los fletes. Sin embargo, las empresas tenemos una capacidad limitada para trasladar la subida de costes a los clientes\u00bb. Ha a\u00f1adido que \u00abha habido precipitaci\u00f3n para abordar los problemas y no es bueno\u00bb. Guinda ha propuesto una bajada de los impuestos, como el IVA, \u00abque deber\u00eda dejarse en el 5% de forma urgente, tanto en la luz como en el gas. As\u00ed el Gobierno no deja de ingresar y las empresas tienen un poco de ox\u00edgeno\u00bb. Adem\u00e1s ha destacado que una compa\u00f1\u00eda exportadora no puede recuperar el IVA y que existe un problema de solvencia de las empresas. \u00abEl Ejecutivo debe de rectificar el decreto, ya que [&hellip;]<\/p>\n","protected":false},"author":10,"featured_media":129891,"comment_status":"closed","ping_status":"closed","sticky":false,"template":"","format":"standard","meta":{"_links_to":"","_links_to_target":""},"categories":[114,111],"tags":[5883,3744,3741,5882,5881],"acf":[],"wps_subtitle":"Los empresarios expresan en un foro en ABC que \"las decisiones que se toman a corto plazo generan inseguridad jud\u00eddica\"","_links":{"self":[{"href":"https:\/\/www.foment.com\/es\/wp-json\/wp\/v2\/posts\/129901"}],"collection":[{"href":"https:\/\/www.foment.com\/es\/wp-json\/wp\/v2\/posts"}],"about":[{"href":"https:\/\/www.foment.com\/es\/wp-json\/wp\/v2\/types\/post"}],"author":[{"embeddable":true,"href":"https:\/\/www.foment.com\/es\/wp-json\/wp\/v2\/users\/10"}],"replies":[{"embeddable":true,"href":"https:\/\/www.foment.com\/es\/wp-json\/wp\/v2\/comments?post=129901"}],"version-history":[{"count":2,"href":"https:\/\/www.foment.com\/es\/wp-json\/wp\/v2\/posts\/129901\/revisions"}],"predecessor-version":[{"id":129910,"href":"https:\/\/www.foment.com\/es\/wp-json\/wp\/v2\/posts\/129901\/revisions\/129910"}],"wp:featuredmedia":[{"embeddable":true,"href":"https:\/\/www.foment.com\/es\/wp-json\/wp\/v2\/media\/129891"}],"wp:attachment":[{"href":"https:\/\/www.foment.com\/es\/wp-json\/wp\/v2\/media?parent=129901"}],"wp:term":[{"taxonomy":"category","embeddable":true,"href":"https:\/\/www.foment.com\/es\/wp-json\/wp\/v2\/categories?post=129901"},{"taxonomy":"post_tag","embeddable":true,"href":"https:\/\/www.foment.com\/es\/wp-json\/wp\/v2\/tags?post=129901"}],"curies":[{"name":"wp","href":"https:\/\/api.w.org\/{rel}","templated":true}]}}