{"id":130028,"date":"2021-10-22T15:54:56","date_gmt":"2021-10-22T13:54:56","guid":{"rendered":"https:\/\/www.foment.com\/president-reuneix-representants-carrefour\/"},"modified":"2021-10-22T16:45:27","modified_gmt":"2021-10-22T14:45:27","slug":"president-reune-director-regional-catalunya-sur-carrefour","status":"publish","type":"post","link":"https:\/\/www.foment.com\/es\/president-reune-director-regional-catalunya-sur-carrefour\/","title":{"rendered":"El presidente de Foment se re\u00fane con el director regional Catalu\u00f1a Sur de Carrefour"},"content":{"rendered":"<p>El director regional Catalu\u00f1a Sur de Carrefour, <strong>Juan Jos\u00e9 Nav\u00edo<\/strong>, ha visitado Foment del Treball, donde se ha reunido con el presidente de la patronal, <strong>Josep S\u00e1nchez Llibre<\/strong>, para analizar las posibles v\u00edas de cooperaci\u00f3n entre ambas entidades, para <strong>avanzar en su compromiso con la transici\u00f3n alimentaria<\/strong>.<\/p>\n<p>En este sentido, Carrefour est\u00e1 impulsando numerosas acciones orientadas a limitar el impacto medioambiental del embalaje de sus productos y a acelerar el cambio hacia un modelo agr\u00edcola que asegure la biodiversidad.<\/p>\n<p>Carrefour en Espa\u00f1a integra un parque comercial con 1.434 activos: 205 hipermercados, 156 supermercados, 1.029 tiendas de conveniencia y 44 establecimientos de descuento.<\/p>\n<p>Tambi\u00e9n han participado a la reuni\u00f3n el director de Relaciones Institucionales de Carrefour en Espa\u00f1a, <strong>David Mart\u00edn Mart\u00edn<\/strong>, junto con la directora de Relaciones Institucionales en Catalu\u00f1a, <strong>Laura Barrallo<\/strong>; y por parte de Foment, su secretario general, <strong>David Tornos<\/strong>, y el director de Negocio y Relaciones Institucionales, <strong>Benet Maim\u00ed<\/strong>.<\/p>\n<p>Este encuentro se inscribe en la agenda anual de contactos intensa que mantiene Foment con representantes pol\u00edticos, institucionales y empresariales de todo el mundo a fin de potenciar la diplomacia econ\u00f3mica.<\/p>\n","protected":false},"excerpt":{"rendered":"<p>El director regional Catalu\u00f1a Sur de Carrefour, Juan Jos\u00e9 Nav\u00edo, ha visitado Foment del Treball, donde se ha reunido con el presidente de la patronal, Josep S\u00e1nchez Llibre, para analizar las posibles v\u00edas de cooperaci\u00f3n entre ambas entidades, para avanzar en su compromiso con la transici\u00f3n alimentaria. En este sentido, Carrefour est\u00e1 impulsando numerosas acciones orientadas a limitar el impacto medioambiental del embalaje de sus productos y a acelerar el cambio hacia un modelo agr\u00edcola que asegure la biodiversidad. Carrefour en Espa\u00f1a integra un parque comercial con 1.434 activos: 205 hipermercados, 156 supermercados, 1.029 tiendas de conveniencia y 44 establecimientos de descuento. Tambi\u00e9n han participado a la reuni\u00f3n el director de Relaciones Institucionales de Carrefour en Espa\u00f1a, David Mart\u00edn Mart\u00edn, junto con la directora de Relaciones Institucionales en Catalu\u00f1a, Laura Barrallo; y por parte de Foment, su secretario general, David Tornos, y el director de Negocio y Relaciones Institucionales, Benet Maim\u00ed. Este encuentro se inscribe en la agenda anual de contactos intensa que mantiene Foment con representantes pol\u00edticos, institucionales y empresariales de todo el mundo a fin de potenciar la diplomacia econ\u00f3mica.<\/p>\n","protected":false},"author":10,"featured_media":130024,"comment_status":"closed","ping_status":"closed","sticky":false,"template":"","format":"standard","meta":{"_links_to":"","_links_to_target":""},"categories":[114,70],"tags":[5897,5898,5899],"acf":[],"wps_subtitle":"","_links":{"self":[{"href":"https:\/\/www.foment.com\/es\/wp-json\/wp\/v2\/posts\/130028"}],"collection":[{"href":"https:\/\/www.foment.com\/es\/wp-json\/wp\/v2\/posts"}],"about":[{"href":"https:\/\/www.foment.com\/es\/wp-json\/wp\/v2\/types\/post"}],"author":[{"embeddable":true,"href":"https:\/\/www.foment.com\/es\/wp-json\/wp\/v2\/users\/10"}],"replies":[{"embeddable":true,"href":"https:\/\/www.foment.com\/es\/wp-json\/wp\/v2\/comments?post=130028"}],"version-history":[{"count":3,"href":"https:\/\/www.foment.com\/es\/wp-json\/wp\/v2\/posts\/130028\/revisions"}],"predecessor-version":[{"id":130032,"href":"https:\/\/www.foment.com\/es\/wp-json\/wp\/v2\/posts\/130028\/revisions\/130032"}],"wp:featuredmedia":[{"embeddable":true,"href":"https:\/\/www.foment.com\/es\/wp-json\/wp\/v2\/media\/130024"}],"wp:attachment":[{"href":"https:\/\/www.foment.com\/es\/wp-json\/wp\/v2\/media?parent=130028"}],"wp:term":[{"taxonomy":"category","embeddable":true,"href":"https:\/\/www.foment.com\/es\/wp-json\/wp\/v2\/categories?post=130028"},{"taxonomy":"post_tag","embeddable":true,"href":"https:\/\/www.foment.com\/es\/wp-json\/wp\/v2\/tags?post=130028"}],"curies":[{"name":"wp","href":"https:\/\/api.w.org\/{rel}","templated":true}]}}