{"id":130382,"date":"2021-10-26T14:18:12","date_gmt":"2021-10-26T12:18:12","guid":{"rendered":"https:\/\/www.foment.com\/ceoe-aragon-foment-cev-caeb-uneixen-impulsar-relacions-economiques\/"},"modified":"2021-10-26T14:45:08","modified_gmt":"2021-10-26T12:45:08","slug":"ceoe-aragon-foment-cev-caeb-union-impulsar-relaciones-economicas","status":"publish","type":"post","link":"https:\/\/www.foment.com\/es\/ceoe-aragon-foment-cev-caeb-union-impulsar-relaciones-economicas\/","title":{"rendered":"CEOE Arag\u00f3n, Foment del Treball, CEV y CAEB se unen para impulsar las relaciones econ\u00f3micas entre los cuatro territorios, unidos por v\u00ednculos econ\u00f3micos, hist\u00f3ricos y sociales"},"content":{"rendered":"<ul>\n<li><strong>La Cumbre Empresarial analizar\u00e1 en Zaragoza, los d\u00edas 27 y 28 de octubre, las necesidades y reclamaciones compartidas por el empresariado de las cuatro comunidades para impulsar la competitividad y el empleo.<\/strong><\/li>\n<\/ul>\n<p>Arag\u00f3n, Catalu\u00f1a, Comunitat Valenciana e Islas Baleares comparten importantes lazos hist\u00f3ricos y sociales desde su pasado com\u00fan como Corona de Arag\u00f3n. Unos v\u00ednculos que alcanzan gran relevancia en el terreno econ\u00f3mico, sumando en la actualidad m\u00e1s del 34% del PIB nacional, 35.800 millones de euros de intercambios comerciales y una intensa relaci\u00f3n tanto entre empresas como con los consumidores de las cuatro comunidades aut\u00f3nomas, especialmente de zonas lim\u00edtrofes.<\/p>\n<p>Por todo ello, las cuatro organizaciones empresariales auton\u00f3micas: CEOE Arag\u00f3n, Foment del Treball, Confederaci\u00f3n Empresarial de la Comunitat Valenciana (CEV) y Confederaci\u00f3n de Asociaciones Empresariales de Baleares (CAEB) se han unido para celebrar en Zaragoza una Cumbre Empresarial conjunta. Su objetivo es impulsar las ya intensas relaciones econ\u00f3micas entre estos territorios, claves dentro del cuadrante econ\u00f3mico noreste, as\u00ed como en la internacionalizaci\u00f3n empresarial, comercio exterior \u00a0e intermodalidad log\u00edstica espa\u00f1ola.<\/p>\n<p>El Palacio de la Aljafer\u00eda y el Edificio Pignatelli, sedes de las Cortes y el Gobierno de Arag\u00f3n, respectivamente, albergar\u00e1n esta Cumbre, que incluir\u00e1 mesas sectoriales espec\u00edficas dedicadas a sectores prioritarios para las cuatro comunidades, como son la industria, la log\u00edstica y el transporte, el turismo y la agroalimentaci\u00f3n. Todos ellos estar\u00e1n representados al m\u00e1s alto nivel por cuatro empresas de cada territorio.<\/p>\n<p>As\u00ed mismo, la Cumbre incluir\u00e1 un plenario con los presidentes de las confederaciones empresariales, en el que se pondr\u00e1n en com\u00fan las conclusiones de las mesas sectoriales y del que saldr\u00e1 una declaraci\u00f3n conjunta con los planteamientos y reivindicaciones fundamentales compartidas por los empresarios.<\/p>\n","protected":false},"excerpt":{"rendered":"<p>La Cumbre Empresarial analizar\u00e1 en Zaragoza, los d\u00edas 27 y 28 de octubre, las necesidades y reclamaciones compartidas por el empresariado de las cuatro comunidades para impulsar la competitividad y el empleo. Arag\u00f3n, Catalu\u00f1a, Comunitat Valenciana e Islas Baleares comparten importantes lazos hist\u00f3ricos y sociales desde su pasado com\u00fan como Corona de Arag\u00f3n. Unos v\u00ednculos que alcanzan gran relevancia en el terreno econ\u00f3mico, sumando en la actualidad m\u00e1s del 34% del PIB nacional, 35.800 millones de euros de intercambios comerciales y una intensa relaci\u00f3n tanto entre empresas como con los consumidores de las cuatro comunidades aut\u00f3nomas, especialmente de zonas lim\u00edtrofes. Por todo ello, las cuatro organizaciones empresariales auton\u00f3micas: CEOE Arag\u00f3n, Foment del Treball, Confederaci\u00f3n Empresarial de la Comunitat Valenciana (CEV) y Confederaci\u00f3n de Asociaciones Empresariales de Baleares (CAEB) se han unido para celebrar en Zaragoza una Cumbre Empresarial conjunta. Su objetivo es impulsar las ya intensas relaciones econ\u00f3micas entre estos territorios, claves dentro del cuadrante econ\u00f3mico noreste, as\u00ed como en la internacionalizaci\u00f3n empresarial, comercio exterior \u00a0e intermodalidad log\u00edstica espa\u00f1ola. El Palacio de la Aljafer\u00eda y el Edificio Pignatelli, sedes de las Cortes y el Gobierno de Arag\u00f3n, respectivamente, albergar\u00e1n esta Cumbre, que incluir\u00e1 mesas sectoriales espec\u00edficas dedicadas a sectores prioritarios [&hellip;]<\/p>\n","protected":false},"author":10,"featured_media":130374,"comment_status":"closed","ping_status":"closed","sticky":false,"template":"","format":"standard","meta":{"_links_to":"","_links_to_target":""},"categories":[114,68],"tags":[5920,5921,2650,5922,5923],"acf":[],"wps_subtitle":"Empresas destacadas de Industria, Log\u00edstica, Turismo y Agroalimentaci\u00f3n analizar\u00e1n l\u00edneas de futuro y colaboraci\u00f3n en mesas sectoriales","_links":{"self":[{"href":"https:\/\/www.foment.com\/es\/wp-json\/wp\/v2\/posts\/130382"}],"collection":[{"href":"https:\/\/www.foment.com\/es\/wp-json\/wp\/v2\/posts"}],"about":[{"href":"https:\/\/www.foment.com\/es\/wp-json\/wp\/v2\/types\/post"}],"author":[{"embeddable":true,"href":"https:\/\/www.foment.com\/es\/wp-json\/wp\/v2\/users\/10"}],"replies":[{"embeddable":true,"href":"https:\/\/www.foment.com\/es\/wp-json\/wp\/v2\/comments?post=130382"}],"version-history":[{"count":3,"href":"https:\/\/www.foment.com\/es\/wp-json\/wp\/v2\/posts\/130382\/revisions"}],"predecessor-version":[{"id":130388,"href":"https:\/\/www.foment.com\/es\/wp-json\/wp\/v2\/posts\/130382\/revisions\/130388"}],"wp:featuredmedia":[{"embeddable":true,"href":"https:\/\/www.foment.com\/es\/wp-json\/wp\/v2\/media\/130374"}],"wp:attachment":[{"href":"https:\/\/www.foment.com\/es\/wp-json\/wp\/v2\/media?parent=130382"}],"wp:term":[{"taxonomy":"category","embeddable":true,"href":"https:\/\/www.foment.com\/es\/wp-json\/wp\/v2\/categories?post=130382"},{"taxonomy":"post_tag","embeddable":true,"href":"https:\/\/www.foment.com\/es\/wp-json\/wp\/v2\/tags?post=130382"}],"curies":[{"name":"wp","href":"https:\/\/api.w.org\/{rel}","templated":true}]}}