{"id":130894,"date":"2021-11-01T09:00:27","date_gmt":"2021-11-01T08:00:27","guid":{"rendered":"https:\/\/www.foment.com\/?p=130894"},"modified":"2021-10-29T14:49:52","modified_gmt":"2021-10-29T12:49:52","slug":"foment-del-treball-inicia-campana-difusion-para-acreditacio-de-competencias-professionales","status":"publish","type":"post","link":"https:\/\/www.foment.com\/es\/foment-del-treball-inicia-campana-difusion-para-acreditacio-de-competencias-professionales\/","title":{"rendered":"Foment del Treball inicia la campa\u00f1a de difusi\u00f3n para la Acreditaci\u00f3n de Competencias Profesionales"},"content":{"rendered":"<section class=\"wpb-content-wrapper\"><p>[vc_row][vc_column width=\u00bb1\/1&#8243;]<div class=\"single_image wpb_content_element align-right    \" data-animation=\"none\" data-delay=\"0\"><img width=\"641\" height=\"88\" src=\"https:\/\/www.foment.com\/wp-content\/uploads\/2021\/11\/logo-1.jpg\" class=\"attachment-large\" alt=\"\" loading=\"lazy\" title=\"logo 1\" srcset=\"https:\/\/www.foment.com\/wp-content\/uploads\/2021\/11\/logo-1.jpg 641w, https:\/\/www.foment.com\/wp-content\/uploads\/2021\/11\/logo-1-300x41.jpg 300w\" sizes=\"(max-width: 641px) 100vw, 641px\" \/><\/div><div class=\"spacer\" style=\"height: 20px;\"><\/div>[\/vc_column][\/vc_row][vc_row][vc_column width=\u00bb1\/1&#8243;][vc_column_text]<\/p>\n<ul>\n<li><strong>\u00a0El Plan de Transici\u00f3n al Segundo Plan de Acreditaci\u00f3n pretende alcanzar el objetivo de evaluar y acreditar a 8000 personas en Catalu\u00f1a durante 2021<\/strong><\/li>\n<li><strong>\u00a0El Segundo objetivo eso desarrollar los recursos necesarios para avanzar hacia un servicio de acreditaci\u00f3n regular y estable<\/strong><\/li>\n<li><strong>El Plan de Recuperaci\u00f3n, Transformaci\u00f3n y Resiliencia tiene como objetivo creer un m\u00e1s de 3 millones de personas en 3 a\u00f1os<\/strong><\/li>\n<li><strong>\u00a0Mejoras para las empresas: evitar el intrusismo profesional, facilitar la movilidad de los trabajadores y mejorar la productividad y competitividad, gracias al reconocimiento de la cualificaci\u00f3n de los trabajadores.<\/strong><\/li>\n<\/ul>\n<p>Foment y las organizaciones sectoriales y territoriales asociadas\u00a0 han iniciado la campa\u00f1a para informar a las empresas sobre el proceso a \u00a0para promover el reconocimiento y acreditaci\u00f3n de las competencias profesionales b\u00e1sicas,\u00a0 adquiridas\u00a0 por\u00a0 las personas a trav\u00e9s de la experiencia laboral o itinerarios de formaci\u00f3n no formales.\u00a0 La implicaci\u00f3n y colaboraci\u00f3n activa de los agentes sociales se considera fundamental en el Plan de Transici\u00f3n al 2\u00ba Plan de Acreditaci\u00f3n, que se enmarca en el Plan de Recuperaci\u00f3n, Transformaci\u00f3n y Resiliencia del Gobierno de Espa\u00f1a y que, en este apartado, financia el Ministerio de Educaci\u00f3n y\u00a0 Formaci\u00f3n\u00a0\u00a0 Profesional.<\/p>\n<p>A trav\u00e9s del Comit\u00e9 Ejecutivo, la Junta Directiva, la permanente y el plenario del Comit\u00e9 de Formaci\u00f3n, el Foro de Recursos Humanos de la Entidad, las organizaciones sectoriales y territoriales y todos los canales de la instituci\u00f3n, Foment est\u00e1 llevando a cabo los procedimientos a seguir para contribuir a la consecuci\u00f3n, como punto de partida,\u00a0 el primer objetivo: evaluar y acreditar a 8.000 personas en Catalu\u00f1a durante 2021. El segundo objetivo del plan es desarrollar los recursos necesarios para avanzar hacia un servicio de acreditaci\u00f3n regular y estable.<\/p>\n<p><strong><span style=\"color: #c12238;\">Acreditaci\u00f3n y Certificaci\u00f3n<\/span><\/strong><\/p>\n<p>El procedimiento de evaluaci\u00f3n y acreditaci\u00f3n de competencias profesionales adquiridas a trav\u00e9s de la experiencia laboral permite a los participantes obtener una certificaci\u00f3n\u00a0 e\u00a0 incluso\u00a0 abre posibilidades para\u00a0 obtener un\u00a0 t\u00edtulo de formaci\u00f3n profesional y\/o un certificado de profesionalidad. La certificaci\u00f3n, en algunos casos, puede conducir a la obtenci\u00f3n de los requisitos para ejercer la profesi\u00f3n de actividades reguladas. A las empresas les permite: evitar el intrusismo profesional -impidiendo que las personas ejerzan sin cualificaci\u00f3n-, facilitando la movilidad de los trabajadores a nivel nacional e internacional y mejorando la productividad y la competitividad,\u00a0 <strong>\u00a0gracias<\/strong> <strong>al<\/strong> <strong>reconocimiento<\/strong> <strong>de<\/strong> <strong>la<\/strong> <strong>cualificaci\u00f3n<\/strong> de sus<strong> trabajadores.<\/strong><\/p>\n<p><strong>\u00a0<\/strong>Los agentes sociales, como Foment del Treball y organizaciones asociadas, juegan un papel clave en el Plan de Acreditaci\u00f3n.\u00a0\u00a0 Se\u00a0 valora su conocimiento y experiencia\u00a0 del tejido productivo, lo que les permite recoger las necesidades del tejido\u00a0 productivo y difundir el servicio. De esta forma se posicionan como punto de informaci\u00f3n y orientaci\u00f3n, pueden participar en el servicio de formaci\u00f3n complementaria y promover la contrataci\u00f3n de\u00a0 expertos cualificados de las diferentes\u00a0 cualificaciones profesionales.<\/p>\n<p><strong><span style=\"color: #c12238;\">Impulso de la Formaci\u00f3n Profesional<\/span><\/strong><\/p>\n<p>La acreditaci\u00f3n de competencias se enmarca en el Plan Estatal de Fomento de la Formaci\u00f3n Profesional.\u00a0 Se trata\u00a0 de dar respuesta\u00a0 a la creciente oferta\u00a0 de empleos\u00a0 que requieren una cualificaci\u00f3n intermedia\u00a0 que facilite la incorporaci\u00f3n y permanencia de la poblaci\u00f3n en el\u00a0\u00a0 mercado laboral.[\/vc_column_text][\/vc_column][\/vc_row]<\/p>\n<\/section>","protected":false},"excerpt":{"rendered":"<p>[vc_row][vc_column width=\u00bb1\/1&#8243;][\/vc_column][\/vc_row][vc_row][vc_column width=\u00bb1\/1&#8243;][vc_column_text] \u00a0El Plan de Transici\u00f3n al Segundo Plan de Acreditaci\u00f3n pretende alcanzar el objetivo de evaluar y acreditar a 8000 personas en Catalu\u00f1a durante 2021 \u00a0El Segundo objetivo eso desarrollar los recursos necesarios para avanzar hacia un servicio de acreditaci\u00f3n regular y estable El Plan de Recuperaci\u00f3n, Transformaci\u00f3n y Resiliencia tiene como objetivo creer un m\u00e1s de 3 millones de personas en 3 a\u00f1os \u00a0Mejoras para las empresas: evitar el intrusismo profesional, facilitar la movilidad de los trabajadores y mejorar la productividad y competitividad, gracias al reconocimiento de la cualificaci\u00f3n de los trabajadores. Foment y las organizaciones sectoriales y territoriales asociadas\u00a0 han iniciado la campa\u00f1a para informar a las empresas sobre el proceso a \u00a0para promover el reconocimiento y acreditaci\u00f3n de las competencias profesionales b\u00e1sicas,\u00a0 adquiridas\u00a0 por\u00a0 las personas a trav\u00e9s de la experiencia laboral o itinerarios de formaci\u00f3n no formales.\u00a0 La implicaci\u00f3n y colaboraci\u00f3n activa de los agentes sociales se considera fundamental en el Plan de Transici\u00f3n al 2\u00ba Plan de Acreditaci\u00f3n, que se enmarca en el Plan de Recuperaci\u00f3n, Transformaci\u00f3n y Resiliencia del Gobierno de Espa\u00f1a y que, en este apartado, financia el Ministerio de Educaci\u00f3n y\u00a0 Formaci\u00f3n\u00a0\u00a0 Profesional. A trav\u00e9s del Comit\u00e9 Ejecutivo, la Junta [&hellip;]<\/p>\n","protected":false},"author":7,"featured_media":130909,"comment_status":"closed","ping_status":"closed","sticky":false,"template":"","format":"standard","meta":{"_links_to":"","_links_to_target":""},"categories":[114,113,65],"tags":[5935,5936],"acf":[],"wps_subtitle":"A trav\u00e9s del Comit\u00e9 Ejecutivo, el Consejo de Administraci\u00f3n, la sesi\u00f3n permanente y plenaria del Comit\u00e9 de Formaci\u00f3n, el Centro de Recursos Humanos de la Entidad,  las organizaciones sectoriales y territoriales y todos los canales de  la instituci\u00f3n.","_links":{"self":[{"href":"https:\/\/www.foment.com\/es\/wp-json\/wp\/v2\/posts\/130894"}],"collection":[{"href":"https:\/\/www.foment.com\/es\/wp-json\/wp\/v2\/posts"}],"about":[{"href":"https:\/\/www.foment.com\/es\/wp-json\/wp\/v2\/types\/post"}],"author":[{"embeddable":true,"href":"https:\/\/www.foment.com\/es\/wp-json\/wp\/v2\/users\/7"}],"replies":[{"embeddable":true,"href":"https:\/\/www.foment.com\/es\/wp-json\/wp\/v2\/comments?post=130894"}],"version-history":[{"count":5,"href":"https:\/\/www.foment.com\/es\/wp-json\/wp\/v2\/posts\/130894\/revisions"}],"predecessor-version":[{"id":131049,"href":"https:\/\/www.foment.com\/es\/wp-json\/wp\/v2\/posts\/130894\/revisions\/131049"}],"wp:featuredmedia":[{"embeddable":true,"href":"https:\/\/www.foment.com\/es\/wp-json\/wp\/v2\/media\/130909"}],"wp:attachment":[{"href":"https:\/\/www.foment.com\/es\/wp-json\/wp\/v2\/media?parent=130894"}],"wp:term":[{"taxonomy":"category","embeddable":true,"href":"https:\/\/www.foment.com\/es\/wp-json\/wp\/v2\/categories?post=130894"},{"taxonomy":"post_tag","embeddable":true,"href":"https:\/\/www.foment.com\/es\/wp-json\/wp\/v2\/tags?post=130894"}],"curies":[{"name":"wp","href":"https:\/\/api.w.org\/{rel}","templated":true}]}}