{"id":130974,"date":"2021-10-29T13:13:48","date_gmt":"2021-10-29T11:13:48","guid":{"rendered":"https:\/\/www.foment.com\/leconomia-catalana-ha-perdut-impuls-pero-podem-recuperar\/"},"modified":"2021-10-29T14:53:04","modified_gmt":"2021-10-29T12:53:04","slug":"leconomia-catalana-ha-perdut-impuls-pero-podem-recuperar","status":"publish","type":"post","link":"https:\/\/www.foment.com\/es\/leconomia-catalana-ha-perdut-impuls-pero-podem-recuperar\/","title":{"rendered":"La econom\u00eda catalana ha perdido impulso, pero podemos recuperarlo"},"content":{"rendered":"<section class=\"wpb-content-wrapper\"><p>[vc_row][vc_column][vc_column_text]El presidente de Fomento del Trabajo,<strong> Josep S\u00e1nchez Llibre,<\/strong> ha participado en una mesa redonda sobre si la econom\u00eda catalana est\u00e1 perdiendo posiciones e impulso conjuntamente con <strong>Jordi Gua<\/strong>l, profesor de Econom\u00eda del<strong> IESE.<\/strong><\/p>\n<p>S\u00e1nchez Llibre ha afirmado que \u201cl<strong>os datos dicen que si hemos perdido impulso. El proceso nos ha hecho perder competitividad e impulso econ\u00f3mico. Sin el proceso que nos ha perdido competitividad e impulso econ\u00f3mico, ser\u00edamos el motor de la econom\u00eda espa\u00f1ola con un PIB del 20%<\/strong>\u201d. Y ha a\u00f1adido que \u00ab<strong>podemos volver a ser la locomotora del pa\u00eds, si se producen determinados hechos pol\u00edticos y econ\u00f3micos\u00bb.<\/strong><\/p>\n<p>En este sentido, el presidente de Foment ha destacado que para que la econom\u00eda catalana recupere su liderazgo \u00abh<strong>ay que fortalecer la complicidad entre las administraciones de Catalu\u00f1a y Espa\u00f1a, el regreso de las empresas que se marcharon, y una fiscalidad m\u00e1s atractiva\u00bb<\/strong>. Y ha remarcado: \u00ab<strong>es primordial proyectar con la m\u00e1xima fuerza una agenda econ\u00f3mica y social, a la vez que restaurar un entorno propicio a la vuelta de las sedes sociales de empresas que se deslocalizaron a partir de 2017&#8243;.<\/strong><\/p>\n<p>Sanchez Llibre ha asegurado que \u00ab<strong>podemos volver a ser l\u00edderes porque que somos una regi\u00f3n importante para liderar la econom\u00eda europea<\/strong>\u00ab. En esta situaci\u00f3n ha subrayado que es importante que los populismos sobre el decrecimiento no se generalicen en la sociedad \u201c<strong>Es importante que los empresarios entren en profundidad, sin complejos y con fuerza, en el debate de las ideas, para evitar precisamente que los discursos populistas influyan en la sociedad-<\/strong> ha remarcado.<\/p>\n<p>Ha incidido, adem\u00e1s, en el papel trascendental para la econom\u00eda que desempe\u00f1an las infraestructuras. \u201c<strong>Una de las pesas clave es el Port de Barcelona y la necesidad de reforzar su conectividad terrestre con Europa. Y la otra es el Aeropuerto\u201d<\/strong>&#8211; ha dicho S\u00e1nchez Llibre. Y ha insistido en la importancia de llegar a un acuerdo sobre su ampliaci\u00f3n para que pase a ser un hub intercontinental: \u201c<strong>desgraciadamente en los \u00faltimos meses hemos tenido un debate falso que espero que se encauce. La ampliaci\u00f3n del aeropuerto es compatible con establecer mecanismos que puedan compensar e incluso mejorar las afectaciones medioambientales que puedan darse<\/strong>\u201d.<\/p>\n<p>El presidente de Foment se refiri\u00f3 tambi\u00e9n a la cumbre empresarial de ayer en Zaragoza y remarc\u00f3 la importancia de conseguir apoyos para llevar a cabo los Juegos de Invierno 2030.[\/vc_column_text][\/vc_column][\/vc_row][vc_row][vc_column width=\u00bb1\/1&#8243;]<div class=\"spacer\" style=\"height: 20px;\"><\/div>[\/vc_column][\/vc_row][vc_row][vc_column width=\u00bb1\/1&#8243;]<div class=\"flexslider wpb_content_element\"><ul class=\"slides\"><li><img src=\"https:\/\/www.foment.com\/wp-content\/uploads\/2021\/10\/photo6044044323470817585.jpg\" alt=\"\" \/><\/li><li><img src=\"https:\/\/www.foment.com\/wp-content\/uploads\/2021\/10\/photo6044044323470817562.jpg\" alt=\"\" \/><\/li><li><img src=\"https:\/\/www.foment.com\/wp-content\/uploads\/2021\/10\/photo6044044323470817557.jpg\" alt=\"\" \/><\/li><li><img src=\"https:\/\/www.foment.com\/wp-content\/uploads\/2021\/10\/photo6044044323470817558.jpg\" alt=\"\" \/><\/li><li><img src=\"https:\/\/www.foment.com\/wp-content\/uploads\/2021\/10\/photo6044044323470817559.jpg\" alt=\"\" \/><\/li><li><img src=\"https:\/\/www.foment.com\/wp-content\/uploads\/2021\/10\/photo6044044323470817560.jpg\" alt=\"\" \/><\/li><li><img src=\"https:\/\/www.foment.com\/wp-content\/uploads\/2021\/10\/photo6044044323470817561.jpg\" alt=\"\" \/><\/li><li><img src=\"https:\/\/www.foment.com\/wp-content\/uploads\/2021\/10\/photo6044044323470817595.jpg\" alt=\"\" \/><\/li><li><img src=\"https:\/\/www.foment.com\/wp-content\/uploads\/2021\/10\/photo6044044323470817593.jpg\" alt=\"\" \/><\/li><li><img src=\"https:\/\/www.foment.com\/wp-content\/uploads\/2021\/10\/photo6044044323470817576.jpg\" alt=\"\" \/><\/li><li><img src=\"https:\/\/www.foment.com\/wp-content\/uploads\/2021\/10\/photo6044044323470817574.jpg\" alt=\"\" \/><\/li><li><img src=\"https:\/\/www.foment.com\/wp-content\/uploads\/2021\/10\/photo6044044323470817569.jpg\" alt=\"\" \/><\/li><li><img src=\"https:\/\/www.foment.com\/wp-content\/uploads\/2021\/10\/photo6044044323470817566.jpg\" alt=\"\" \/><\/li><\/ul><\/div>[\/vc_column][\/vc_row]<\/p>\n<\/section>","protected":false},"excerpt":{"rendered":"<p>[vc_row][vc_column][vc_column_text]El presidente de Fomento del Trabajo, Josep S\u00e1nchez Llibre, ha participado en una mesa redonda sobre si la econom\u00eda catalana est\u00e1 perdiendo posiciones e impulso conjuntamente con Jordi Gual, profesor de Econom\u00eda del IESE. S\u00e1nchez Llibre ha afirmado que \u201clos datos dicen que si hemos perdido impulso. El proceso nos ha hecho perder competitividad e impulso econ\u00f3mico. Sin el proceso que nos ha perdido competitividad e impulso econ\u00f3mico, ser\u00edamos el motor de la econom\u00eda espa\u00f1ola con un PIB del 20%\u201d. Y ha a\u00f1adido que \u00abpodemos volver a ser la locomotora del pa\u00eds, si se producen determinados hechos pol\u00edticos y econ\u00f3micos\u00bb. En este sentido, el presidente de Foment ha destacado que para que la econom\u00eda catalana recupere su liderazgo \u00abhay que fortalecer la complicidad entre las administraciones de Catalu\u00f1a y Espa\u00f1a, el regreso de las empresas que se marcharon, y una fiscalidad m\u00e1s atractiva\u00bb. Y ha remarcado: \u00abes primordial proyectar con la m\u00e1xima fuerza una agenda econ\u00f3mica y social, a la vez que restaurar un entorno propicio a la vuelta de las sedes sociales de empresas que se deslocalizaron a partir de 2017&#8243;. Sanchez Llibre ha asegurado que \u00abpodemos volver a ser l\u00edderes porque que somos una regi\u00f3n importante para liderar [&hellip;]<\/p>\n","protected":false},"author":7,"featured_media":130998,"comment_status":"closed","ping_status":"closed","sticky":false,"template":"","format":"standard","meta":{"_links_to":"","_links_to_target":""},"categories":[114,68,5714],"tags":[769,5941,5942],"acf":[],"wps_subtitle":"As\u00ed lo se\u00f1alado el presidente de Foment, Josep Sanchez Llibre, en su intervenci\u00f3n en el Encuentro Empresarial en el Pirineo que ha tenido lugar en la Seu d'Urgell","_links":{"self":[{"href":"https:\/\/www.foment.com\/es\/wp-json\/wp\/v2\/posts\/130974"}],"collection":[{"href":"https:\/\/www.foment.com\/es\/wp-json\/wp\/v2\/posts"}],"about":[{"href":"https:\/\/www.foment.com\/es\/wp-json\/wp\/v2\/types\/post"}],"author":[{"embeddable":true,"href":"https:\/\/www.foment.com\/es\/wp-json\/wp\/v2\/users\/7"}],"replies":[{"embeddable":true,"href":"https:\/\/www.foment.com\/es\/wp-json\/wp\/v2\/comments?post=130974"}],"version-history":[{"count":7,"href":"https:\/\/www.foment.com\/es\/wp-json\/wp\/v2\/posts\/130974\/revisions"}],"predecessor-version":[{"id":131052,"href":"https:\/\/www.foment.com\/es\/wp-json\/wp\/v2\/posts\/130974\/revisions\/131052"}],"wp:featuredmedia":[{"embeddable":true,"href":"https:\/\/www.foment.com\/es\/wp-json\/wp\/v2\/media\/130998"}],"wp:attachment":[{"href":"https:\/\/www.foment.com\/es\/wp-json\/wp\/v2\/media?parent=130974"}],"wp:term":[{"taxonomy":"category","embeddable":true,"href":"https:\/\/www.foment.com\/es\/wp-json\/wp\/v2\/categories?post=130974"},{"taxonomy":"post_tag","embeddable":true,"href":"https:\/\/www.foment.com\/es\/wp-json\/wp\/v2\/tags?post=130974"}],"curies":[{"name":"wp","href":"https:\/\/api.w.org\/{rel}","templated":true}]}}