{"id":131952,"date":"2021-11-11T17:14:37","date_gmt":"2021-11-11T16:14:37","guid":{"rendered":"https:\/\/www.foment.com\/forum-nou-barris-bases-recuperacio-economica-ciutat-barris\/"},"modified":"2021-11-12T17:50:45","modified_gmt":"2021-11-12T16:50:45","slug":"foro-no-barris-bases-recuperacion-economica-ciudad-barrios","status":"publish","type":"post","link":"https:\/\/www.foment.com\/es\/foro-no-barris-bases-recuperacion-economica-ciudad-barrios\/","title":{"rendered":"Nou Barris pone las bases sobre la recuperaci\u00f3n econ\u00f3mica de la ciudad y de sus barrios en un debate que quiere tener dimensi\u00f3n de pa\u00eds"},"content":{"rendered":"<section class=\"wpb-content-wrapper\"><p>[vc_row][vc_column][vc_column_text]<\/p>\n<ul>\n<li><strong>Representantes del Instituto Cerd\u00e0, Fomento del Trabajo, C\u00edrculo de Econom\u00eda, C\u00e1mara de Comercio y Colegio de Economistas y expertos se dan cita al distrito de Nou Barris para analizar como tiene que ser la estrategia para dinamizar la econom\u00eda local.<\/strong><\/li>\n<li><strong>El di\u00e1logo sobre el impulso econ\u00f3mico se trabajar\u00e1 conjuntamente con el tejido econ\u00f3mico y empresarial del distrito.<\/strong><\/li>\n<\/ul>\n<p>La Casa del agua de la Trinidad Nueva del distrito de Nou Barris ha acogido hoy el primer FORO NUEVE BARRIOS, dedicado a la recuperaci\u00f3n econ\u00f3mica. Una apuesta del distrito de Nou Barris para debatir sobre c\u00f3mo tienen que ser las pol\u00edticas econ\u00f3micas del presente, y del futuro m\u00e1s inmediato, para acelerar la recuperaci\u00f3n econ\u00f3mica de la ciudad y del pa\u00eds.<\/p>\n<p>Para hacerlo, el distrito ha organizado esta primera jornada que ha contado con la presencia de representantes de las principales entidades econ\u00f3micas de Barcelona y Catalu\u00f1a y ha apostado porque este debate tenga lugar en uno de los distritos donde la econom\u00eda y el desarrollo empresarial y laboral acontecen m\u00e1s dif\u00edciles y complejos.<\/p>\n<p>Consulta el hilo de tuits con el video de la sesi\u00f3n y algunas de las intervenciones de los ponientes:[\/vc_column_text][vc_raw_html]aHR0cHMlM0ElMkYlMkZ0d2l0dGVyLmNvbSUyRkZvbWVudFRyZWJhbGwlMkZzdGF0dXMlMkYxNDU4NzQ4Mjg4NzQ4OTk0NTYw[\/vc_raw_html][vc_column_text]Por Jaume Collboni, primer Teniente de Alcalde de Barcelona, que ha inaugurado el FORO NUEVE BARRIOS, junto con Carles Cabrera, director general del Instituto Cerd\u00e0, este encuentro \u201ces una nueva forma de incidir en la importancia del territorio y de los barrios por la promoci\u00f3n econ\u00f3mica y la reactivaci\u00f3n local\u201d. El teniente ha recordado que \u201cNou Barris es el distrito que ha recuperado m\u00e1s r\u00e1pidamente la actividad comercial respecto a la pre-pandemia, porque tiene un tejido econ\u00f3mico resiliente y con muy potencial. Con inversiones como el Centro Tecnol\u00f3gico de Nou Barris, el Nuevo Cibern\u00e0rium o la Escuela 42 capacitaremos unas 600 personas cada a\u00f1o con la voluntad de generar riqueza, puestos de trabajo de calidad y que adem\u00e1s sean innovadores y sostenibles en el tiempo. Y ha apuntado: \u201cNueve Barrios es un distrito de las oportunidades\u201d.[\/vc_column_text]<div class=\"flexslider wpb_content_element\"><ul class=\"slides\"><li><img src=\"https:\/\/www.foment.com\/wp-content\/uploads\/2021\/11\/IMG_0904-scaled.jpg\" alt=\"\" \/><\/li><li><img src=\"https:\/\/www.foment.com\/wp-content\/uploads\/2021\/11\/IMG_0908-scaled.jpg\" alt=\"\" \/><\/li><li><img src=\"https:\/\/www.foment.com\/wp-content\/uploads\/2021\/11\/IMG_0905-scaled.jpg\" alt=\"\" \/><\/li><li><img src=\"https:\/\/www.foment.com\/wp-content\/uploads\/2021\/11\/IMG_0914-scaled.jpg\" alt=\"\" \/><\/li><li><img src=\"https:\/\/www.foment.com\/wp-content\/uploads\/2021\/11\/photo1636633063-1.jpeg\" alt=\"\" \/><\/li><li><img src=\"https:\/\/www.foment.com\/wp-content\/uploads\/2021\/11\/photo1636633061-8.jpeg\" alt=\"\" \/><\/li><\/ul><\/div>[vc_column_text]<span style=\"color: #c1002b;\"><strong>Claves para una econom\u00eda de la recuperaci\u00f3n<\/strong><\/span><\/p>\n<p>La crisis derivada de la pandemia de la COVID-19 ha activado debates sobre el futuro de la econom\u00eda que se han tratado en el marco de la jornada. El primero de ellos ha estado valorar si la situaci\u00f3n actual se tiene que responder con un modelo que tienda hacia el decrecimiento econ\u00f3mico, o bien, hay que mantener el ideal y los objetivos previos a la crisis mundial del 2020.<\/p>\n<p>Por habla sobre La econom\u00eda despu\u00e9s de la pandemia, la primera mesa redonda de la jornada, se ha contado con las voces expertas Manel P\u00e9rez, responsable de la secci\u00f3n de econom\u00eda de La Vanguardia, Mar Alarc\u00f3n, CEO de Social Caro y vicepresidenta de Fomento del Trabajo, Jordi Alberich, economista y vicepresidente del Think tank de Fomento del Trabajo, Joan Gu\u00e0rdia, rector de la UB, y Eva Menor, presidenta del \u00e1rea de Desarrollo Econ\u00f3mico, Turismo y Comercio de la Diputaci\u00f3n de Barcelona.[\/vc_column_text]<div class=\"flexslider wpb_content_element\"><ul class=\"slides\"><li><img src=\"https:\/\/www.foment.com\/wp-content\/uploads\/2021\/11\/photo1636633061.jpeg\" alt=\"\" \/><\/li><li><img src=\"https:\/\/www.foment.com\/wp-content\/uploads\/2021\/11\/photo1636633063.jpeg\" alt=\"\" \/><\/li><li><img src=\"https:\/\/www.foment.com\/wp-content\/uploads\/2021\/11\/photo1636633061-4.jpeg\" alt=\"\" \/><\/li><li><img src=\"https:\/\/www.foment.com\/wp-content\/uploads\/2021\/11\/photo1636633061-3.jpeg\" alt=\"\" \/><\/li><li><img src=\"https:\/\/www.foment.com\/wp-content\/uploads\/2021\/11\/photo1636633061-5.jpeg\" alt=\"\" \/><\/li><li><img src=\"https:\/\/www.foment.com\/wp-content\/uploads\/2021\/11\/photo1636633061-2.jpeg\" alt=\"\" \/><\/li><li><img src=\"https:\/\/www.foment.com\/wp-content\/uploads\/2021\/11\/photo1636633061-1.jpeg\" alt=\"\" \/><\/li><li><img src=\"https:\/\/www.foment.com\/wp-content\/uploads\/2021\/11\/photo1636633061-6.jpeg\" alt=\"\" \/><\/li><\/ul><\/div>[vc_column_text]<span style=\"color: #c1002b;\"><strong>Nuevos retos sociales y econ\u00f3micos<\/strong><\/span><\/p>\n<p>Durante la jornada el debate tambi\u00e9n ha girado entorno los retos actuales y como la econom\u00eda tiene que dar respuestas a escala macro, pero tambi\u00e9n micro, para impulsar una econom\u00eda implicada en la recuperaci\u00f3n an\u00edmica, la confianza y las oportunidades sociales, y tambi\u00e9n al dar respuesta a los problemas medioambientales, energ\u00e9ticos, sociales y educativos.<\/p>\n<p>En este sentido los ponentes han reflexionado sobre c\u00f3mo afectar\u00e1 la crisis clim\u00e1tica en la toma de decisiones, qu\u00e9 impacto real tendr\u00e1n las ayudas NG europeas, como se tiene que establecer la colaboraci\u00f3n p\u00fablico-privada, como afectar\u00e1 el despliegue de la tecnolog\u00eda 5G en las ciudades o qu\u00e9 impacto tendr\u00e1 la reforma de las pensiones. Preguntas vigentes que hay que abordar con una visi\u00f3n m\u00e1s local y pr\u00f3xima.<\/p>\n<p>La jornada de hoy FORO NUEVE BARRIOS: ENCUENTROS PARA UNA ECONOM\u00cdA DE LA RECUPERACI\u00d3N ha querido hacer hincapi\u00e9 en que problemas derivados de la movilidad, la pol\u00edtica de vivienda, la seguridad, la utilizaci\u00f3n del espacio p\u00fablico o las desigualdades sociales tambi\u00e9n marcan la agenda econ\u00f3mica de un pa\u00eds.<\/p>\n<p>La segunda tabla de la jornada ha sido centrada en los Factores clave para impulsar la recuperaci\u00f3n econ\u00f3mica con Ernest Quingles, vicepresidente de\u00a0Fomento del Trabajo\u00a0y CEO de Epson Europe, \u00c0ngel Hermosilla, director del \u00e1rea de Econom\u00eda y Empresa de\u00a0PIMEC, Javier Faus, presidente del C\u00edrculo de Econom\u00eda, Joan Ramon Rovira, director del Gabinete de Estudios de la C\u00e1mara de Comercio de Barcelona y Carlos Puig de Travy, decano electo de el\u00a0Colegio de Economistas de Catalu\u00f1a.<\/p>\n<p>Por su parte, Xavier Marc\u00e9, regidor de Turismo e Industrias Creativas y regidor del distrito de Nou Barris, ha concluido la jornada destacando que \u201cestas cuestiones, ocupan y preocupan nuestra sociedad y son una parte central del debate econ\u00f3mico que protagonizan empresarios, asociaciones patronales y sindicatos en m\u00faltiplos encontradas. No hemos propuesto hoy aqu\u00ed un debate alternativo, sino el mismo debate desde una perspectiva diferente: la de preguntarnos qu\u00e9 puede hacer el desarrollo econ\u00f3mico para asegurar un progreso ecu\u00e1nime y generalizado al conjunto de la ciudad\u201d.[\/vc_column_text]<div class=\"flexslider wpb_content_element\"><ul class=\"slides\"><li><img src=\"https:\/\/www.foment.com\/wp-content\/uploads\/2021\/11\/photo1636649833-13.jpeg\" alt=\"\" \/><\/li><li><img src=\"https:\/\/www.foment.com\/wp-content\/uploads\/2021\/11\/photo1636649833-11.jpeg\" alt=\"\" \/><\/li><li><img src=\"https:\/\/www.foment.com\/wp-content\/uploads\/2021\/11\/photo1636649833-9.jpeg\" alt=\"\" \/><\/li><li><img src=\"https:\/\/www.foment.com\/wp-content\/uploads\/2021\/11\/photo1636649833-8.jpeg\" alt=\"\" \/><\/li><li><img src=\"https:\/\/www.foment.com\/wp-content\/uploads\/2021\/11\/photo1636649833-7.jpeg\" alt=\"\" \/><\/li><li><img src=\"https:\/\/www.foment.com\/wp-content\/uploads\/2021\/11\/photo1636649833-6.jpeg\" alt=\"\" \/><\/li><li><img src=\"https:\/\/www.foment.com\/wp-content\/uploads\/2021\/11\/photo1636649833-5.jpeg\" alt=\"\" \/><\/li><li><img src=\"https:\/\/www.foment.com\/wp-content\/uploads\/2021\/11\/photo1636649833-4.jpeg\" alt=\"\" \/><\/li><li><img src=\"https:\/\/www.foment.com\/wp-content\/uploads\/2021\/11\/photo1636649833-3.jpeg\" alt=\"\" \/><\/li><li><img src=\"https:\/\/www.foment.com\/wp-content\/uploads\/2021\/11\/photo1636649833-2.jpeg\" alt=\"\" \/><\/li><li><img src=\"https:\/\/www.foment.com\/wp-content\/uploads\/2021\/11\/photo1636649833-1.jpeg\" alt=\"\" \/><\/li><\/ul><\/div>[vc_column_text]<span style=\"color: #c1002b;\"><strong>Escuchar, compartir y sumar<\/strong><\/span><\/p>\n<p>El pr\u00f3ximo 18 y 19 de noviembre el distrito de Nou Barris acoger\u00e1 las II Jornadas de desarrollo econ\u00f3mico local de Nou Barris, despu\u00e9s del \u00e9xito del a\u00f1o anterior, cuando se recogieron reflexiones y propuestas de los diferentes agentes del territorio que contribuyeron a la elaboraci\u00f3n del nuevo Plan de Desarrollo Econ\u00f3mico del Distrito 2021-2024.<\/p>\n<p>La primera sesi\u00f3n, la del d\u00eda 18, tratar\u00e1 sobre los\u00a0Factores que articulan una econom\u00eda local\u00a0y la segunda, el d\u00eda 19, en formato de sesi\u00f3n de trabajo, sobre\u00a0El desarrollo local desde la Econom\u00eda Social y Solidaria.<\/p>\n<p>Este a\u00f1o estas jornadas con agentes locales contar\u00e1n con representantes del tejido econ\u00f3mico, empresarial y comercial del distrito para compartir las principales ideas surgidas hoy y buscar puntos en com\u00fan que trabajen por una recuperaci\u00f3n econ\u00f3mica local en clave global.<\/p>\n<p>Ambas jornadas, tanto la del d\u00eda 11 como la de los d\u00edas 18 y 19 de noviembre, quieren establecer un di\u00e1logo real entre diferentes sectores que trabajan por el bien de la econom\u00eda y su recuperaci\u00f3n despu\u00e9s de la pandemia de la Covid-19. El\u00a0FORO NUEVE BARRIOS\u00a0tiene como objetivo que este di\u00e1logo aporte oportunidades en el territorio, y tambi\u00e9n, talento al sector econ\u00f3mico del pa\u00eds.<\/p>\n<p>El\u00a0FORO NUEVE BARRIOS, que\u00a0nace con la voluntad de ser un espacio de di\u00e1logo estable y regular donde hablar de econom\u00eda de pa\u00eds desde los barrios, es una apuesta municipal para generar di\u00e1logo sobre el impulso econ\u00f3mico y la aceleraci\u00f3n puesto-pandemia entre las principales entidades econ\u00f3micas del pa\u00eds y el tejido econ\u00f3mico local.<\/p>\n<p>La elige de Nou Barris como sede de este debate no es casual, puesto que este distrito es lleno de talento, pero faltan oportunidades, cuanto m\u00e1s de una vez han remarcado desde el Distrito. Nueve Barrios es uno de los distritos de Barcelona donde el desarrollo empresarial y laboral acontecen m\u00e1s dif\u00edcil y complejos. Los \u00faltimos datos econ\u00f3micos indican que tiene uno de los niveles de renta m\u00e1s bajo de la ciudad y una de las tasas de paro estimada m\u00e1s altas.<\/p>\n<p>Por este motivo, desde el Ayuntamiento de Barcelona se ha apostado por la descentralizaci\u00f3n de esta iniciativa de reflexi\u00f3n y debate sobre la situaci\u00f3n econ\u00f3mica actual y llevarla a un emplazamiento diferente de los habituales. De este modo, Nueve Barrios ser\u00e1 en el decurso de dos semanas el epicentro barcelon\u00e9s del debate econ\u00f3mico en clave de pa\u00eds.[\/vc_column_text][\/vc_column][\/vc_row]<\/p>\n<\/section>","protected":false},"excerpt":{"rendered":"<p>[vc_row][vc_column][vc_column_text] Representantes del Instituto Cerd\u00e0, Fomento del Trabajo, C\u00edrculo de Econom\u00eda, C\u00e1mara de Comercio y Colegio de Economistas y expertos se dan cita al distrito de Nou Barris para analizar como tiene que ser la estrategia para dinamizar la econom\u00eda local. El di\u00e1logo sobre el impulso econ\u00f3mico se trabajar\u00e1 conjuntamente con el tejido econ\u00f3mico y empresarial del distrito. La Casa del agua de la Trinidad Nueva del distrito de Nou Barris ha acogido hoy el primer FORO NUEVE BARRIOS, dedicado a la recuperaci\u00f3n econ\u00f3mica. Una apuesta del distrito de Nou Barris para debatir sobre c\u00f3mo tienen que ser las pol\u00edticas econ\u00f3micas del presente, y del futuro m\u00e1s inmediato, para acelerar la recuperaci\u00f3n econ\u00f3mica de la ciudad y del pa\u00eds. Para hacerlo, el distrito ha organizado esta primera jornada que ha contado con la presencia de representantes de las principales entidades econ\u00f3micas de Barcelona y Catalu\u00f1a y ha apostado porque este debate tenga lugar en uno de los distritos donde la econom\u00eda y el desarrollo empresarial y laboral acontecen m\u00e1s dif\u00edciles y complejos. Consulta el hilo de tuits con el video de la sesi\u00f3n y algunas de las intervenciones de los ponientes:[\/vc_column_text][vc_raw_html]aHR0cHMlM0ElMkYlMkZ0d2l0dGVyLmNvbSUyRkZvbWVudFRyZWJhbGwlMkZzdGF0dXMlMkYxNDU4NzQ4Mjg4NzQ4OTk0NTYw[\/vc_raw_html][vc_column_text]Por Jaume Collboni, primer Teniente de Alcalde de Barcelona, que [&hellip;]<\/p>\n","protected":false},"author":10,"featured_media":131897,"comment_status":"closed","ping_status":"closed","sticky":false,"template":"","format":"standard","meta":{"_links_to":"","_links_to_target":""},"categories":[114,68],"tags":[6010,5993,5994,3073,2829],"acf":[],"wps_subtitle":"El 18 y 19 de noviembre tendr\u00e1 lugar una segunda jornada con representantes econ\u00f3micos y sociales del distrito","_links":{"self":[{"href":"https:\/\/www.foment.com\/es\/wp-json\/wp\/v2\/posts\/131952"}],"collection":[{"href":"https:\/\/www.foment.com\/es\/wp-json\/wp\/v2\/posts"}],"about":[{"href":"https:\/\/www.foment.com\/es\/wp-json\/wp\/v2\/types\/post"}],"author":[{"embeddable":true,"href":"https:\/\/www.foment.com\/es\/wp-json\/wp\/v2\/users\/10"}],"replies":[{"embeddable":true,"href":"https:\/\/www.foment.com\/es\/wp-json\/wp\/v2\/comments?post=131952"}],"version-history":[{"count":3,"href":"https:\/\/www.foment.com\/es\/wp-json\/wp\/v2\/posts\/131952\/revisions"}],"predecessor-version":[{"id":132096,"href":"https:\/\/www.foment.com\/es\/wp-json\/wp\/v2\/posts\/131952\/revisions\/132096"}],"wp:featuredmedia":[{"embeddable":true,"href":"https:\/\/www.foment.com\/es\/wp-json\/wp\/v2\/media\/131897"}],"wp:attachment":[{"href":"https:\/\/www.foment.com\/es\/wp-json\/wp\/v2\/media?parent=131952"}],"wp:term":[{"taxonomy":"category","embeddable":true,"href":"https:\/\/www.foment.com\/es\/wp-json\/wp\/v2\/categories?post=131952"},{"taxonomy":"post_tag","embeddable":true,"href":"https:\/\/www.foment.com\/es\/wp-json\/wp\/v2\/tags?post=131952"}],"curies":[{"name":"wp","href":"https:\/\/api.w.org\/{rel}","templated":true}]}}