{"id":132635,"date":"2021-11-19T13:59:52","date_gmt":"2021-11-19T12:59:52","guid":{"rendered":"https:\/\/www.foment.com\/president-reuneix-ambaixador-colombia\/"},"modified":"2021-11-19T14:23:48","modified_gmt":"2021-11-19T13:23:48","slug":"presidente-reunion-embajador-colombia","status":"publish","type":"post","link":"https:\/\/www.foment.com\/es\/presidente-reunion-embajador-colombia\/","title":{"rendered":"El presidente de Foment se re\u00fane con el embajador de Colombia"},"content":{"rendered":"<section class=\"wpb-content-wrapper\"><p>[vc_row][vc_column width=\u00bb1\/1&#8243;][vc_column_text]El embajador de Colombia en Espa\u00f1a, <strong>Luis Guillermo<\/strong> Plata, se ha reunido con el presidente de Foment del Treball, <strong>Josep S\u00e1nchez Llibre<\/strong>, para analizar las posibles v\u00edas de cooperaci\u00f3n para animar los empresarios a identificar las numerosas oportunidades de negocio existentes al extranjero. En esta l\u00ednea, han acordado trabajar en una misi\u00f3n comercial a Colombia.<\/p>\n<p>Esta reuni\u00f3n se inscribe en la agenda anual de contactos intensa que mantiene Foment con representantes pol\u00edticos, institucionales y empresariales de todo el mundo a fin de potenciar la diplomacia econ\u00f3mica, ayudar a las empresas en la apertura a nuevos mercados, favoreciendo su proyecci\u00f3n exterior, as\u00ed como presentar el pa\u00eds como una de las regiones de Europa m\u00e1s atractivas para captar inversiones.<\/p>\n<p>Tambi\u00e9n han participado al encuentro el director de Internacional,<strong> Kilian Garcia<\/strong>; el consejero comercial de la Embajada de Colombia,<strong> Julio Rodr\u00edguez<\/strong>; y la c\u00f3nsul general de Colombia en Barcelona,<strong> Daniela Echavarr\u00eda<\/strong>.[\/vc_column_text]<div class=\"flexslider wpb_content_element\"><ul class=\"slides\"><li><img src=\"https:\/\/www.foment.com\/wp-content\/uploads\/2021\/11\/DSC_0113-scaled.jpg\" alt=\"\" \/><\/li><li><img src=\"https:\/\/www.foment.com\/wp-content\/uploads\/2021\/11\/DSC_0096-scaled.jpg\" alt=\"\" \/><\/li><li><img src=\"https:\/\/www.foment.com\/wp-content\/uploads\/2021\/11\/DSC_0109-scaled.jpg\" alt=\"\" \/><\/li><li><img src=\"https:\/\/www.foment.com\/wp-content\/uploads\/2021\/11\/DSC_0121-scaled.jpg\" alt=\"\" \/><\/li><li><img src=\"https:\/\/www.foment.com\/wp-content\/uploads\/2021\/11\/DSC_0078-scaled.jpg\" alt=\"\" \/><\/li><\/ul><\/div>[vc_column_text]<\/p>\n<div class=\"wpb_text_column wpb_content_element \"><span style=\"color: #c1002b;\"><strong>Foment Internacional. Detectar y aprovechar <\/strong><strong>oportunidades de negocio e inversi\u00f3n en todo el mundo<\/strong><\/span><\/div>\n<div class=\"wpb_text_column wpb_content_element \">\n<div class=\"wpb_wrapper\">\n<p>Foment organiza misiones empresariales para la apertura de nuevos mercados y ofrece numerosas jornadas anuales de detecci\u00f3n de oportunidades de negocio e inversi\u00f3n en todo el mundo.<\/p>\n<p>As\u00ed, las jornadas que organiza el Departamento Internacional de Fomento proporcionan una visi\u00f3n integral, clara y pr\u00e1ctica de temas que son importantes para la empresa que est\u00e1 en proceso de internacionalizaci\u00f3n o que est\u00e1 internacionalizada y necesita estrategias para continuar con su crecimiento.[\/vc_column_text][\/vc_column][\/vc_row]<\/p>\n<\/div>\n<\/div>\n<\/section>","protected":false},"excerpt":{"rendered":"<p>[vc_row][vc_column width=\u00bb1\/1&#8243;][vc_column_text]El embajador de Colombia en Espa\u00f1a, Luis Guillermo Plata, se ha reunido con el presidente de Foment del Treball, Josep S\u00e1nchez Llibre, para analizar las posibles v\u00edas de cooperaci\u00f3n para animar los empresarios a identificar las numerosas oportunidades de negocio existentes al extranjero. En esta l\u00ednea, han acordado trabajar en una misi\u00f3n comercial a Colombia. Esta reuni\u00f3n se inscribe en la agenda anual de contactos intensa que mantiene Foment con representantes pol\u00edticos, institucionales y empresariales de todo el mundo a fin de potenciar la diplomacia econ\u00f3mica, ayudar a las empresas en la apertura a nuevos mercados, favoreciendo su proyecci\u00f3n exterior, as\u00ed como presentar el pa\u00eds como una de las regiones de Europa m\u00e1s atractivas para captar inversiones. Tambi\u00e9n han participado al encuentro el director de Internacional, Kilian Garcia; el consejero comercial de la Embajada de Colombia, Julio Rodr\u00edguez; y la c\u00f3nsul general de Colombia en Barcelona, Daniela Echavarr\u00eda.[\/vc_column_text][vc_column_text] Foment Internacional. Detectar y aprovechar oportunidades de negocio e inversi\u00f3n en todo el mundo Foment organiza misiones empresariales para la apertura de nuevos mercados y ofrece numerosas jornadas anuales de detecci\u00f3n de oportunidades de negocio e inversi\u00f3n en todo el mundo. As\u00ed, las jornadas que organiza el Departamento Internacional de Fomento [&hellip;]<\/p>\n","protected":false},"author":10,"featured_media":132629,"comment_status":"closed","ping_status":"closed","sticky":false,"template":"","format":"standard","meta":{"_links_to":"","_links_to_target":""},"categories":[114,72],"tags":[1826,3900,6038],"acf":[],"wps_subtitle":"Han acordado el impulso de una misi\u00f3n comercial en Colombia","_links":{"self":[{"href":"https:\/\/www.foment.com\/es\/wp-json\/wp\/v2\/posts\/132635"}],"collection":[{"href":"https:\/\/www.foment.com\/es\/wp-json\/wp\/v2\/posts"}],"about":[{"href":"https:\/\/www.foment.com\/es\/wp-json\/wp\/v2\/types\/post"}],"author":[{"embeddable":true,"href":"https:\/\/www.foment.com\/es\/wp-json\/wp\/v2\/users\/10"}],"replies":[{"embeddable":true,"href":"https:\/\/www.foment.com\/es\/wp-json\/wp\/v2\/comments?post=132635"}],"version-history":[{"count":4,"href":"https:\/\/www.foment.com\/es\/wp-json\/wp\/v2\/posts\/132635\/revisions"}],"predecessor-version":[{"id":132637,"href":"https:\/\/www.foment.com\/es\/wp-json\/wp\/v2\/posts\/132635\/revisions\/132637"}],"wp:featuredmedia":[{"embeddable":true,"href":"https:\/\/www.foment.com\/es\/wp-json\/wp\/v2\/media\/132629"}],"wp:attachment":[{"href":"https:\/\/www.foment.com\/es\/wp-json\/wp\/v2\/media?parent=132635"}],"wp:term":[{"taxonomy":"category","embeddable":true,"href":"https:\/\/www.foment.com\/es\/wp-json\/wp\/v2\/categories?post=132635"},{"taxonomy":"post_tag","embeddable":true,"href":"https:\/\/www.foment.com\/es\/wp-json\/wp\/v2\/tags?post=132635"}],"curies":[{"name":"wp","href":"https:\/\/api.w.org\/{rel}","templated":true}]}}