{"id":132887,"date":"2021-11-23T19:01:02","date_gmt":"2021-11-23T18:01:02","guid":{"rendered":"https:\/\/www.foment.com\/premis-atlante-millors-iniciatives-empresarials-abordar-impacte-covid-19\/"},"modified":"2021-11-23T20:12:22","modified_gmt":"2021-11-23T19:12:22","slug":"premios-atlante-mejores-iniciativas-empresariales-abordar-impacto-covid-19","status":"publish","type":"post","link":"https:\/\/www.foment.com\/es\/premios-atlante-mejores-iniciativas-empresariales-abordar-impacto-covid-19\/","title":{"rendered":"Foment del Treball premia las mejores iniciativas empresariales para abordar el impacto de la Covid-19"},"content":{"rendered":"<section class=\"wpb-content-wrapper\"><p>[vc_row][vc_column][vc_column_text]<\/p>\n<ul>\n<li><strong>En la edici\u00f3n especial Covid-19 de los Premios Atlante de PRL, Foment ha premiado el Escorxador Frigor\u00edfic d\u2019Osona, Autopistas An Abertis Company, Grupo Buen Precio y Mercabarna.<\/strong><\/li>\n<li><strong>Como Premio Especial del Jurado, los Premios Atlante de Foment reconocen al Instituto Catal\u00e1n de la Salud, entidad de referencia del sistema sanitario p\u00fablico catal\u00e1n, por la gesti\u00f3n de la pandemia de la Covid-19, as\u00ed como por la intensa actividad asesora, investigadora y de informaci\u00f3n que ha facilitado que las empresas puedan desarrollar su tarea ante la pandemia.<\/strong><\/li>\n<\/ul>\n<p>Foment del Treball ha premiado a cuatro empresas por ser ejemplo de \u00e9xito en la implantaci\u00f3n efectiva de la prevenci\u00f3n de riesgos laborales. Concretamente, <strong>en la 10\u00aa edici\u00f3n de los Premios Atlante de PRL especial Covid-19, Foment ha premiado el Escorxador Frigor\u00edfic d\u2019Osona, Autopistas An Abertis Company, Grupo Buen Precio y Mercabarna<\/strong>.<\/p>\n<p>A la vez, <strong>como Premio Especial del Jurado, los Premios Atlante de Foment reconocen el Institut Catal\u00e0 de la Salut<\/strong>, entidad de referencia del sistema sanitario p\u00fablico catal\u00e1n, por la gesti\u00f3n de la pandemia de la Covid-19, as\u00ed como por la intensa actividad asesora, investigadora y de informaci\u00f3n que ha facilitado que las empresas puedan desarrollar su tarea ante la pandemia.<\/p>\n<p>El presidente de Foment,<strong> Josep S\u00e1nchez Llibre<\/strong>, ha inaugurado el acto agradeciendo a todas las empresas su implicaci\u00f3n en la adopci\u00f3n de medidas preventivas contra la Covid-19 y anim\u00e1ndolas a no desfallecer en la lucha contra la pandemia. <strong>\u201cGracias a la responsabilidad y a los esfuerzos de las empresas, los resultados obtenidos para controlar los contagios en los centros de trabajo han estado excelentes\u201d<\/strong>, ha destacado.<\/p>\n<p>Por su parte, el secretario de Empresa y Competitividad del Gobierno de la Generalitat de Catalu\u00f1a, <strong>Albert Castellanos<\/strong>, ha defendido la importancia de los Premios Atlante con los cuales <strong>\u201cse reconoce una manera de entender la empresa que pone a las personas en el centro y que incorpora una cultura empresarial de la prevenci\u00f3n\u201d.<\/strong><\/p>\n<p>Castellanos tambi\u00e9n ha anunciado el <strong>acuerdo de Gobierno publicado hoy que declara el <a href=\"https:\/\/www.foment.com\/es\/celebramos-declaracion-27-junio-dia-nacional-empresa-cataluna\/\">27 de junio como D\u00eda Nacional de la Empresa en Catalu\u00f1a<\/a><\/strong>: \u201cporque hay que poner en valor su capacidad de transformaci\u00f3n y de generar valor compartido\u201d.[\/vc_column_text]<div class=\"flexslider wpb_content_element\"><ul class=\"slides\"><li><img src=\"https:\/\/www.foment.com\/wp-content\/uploads\/2021\/11\/IMG_3935.jpg\" alt=\"\" \/><\/li><li><img src=\"https:\/\/www.foment.com\/wp-content\/uploads\/2021\/11\/IMG_3944.jpg\" alt=\"\" \/><\/li><li><img src=\"https:\/\/www.foment.com\/wp-content\/uploads\/2021\/11\/IMG_4059.jpg\" alt=\"\" \/><\/li><li><img src=\"https:\/\/www.foment.com\/wp-content\/uploads\/2021\/11\/IMG_4066.jpg\" alt=\"\" \/><\/li><li><img src=\"https:\/\/www.foment.com\/wp-content\/uploads\/2021\/11\/IMG_3901.jpg\" alt=\"\" \/><\/li><li><img src=\"https:\/\/www.foment.com\/wp-content\/uploads\/2021\/11\/IMG_3907.jpg\" alt=\"\" \/><\/li><\/ul><\/div>[vc_column_text]<span style=\"color: #c1002b;\"><strong>Especial Covid-19. 10\u00aa edici\u00f3n 2020-2021<\/strong><\/span><\/p>\n<p>Desde su creaci\u00f3n, se han celebrado nueve ediciones de los Premios Atlante destinadas a reconocer las actuaciones desarrolladas por las empresas en la implantaci\u00f3n efectiva de la prevenci\u00f3n de riesgos laborales. Sin embargo, ante la situaci\u00f3n excepcional de crisis por la pandemia provocada por el coronavirus, Foment ha decidido dedicar la edici\u00f3n de este a\u00f1o al reconocimiento p\u00fablico de las buenas pr\u00e1cticas y al esfuerzo realizado por las empresas en la implantaci\u00f3n de las medidas preventivas para minimizar el riesgo de transmisi\u00f3n entre las personas trabajadoras.<\/p>\n<p><a href=\"https:\/\/www.foment.com\/es\/dieciocho-candidaturas-finalistas-edicion-especial-covid19-premios-atlante-prevencion-riesgos-laborales\/\">Dieciocho candidaturas han estado las finalistas<\/a> de la 10\u00aa edici\u00f3n de los Premios Atlante de Prevenci\u00f3n de Riesgos Laborales que Foment del Treball otorga de manera bienal. Finalmente los ganadores han estado:<\/p>\n<p><strong>El Escorxador Frigor\u00edfic d\u2019Osona en la categor\u00eda de \u201cGesti\u00f3n Empresarial\u201d<\/strong>, por la gesti\u00f3n realizada para evitar contagios en una pyme, de un sector tan vulnerable al coronavirus como el de la industria c\u00e1rnica. Se valoran especialmente las funciones desarrolladas por el comit\u00e9 de crisis, la implantaci\u00f3n de los agentes Covid y la adopci\u00f3n de determinadas medidas, como por ejemplo el servicio de autob\u00fas para evitar que los trabajadores compartan coche y garantizar el cumplimiento de los l\u00edmites de ocupaci\u00f3n.<\/p>\n<ul>\n<li><strong>Entrega el galard\u00f3n:<\/strong> Albert Castellanos, secretario de Empresa y Competitividad del Gobierno de la Generalitat de Catalu\u00f1a.<\/li>\n<li><strong>Recoge el galard\u00f3n:<\/strong> Francisco Sorolla Soro, gerente del Matadero Frigor\u00edfico de Osona.<\/li>\n<\/ul>\n<p>[\/vc_column_text]<div class=\"single_image wpb_content_element align-left    \" data-animation=\"none\" data-delay=\"0\"><img width=\"1240\" height=\"827\" src=\"https:\/\/www.foment.com\/wp-content\/uploads\/2021\/11\/IMG_3962.jpg\" class=\"attachment-full\" alt=\"\" loading=\"lazy\" title=\"IMG_3962\" srcset=\"https:\/\/www.foment.com\/wp-content\/uploads\/2021\/11\/IMG_3962.jpg 1240w, https:\/\/www.foment.com\/wp-content\/uploads\/2021\/11\/IMG_3962-300x200.jpg 300w, https:\/\/www.foment.com\/wp-content\/uploads\/2021\/11\/IMG_3962-1024x683.jpg 1024w, https:\/\/www.foment.com\/wp-content\/uploads\/2021\/11\/IMG_3962-768x512.jpg 768w, https:\/\/www.foment.com\/wp-content\/uploads\/2021\/11\/IMG_3962-600x400.jpg 600w\" sizes=\"(max-width: 1240px) 100vw, 1240px\" \/><\/div>[vc_column_text]<strong>Autopistas An Abertis Company en la categor\u00eda de \u201cProtecci\u00f3n de los Trabajadores\u201d<\/strong>, por el desarrollo del portal \u201cmi d\u00eda a d\u00eda\u201d. Se valora positivamente la utilidad de este canal de intranet, que ha permitido a los empleados mantenerse interconectados durante toda la situaci\u00f3n de emergencia sanitaria, compartiendo sus experiencias, y que ha servido para que los miembros del servicio de prevenci\u00f3n puedan informar de la situaci\u00f3n y compartir consejos preventivos. Tambi\u00e9n se destaca la puesta en marcha de un tel\u00e9fono de ayuda psicol\u00f3gica para todos los empleados y sus familiares.<\/p>\n<ul>\n<li><strong>Entrega el galard\u00f3n:<\/strong> Josep S\u00e1nchez Llibre, presidente de Foment del Treball.<\/li>\n<li><strong>Recoge el galard\u00f3n: <\/strong>Alberto Jim\u00e9nez Iglesias, responsable del sistema de gesti\u00f3n integrado y del servicio de prevenci\u00f3n mancomunado de Autopistas an Abertis Company.<\/li>\n<\/ul>\n<p>[\/vc_column_text]<div class=\"single_image wpb_content_element align-left    \" data-animation=\"none\" data-delay=\"0\"><img width=\"1240\" height=\"827\" src=\"https:\/\/www.foment.com\/wp-content\/uploads\/2021\/11\/IMG_3977.jpg\" class=\"attachment-full\" alt=\"\" loading=\"lazy\" title=\"IMG_3977\" srcset=\"https:\/\/www.foment.com\/wp-content\/uploads\/2021\/11\/IMG_3977.jpg 1240w, https:\/\/www.foment.com\/wp-content\/uploads\/2021\/11\/IMG_3977-300x200.jpg 300w, https:\/\/www.foment.com\/wp-content\/uploads\/2021\/11\/IMG_3977-1024x683.jpg 1024w, https:\/\/www.foment.com\/wp-content\/uploads\/2021\/11\/IMG_3977-768x512.jpg 768w, https:\/\/www.foment.com\/wp-content\/uploads\/2021\/11\/IMG_3977-600x400.jpg 600w\" sizes=\"(max-width: 1240px) 100vw, 1240px\" \/><\/div>[vc_column_text]<strong>Grup Bon Preu en la categor\u00eda de \u201cOrganizaci\u00f3n del Trabajo\u201d<\/strong>, por el desarrollo de actuaciones en materia de adaptaci\u00f3n de horarios y turnos de trabajo con el fin de facilitar la flexibilizaci\u00f3n y la conciliaci\u00f3n de los trabajadores. Se valoran especialmente las actuaciones relativas a la reducci\u00f3n de las jornadas de trabajo, el establecimiento de turnos no coincidentes y la adopci\u00f3n de medidas de flexibilizaci\u00f3n.<\/p>\n<ul>\n<li><strong>Entrega el galard\u00f3n:<\/strong> Josep S\u00e1nchez Llibre, presidente de Foment del Treball.<\/li>\n<li><strong>Recoge el galard\u00f3n: <\/strong>Antoni Ambl\u00e0s i Padr\u00f3s, asesor a la Presidencia del Grup Bon Preu.<\/li>\n<\/ul>\n<p>[\/vc_column_text]<div class=\"single_image wpb_content_element align-left    \" data-animation=\"none\" data-delay=\"0\"><img width=\"1240\" height=\"827\" src=\"https:\/\/www.foment.com\/wp-content\/uploads\/2021\/11\/IMG_3998.jpg\" class=\"attachment-full\" alt=\"\" loading=\"lazy\" title=\"IMG_3998\" srcset=\"https:\/\/www.foment.com\/wp-content\/uploads\/2021\/11\/IMG_3998.jpg 1240w, https:\/\/www.foment.com\/wp-content\/uploads\/2021\/11\/IMG_3998-300x200.jpg 300w, https:\/\/www.foment.com\/wp-content\/uploads\/2021\/11\/IMG_3998-1024x683.jpg 1024w, https:\/\/www.foment.com\/wp-content\/uploads\/2021\/11\/IMG_3998-768x512.jpg 768w, https:\/\/www.foment.com\/wp-content\/uploads\/2021\/11\/IMG_3998-600x400.jpg 600w\" sizes=\"(max-width: 1240px) 100vw, 1240px\" \/><\/div>[vc_column_text]<strong>Mercabarna en la categoria de \u201cMedicina del Treball\u201d<\/strong>, por el desarrollo de una campa\u00f1a de cribas masivas mediante la realizaci\u00f3n de pruebas de ant\u00edgenos a la unidad alimentaria del mercado mayorista. Se valora especialmente el amplio alcance de la campa\u00f1a y la complejidad log\u00edstica de promover y organizar las macetas masivas para los 7.500 trabajadores de las 600 empresas que se localizan en este espacio.<\/p>\n<ul>\n<li><strong>Entrega el galard\u00f3n: <\/strong>Albert Castellanos, secretario de Empresa y Competitividad del Gobierno de la Generalitat de Catalu\u00f1a.<\/li>\n<li><strong>Recoge el galard\u00f3n: <\/strong>Jordi Valls Riera, director general de Mercabarna.<\/li>\n<\/ul>\n<p>[\/vc_column_text]<div class=\"single_image wpb_content_element align-left    \" data-animation=\"none\" data-delay=\"0\"><img width=\"1240\" height=\"827\" src=\"https:\/\/www.foment.com\/wp-content\/uploads\/2021\/11\/IMG_4017.jpg\" class=\"attachment-full\" alt=\"\" loading=\"lazy\" title=\"IMG_4017\" srcset=\"https:\/\/www.foment.com\/wp-content\/uploads\/2021\/11\/IMG_4017.jpg 1240w, https:\/\/www.foment.com\/wp-content\/uploads\/2021\/11\/IMG_4017-300x200.jpg 300w, https:\/\/www.foment.com\/wp-content\/uploads\/2021\/11\/IMG_4017-1024x683.jpg 1024w, https:\/\/www.foment.com\/wp-content\/uploads\/2021\/11\/IMG_4017-768x512.jpg 768w, https:\/\/www.foment.com\/wp-content\/uploads\/2021\/11\/IMG_4017-600x400.jpg 600w\" sizes=\"(max-width: 1240px) 100vw, 1240px\" \/><\/div>[vc_column_text]Finalmente, como <strong>Premio Especial del Jurado se ha reconocido al Institut Catal\u00e0 de la Salut<\/strong> por la gesti\u00f3n de la pandemia de la Covid-19, as\u00ed como por la intensa actividad asesora, investigadora y de informaci\u00f3n que ha facilitado que las empresas puedan desarrollar su tarea ante la pandemia.<\/p>\n<ul>\n<li><strong>Entrega el galard\u00f3n: <\/strong>Josep S\u00e1nchez Llibre, presidente de Foment del Treball.<\/li>\n<li><strong>Recoge el galard\u00f3n: <\/strong>Yolanda Lejardi, directora gerente del Institut Catal\u00e0 de la Salut.<\/li>\n<\/ul>\n<p>[\/vc_column_text]<div class=\"flexslider wpb_content_element\"><ul class=\"slides\"><li><img src=\"https:\/\/www.foment.com\/wp-content\/uploads\/2021\/11\/IMG_4032.jpg\" alt=\"\" \/><\/li><li><img src=\"https:\/\/www.foment.com\/wp-content\/uploads\/2021\/11\/IMG_4040.jpg\" alt=\"\" \/><\/li><\/ul><\/div><div class=\"video-embed  wpb_content_element\"><iframe title=\"X edici\u00f3 dels Premis Atlante\" width=\"1161\" height=\"653\" src=\"https:\/\/www.youtube.com\/embed\/XsVt0lv36_8?feature=oembed\" frameborder=\"0\" allow=\"accelerometer; autoplay; clipboard-write; encrypted-media; gyroscope; picture-in-picture; web-share\" referrerpolicy=\"strict-origin-when-cross-origin\" allowfullscreen><\/iframe><\/div>[vc_column_text]<span style=\"color: #c1002b;\"><strong>20 a\u00f1os de la OPRL de Foment<\/strong><\/span><\/p>\n<p>Foment cre\u00f3 el 2001 la Oficina de Prevenci\u00f3n de Riesgos Laborales para desarrollar acciones de apoyo a la peque\u00f1a y mediana empresa de Catalu\u00f1a en el proceso de implantaci\u00f3n de la actividad preventiva. La tarea de la OPRL de Foment a lo largo de estas dos d\u00e9cadas se ha concretado en un cat\u00e1logo de servicios, actividades y productos espec\u00edficos para dar un servicio concreto a las empresas con la aplicaci\u00f3n de m\u00e9todos de comunicaci\u00f3n e informaci\u00f3n coherentes con las necesidades de las organizaciones.<\/p>\n<p>Los ejes centrales de actuaci\u00f3n de la OPRL se articulan en el servicio de asesoramiento t\u00e9cnico a las empresas, en actividades y servicios de informaci\u00f3n en prevenci\u00f3n de riesgos laborales, en la elaboraci\u00f3n de herramientas preventivas y en el fomento e incentivaci\u00f3n de \u00abbuenas pr\u00e1cticas preventivas\u00bb.<\/p>\n<p>Mediante el apoyo de Departamento de Empresa y Trabajo de la Generalitat de Catalu\u00f1a, en el 2021 se continuar\u00e1 promoviendo y potenciando el servicio de asesoramiento t\u00e9cnico en materia de prevenci\u00f3n de riesgos laborales a las empresas, la elaboraci\u00f3n de herramientas preventivas y el desarrollo de actividades de informaci\u00f3n.[\/vc_column_text][\/vc_column][\/vc_row]<\/p>\n<\/section>","protected":false},"excerpt":{"rendered":"<p>[vc_row][vc_column][vc_column_text] En la edici\u00f3n especial Covid-19 de los Premios Atlante de PRL, Foment ha premiado el Escorxador Frigor\u00edfic d\u2019Osona, Autopistas An Abertis Company, Grupo Buen Precio y Mercabarna. Como Premio Especial del Jurado, los Premios Atlante de Foment reconocen al Instituto Catal\u00e1n de la Salud, entidad de referencia del sistema sanitario p\u00fablico catal\u00e1n, por la gesti\u00f3n de la pandemia de la Covid-19, as\u00ed como por la intensa actividad asesora, investigadora y de informaci\u00f3n que ha facilitado que las empresas puedan desarrollar su tarea ante la pandemia. Foment del Treball ha premiado a cuatro empresas por ser ejemplo de \u00e9xito en la implantaci\u00f3n efectiva de la prevenci\u00f3n de riesgos laborales. Concretamente, en la 10\u00aa edici\u00f3n de los Premios Atlante de PRL especial Covid-19, Foment ha premiado el Escorxador Frigor\u00edfic d\u2019Osona, Autopistas An Abertis Company, Grupo Buen Precio y Mercabarna. A la vez, como Premio Especial del Jurado, los Premios Atlante de Foment reconocen el Institut Catal\u00e0 de la Salut, entidad de referencia del sistema sanitario p\u00fablico catal\u00e1n, por la gesti\u00f3n de la pandemia de la Covid-19, as\u00ed como por la intensa actividad asesora, investigadora y de informaci\u00f3n que ha facilitado que las empresas puedan desarrollar su tarea ante la pandemia. El [&hellip;]<\/p>\n","protected":false},"author":10,"featured_media":132886,"comment_status":"closed","ping_status":"closed","sticky":false,"template":"","format":"standard","meta":{"_links_to":"","_links_to_target":""},"categories":[114,218,5714,216],"tags":[2964,1209,985],"acf":[],"wps_subtitle":"10\u00aa edici\u00f3n de los Premios Atlante que Foment convoca para estimular, impulsar e incentivar positivamente el trabajo efectuado por las empresas en materia de prevenci\u00f3n de riesgos laborales","_links":{"self":[{"href":"https:\/\/www.foment.com\/es\/wp-json\/wp\/v2\/posts\/132887"}],"collection":[{"href":"https:\/\/www.foment.com\/es\/wp-json\/wp\/v2\/posts"}],"about":[{"href":"https:\/\/www.foment.com\/es\/wp-json\/wp\/v2\/types\/post"}],"author":[{"embeddable":true,"href":"https:\/\/www.foment.com\/es\/wp-json\/wp\/v2\/users\/10"}],"replies":[{"embeddable":true,"href":"https:\/\/www.foment.com\/es\/wp-json\/wp\/v2\/comments?post=132887"}],"version-history":[{"count":8,"href":"https:\/\/www.foment.com\/es\/wp-json\/wp\/v2\/posts\/132887\/revisions"}],"predecessor-version":[{"id":132911,"href":"https:\/\/www.foment.com\/es\/wp-json\/wp\/v2\/posts\/132887\/revisions\/132911"}],"wp:featuredmedia":[{"embeddable":true,"href":"https:\/\/www.foment.com\/es\/wp-json\/wp\/v2\/media\/132886"}],"wp:attachment":[{"href":"https:\/\/www.foment.com\/es\/wp-json\/wp\/v2\/media?parent=132887"}],"wp:term":[{"taxonomy":"category","embeddable":true,"href":"https:\/\/www.foment.com\/es\/wp-json\/wp\/v2\/categories?post=132887"},{"taxonomy":"post_tag","embeddable":true,"href":"https:\/\/www.foment.com\/es\/wp-json\/wp\/v2\/tags?post=132887"}],"curies":[{"name":"wp","href":"https:\/\/api.w.org\/{rel}","templated":true}]}}