{"id":133112,"date":"2021-11-28T09:30:30","date_gmt":"2021-11-28T08:30:30","guid":{"rendered":"https:\/\/www.foment.com\/?p=133112"},"modified":"2021-11-28T09:30:46","modified_gmt":"2021-11-28T08:30:46","slug":"isidre-faina-aitpa-galardonados-medallas-conmemorativas-250-aniversario","status":"publish","type":"post","link":"https:\/\/www.foment.com\/es\/isidre-faina-aitpa-galardonados-medallas-conmemorativas-250-aniversario\/","title":{"rendered":"Isidre Fain\u00e9 y la Asociaci\u00f3n Industrial Textil del Proceso Algodonero (AITPA), galardonados con las Medallas Conmemorativas del 250\u00ba aniversario de Foment"},"content":{"rendered":"<section class=\"wpb-content-wrapper\"><p>[vc_row][vc_column][vc_column_text]<\/p>\n<ul>\n<li><strong>Su Majestad el Rey presidir\u00e1 el acto de entrega de las Medallas Conmemorativas y de los XIV Premios Carles Ferrer Salat, en el marco del 250 aniversario de Foment del Treball Nacional.<\/strong><\/li>\n<li><strong>Los XIV Premios Carles Ferrer Salat reconocen a Bellapart como Pyme del A\u00f1o; a Grup Sorigu\u00e9 en la categor\u00eda de Compromiso Social; Hercal Diggers en Medio Ambiente; Carrefour en Igualdad; y dos premios ex aequos: grupo Eulen y Fundaci\u00f3n Garc\u00eda Cugat en Innovaci\u00f3n; y Fluidra y Wallbox en Internacionalizaci\u00f3n.<\/strong><\/li>\n<li><strong>El MNAC acoger\u00e1 ma\u00f1ana los actos de celebraci\u00f3n del 250 aniversario de la entidad, que incluyen la entrega de las Medallas Conmemorativas por el 250 aniversario y la XIV edici\u00f3n de los Premios Carles Ferrer Salat.<\/strong><\/li>\n<\/ul>\n<p>El presidente de la Fundaci\u00f3 Bancaria la Caixa, Isidre Fain\u00e9, y la Asociaci\u00f3n Industrial Textil del Proceso Algodonero (AITPA) recibir\u00e1n ma\u00f1ana sendas Medallas Conmemorativas del 250\u00ba aniversario de Foment del Treball Nacional.<strong> Su Majestad el Rey <\/strong>presidir\u00e1 el Museu Nacional d&#8217;Art de Catalunya (MNAC) acoger\u00e1 el acto de entrega de las Medallas Conmemorativas y de los XIV Premios Carles Ferrer Salat en el marco del <strong>250 aniversario de Foment del Treball<\/strong>, la patronal m\u00e1s antigua de Europa, fundada en 1771.<\/p>\n<p>En la ceremonia de entrega est\u00e1 tambi\u00e9n previsto que, entre los asistentes al evento, se encuentren el <strong>presidente de la Generalitat, Pere Aragon\u00e9s<\/strong>; el <strong>ministro de Inclusi\u00f3n, Seguridad Social y Migraciones, Jos\u00e9 Luis Escriv\u00e1;<\/strong> la <strong>ministra de Transportes, Movilidad y Agenda Urbana, Raquel S\u00e1nchez<\/strong>; la <strong>alcaldesa de Barcelona, Ada Colau<\/strong>; as\u00ed como el <strong>presidente de Arag\u00f3n, Javier Lamb\u00e1n<\/strong>; y el <strong>presidente de la Comunidad Valenciana, Ximo Puig.<\/strong><\/p>\n<p>Las Medallas Conmemorativas y los Premios Carles Ferrer Salat de Foment reconocen la tarea realizada por empresas y destacados empresarios y empresarias durante el \u00faltimo a\u00f1o o a lo largo de su trayectoria. La edici\u00f3n de este a\u00f1o ha contado con el apoyo de Boehringer Ingelheim, CaixaBank, Endesa, Repsol, PwC y Telef\u00f3nica. Adem\u00e1s, en los actos del 250\u00ba aniversario colaboran Glovo, Gran Thornton y Naturgy, adem\u00e1s del Ayuntamiento de Barcelona y la Diputaci\u00f3n de Barcelona.<\/p>\n<p><span style=\"color: #c1002b\"><strong>Medallas Conmemorativas 250\u00ba aniversario Foment del Treball<\/strong><\/span><\/p>\n<p>En esta edici\u00f3n, Foment distingue <strong>al Presidente de la Fundaci\u00f3n Bancaria la Caixa y\u00a0 Presidente del Consejo de Administraci\u00f3n de CriteriaCaixa, Isidre Fain\u00e9<\/strong>, en reconocimiento a su trayectoria empresarial y compromiso social. Tambi\u00e9n es merecedora de este galard\u00f3n la <strong>Asociaci\u00f3n Industrial Textil del Proceso Algodonero (AITPA),<\/strong> entidad que simboliza los or\u00edgenes de Foment del Treball porque acumula la historia de la industria textil algodonera, sector pionero de la industrializaci\u00f3n en Espa\u00f1a.<\/p>\n<p><span style=\"color: #c1002b\"><strong>XIV Premios Carles Ferrer Salat<\/strong><\/span><\/p>\n<p>El jurado de esta edici\u00f3n ha galardonado a ocho empresas con los Premios Carles Ferrer Salat. Lo ha hecho en las categor\u00edas de Compromiso Social, Innovaci\u00f3n, Medio Ambiente, Internacionalizaci\u00f3n, Igualdad y Pyme del A\u00f1o.<\/p>\n<ul>\n<li><strong>Compromiso Social &#8211; <\/strong><strong>Grup Sorigu\u00e9 <\/strong><\/li>\n<li><strong>Innovaci\u00f3n &#8211; <\/strong><strong>Grupo Eulen y Fundaci\u00f3n Cugat <\/strong><\/li>\n<li><strong>Medio Ambiente &#8211; <\/strong><strong>Hercal Diggers <\/strong><\/li>\n<li><strong>Internacionalizaci\u00f3n &#8211; <\/strong><strong>Fluidra y Wallbox <\/strong><\/li>\n<li><strong>Igualdad &#8211; <\/strong><strong>Carrefour <\/strong><\/li>\n<li><strong>Pyme del A\u00f1o &#8211; <\/strong><strong>Bellapart <\/strong><\/li>\n<\/ul>\n<p>Con el premio en la categor\u00eda <strong>Compromiso Social<\/strong>, el jurado reconoce a <strong>Grup Sorigu\u00e9<\/strong>. Foment ha querido premiar a la compa\u00f1\u00eda por su vocaci\u00f3n de retorno y su labor social, en especial, por favorecer la integraci\u00f3n de personas en riesgo de exclusi\u00f3n social y por su compromiso con la cultura a trav\u00e9s de la creaci\u00f3n una de las colecciones de arte contempor\u00e1neo m\u00e1s importantes de Espa\u00f1a. Adem\u00e1s, tambi\u00e9n ha valorado las diversas iniciativas y medidas del grupo durante la pandemia del COVID-19.<\/p>\n<p>En la categor\u00eda de <strong>Innovaci\u00f3n<\/strong>, Foment galardona <strong>grupo Eulen y Fundaci\u00f3n Cugat ex aequo<\/strong>. El <strong>Grupo EULEN<\/strong> recibe el premio por la puesta en marcha de la Sala de Transformaci\u00f3n digital Virtual liderada por la Direcci\u00f3n T\u00e9cnica de Servicios Auxiliares y el Departamento de Formaci\u00f3n. Este proyecto se enmarca dentro del Aula de Transformaci\u00f3n Digital de la Universidad Corporativa EULEN (UCE), que tiene como objetivo fomentar la incorporaci\u00f3n de la cultura digital en sus procesos, tanto internos como en el cliente. Foment quiere poner en valor que la compa\u00f1\u00eda ha creado un entorno abierto, innovador y transversal a todas las operaciones y procesos para todos los profesionales que forman parte de ella.<\/p>\n<p>En el caso de la <strong>Fundaci\u00f3n Cugat<\/strong>, Foment destaca su capacidad de innovaci\u00f3n en el tratamiento de patolog\u00edas de traumatolog\u00eda, ortopedia y fisioterapia, con un peso destacado en la investigaci\u00f3n en el \u00e1rea de salud.\u00a0 Foment tambi\u00e9n quiere destacar los avances de esta fundaci\u00f3n en las terapias biol\u00f3gicas y regenerativas, mediante el estudio del PRP y su aplicaci\u00f3n para la regeneraci\u00f3n musculoesquel\u00e9tica.<\/p>\n<p>En la categor\u00eda de<strong> Medio Ambiente <\/strong>se reconoce<strong> a Hercal Diggers<\/strong>, especialistas en derribos, demoliciones, excavaciones y movimiento de tierras, proyectos de obra civil, edificaci\u00f3n y rehabilitaci\u00f3n de edificios. Se valoran las mejoras en el comportamiento ambiental, y el impulso de nuevas tecnolog\u00edas y procesos que favorecen una producci\u00f3n m\u00e1s ecoeficiente llevada a cabo por la compa\u00f1\u00eda. Foment quiere poner en valor como ejemplo de aplicaci\u00f3n de econom\u00eda circular en el \u00e1mbito de la construcci\u00f3n la planta de valorizaci\u00f3n de residuos de la construcci\u00f3n H-ZERO creada por la empresa, que permite obtener un \u00e1rido reciclado lavado de gran calidad procedente de los residuos de la construcci\u00f3n y demolici\u00f3n.<\/p>\n<p>El premio a la categor\u00eda <strong>Internacionalizaci\u00f3n <\/strong>se le ha concedido a <strong>Fluidra <\/strong>y<strong> Wallbox<\/strong>. De <strong>Fluidra<\/strong>, Foment destaca su capacidad de posicionarse a escala internacional, convirti\u00e9ndose en embajadora de la calidad, la competitividad i la excelencia del sector empresarial catal\u00e1n, y por ser referencia mundial en su segmento de mercado: las piscinas. En el caso de <strong>Wallbox<\/strong>, Foment ha querido premiar su r\u00e1pida capacidad de crecimiento y posicionamiento global. El premio destaca la tecnolog\u00eda de Wallbox para la integraci\u00f3n de carga el\u00e9ctrica inteligente en el sector de la automoci\u00f3n, y su aplicaci\u00f3n a la gesti\u00f3n de la energ\u00eda para edificios.<\/p>\n<p>Por tercer a\u00f1o consecutivo, Foment entrega el Premio Carles Ferrer Salat en la categor\u00eda de <strong>Igualdad<\/strong>. La patronal premia a <strong>Carrefour <\/strong>por el plan en esta materia desarrollado por la compa\u00f1\u00eda, que se centra en prevenir el acoso y la discriminaci\u00f3n, en garantizar la igualdad de trato y de oportunidades en los procesos de selecci\u00f3n, en fomentar el\u00a0 equilibrio entre hombres y mujeres en las diferentes \u00e1reas de la compa\u00f1\u00eda, en favorecer la igualdad de oportunidades en la promoci\u00f3n interna, en promover la conciliaci\u00f3n de la vida laboral y familiar, y en garantizar la igualdad retributiva, entre otros aspectos.<\/p>\n<p>Por \u00faltimo, y tambi\u00e9n por tercer a\u00f1o, la patronal otorga el galard\u00f3n en la categor\u00eda de <strong>Pyme del A\u00f1o<\/strong>. <strong>Bellapart<\/strong> es la pime galardonada. Se trata de una empresa familiar con m\u00e1s de 80 a\u00f1os de actividad empresarial y un legado de entusiasmo, perseverancia y calidad. Foment quiere poner en relieve que la compa\u00f1\u00eda es referente por su excelencia y su capacidad de trabajar con primeras figuras de la arquitectura y proyectos de renombre en el \u00e1mbito del vidrio.[\/vc_column_text]<div class=\"spacer\" style=\"height: 20px;\"><\/div>[\/vc_column][\/vc_row][vc_row][vc_column width=\u00bb1\/4&#8243;][\/vc_column][vc_column width=\u00bb1\/2&#8243;]<a href=\"https:\/\/www.foment.com\/wp-content\/uploads\/2021\/11\/DdP-Medallas-de-Honor-2021-y-XIV-Premios-Carles-Ferrer-Salat.pdf\" target=\"_self\" class=\"button color-3 large \" style=\"border-radius: 10px;\">DOSIER DE PRENSA PREMIADOS<\/a>[\/vc_column][vc_column width=\u00bb1\/4&#8243;][\/vc_column][\/vc_row][vc_row][vc_column]<div class=\"spacer\" style=\"height: 20px;\"><\/div>[vc_column_text]<strong><span style=\"color: #c1002b\">Los valores de Ferrer Salat<\/span><\/strong><\/p>\n<p>Con la instituci\u00f3n de sus premios anuales, Foment del Treball quiere reconocer y agradecer el esfuerzo y la determinaci\u00f3n de destacadas personalidades de nuestro entorno por su compromiso con el desarrollo social y empresarial. Brillante empresario catal\u00e1n, Ferrer Salat fue presidente de Foment en el momento del renacimiento de la patronal catalana con la llegada de la democracia: a la vez, fue tambi\u00e9n presidente fundador de la patronal espa\u00f1ola CEOE y posteriormente presidente de la gran patronal europea UNICE, hoy llamada Business Europe.<\/p>\n<p>Unos valores, los que representa Carles Ferrer Salat, que identifican plenamente los de Foment del Treball: la patronal catalana, la organizaci\u00f3n empresarial m\u00e1s antigua de Europa con cerca de 250 a\u00f1os de historia, que ha encarnado el entusiasmo de catalanes emprendedores por el progreso de Catalu\u00f1a y de Espa\u00f1a.[\/vc_column_text][\/vc_column][\/vc_row]<\/p>\n<\/section>","protected":false},"excerpt":{"rendered":"<p>[vc_row][vc_column][vc_column_text] Su Majestad el Rey presidir\u00e1 el acto de entrega de las Medallas Conmemorativas y de los XIV Premios Carles Ferrer Salat, en el marco del 250 aniversario de Foment del Treball Nacional. Los XIV Premios Carles Ferrer Salat reconocen a Bellapart como Pyme del A\u00f1o; a Grup Sorigu\u00e9 en la categor\u00eda de Compromiso Social; Hercal Diggers en Medio Ambiente; Carrefour en Igualdad; y dos premios ex aequos: grupo Eulen y Fundaci\u00f3n Garc\u00eda Cugat en Innovaci\u00f3n; y Fluidra y Wallbox en Internacionalizaci\u00f3n. El MNAC acoger\u00e1 ma\u00f1ana los actos de celebraci\u00f3n del 250 aniversario de la entidad, que incluyen la entrega de las Medallas Conmemorativas por el 250 aniversario y la XIV edici\u00f3n de los Premios Carles Ferrer Salat. El presidente de la Fundaci\u00f3 Bancaria la Caixa, Isidre Fain\u00e9, y la Asociaci\u00f3n Industrial Textil del Proceso Algodonero (AITPA) recibir\u00e1n ma\u00f1ana sendas Medallas Conmemorativas del 250\u00ba aniversario de Foment del Treball Nacional. Su Majestad el Rey presidir\u00e1 el Museu Nacional d&#8217;Art de Catalunya (MNAC) acoger\u00e1 el acto de entrega de las Medallas Conmemorativas y de los XIV Premios Carles Ferrer Salat en el marco del 250 aniversario de Foment del Treball, la patronal m\u00e1s antigua de Europa, fundada en 1771. En la [&hellip;]<\/p>\n","protected":false},"author":10,"featured_media":133107,"comment_status":"closed","ping_status":"closed","sticky":false,"template":"","format":"standard","meta":{"_links_to":"","_links_to_target":""},"categories":[114,68,127],"tags":[5685,6069,6074,6070,6071,6073],"acf":[],"wps_subtitle":"La celebraci\u00f3n del 250\u00ba aniversario de Foment del Treball contar\u00e1 con la asistencia de destacadas personalidades, entre las que se encuentran el presidente de la Generalitat de Catalunya, Pere Aragon\u00e9s, la ministra de Transportes, Movilidad y Agenda Urbana, Raquel S\u00e1nchez, el ministro de Inclusi\u00f3n, Seguridad Social y Migraciones, Jos\u00e9 Luis Escriv\u00e1 y la alcaldesa de Barcelona, Ada Colau","_links":{"self":[{"href":"https:\/\/www.foment.com\/es\/wp-json\/wp\/v2\/posts\/133112"}],"collection":[{"href":"https:\/\/www.foment.com\/es\/wp-json\/wp\/v2\/posts"}],"about":[{"href":"https:\/\/www.foment.com\/es\/wp-json\/wp\/v2\/types\/post"}],"author":[{"embeddable":true,"href":"https:\/\/www.foment.com\/es\/wp-json\/wp\/v2\/users\/10"}],"replies":[{"embeddable":true,"href":"https:\/\/www.foment.com\/es\/wp-json\/wp\/v2\/comments?post=133112"}],"version-history":[{"count":9,"href":"https:\/\/www.foment.com\/es\/wp-json\/wp\/v2\/posts\/133112\/revisions"}],"predecessor-version":[{"id":133126,"href":"https:\/\/www.foment.com\/es\/wp-json\/wp\/v2\/posts\/133112\/revisions\/133126"}],"wp:featuredmedia":[{"embeddable":true,"href":"https:\/\/www.foment.com\/es\/wp-json\/wp\/v2\/media\/133107"}],"wp:attachment":[{"href":"https:\/\/www.foment.com\/es\/wp-json\/wp\/v2\/media?parent=133112"}],"wp:term":[{"taxonomy":"category","embeddable":true,"href":"https:\/\/www.foment.com\/es\/wp-json\/wp\/v2\/categories?post=133112"},{"taxonomy":"post_tag","embeddable":true,"href":"https:\/\/www.foment.com\/es\/wp-json\/wp\/v2\/tags?post=133112"}],"curies":[{"name":"wp","href":"https:\/\/api.w.org\/{rel}","templated":true}]}}