{"id":133330,"date":"2021-11-30T01:14:00","date_gmt":"2021-11-30T00:14:00","guid":{"rendered":"https:\/\/www.foment.com\/sa-majestat-rei-presideix-acte-lliurament-medalles-commemoratives-premis-carles-ferrer-salat-250-aniversari\/"},"modified":"2022-04-26T16:48:19","modified_gmt":"2022-04-26T14:48:19","slug":"su-majesdad-rey-preside-acto-entrega-medallas-conmemorativas-premios-carles-ferrer-salat-250-aniversario","status":"publish","type":"post","link":"https:\/\/www.foment.com\/es\/su-majesdad-rey-preside-acto-entrega-medallas-conmemorativas-premios-carles-ferrer-salat-250-aniversario\/","title":{"rendered":"Su Majestad el Rey preside el acto de entrega de las Medallas Conmemorativas y de los XIV Premios Carles Ferrer Salat en el marco del 250 aniversario de Foment del Treball Nacional"},"content":{"rendered":"<section class=\"wpb-content-wrapper\"><p>[vc_row][vc_column width=\u00bb1\/1&#8243;][vc_column_text]<\/p>\n<ul>\n<li><strong>Isidre Fain\u00e9 y la Asociaci\u00f3n Industrial Textil del Proceso Algodonero (AITPA) han sido los galardonados con las Medallas Conmemorativas del 250\u00ba aniversario de Foment del Treball Nacional.<\/strong><\/li>\n<li><strong>El MNAC ha sido testigo de los actos de celebraci\u00f3n del 250 aniversario de la entidad, que han incluido la entrega de las Medallas Conmemorativas por el 250 aniversario y la XIV edici\u00f3n de los Premios Carles Ferrer Salat.<\/strong><\/li>\n<li><strong>Los XIV Premios Carles Ferrer Salat han reconocido a Bellapart como Pyme del A\u00f1o; a Grup Sorigu\u00e9 en la categor\u00eda de Compromiso Social; Hercal Diggers en Medio Ambiente; Carrefour en Igualdad; y dos premios ex aequos: grupo Eulen y Fundaci\u00f3n Garc\u00eda Cugat en Innovaci\u00f3n; y Fluidra y Wallbox en Internacionalizaci\u00f3n.<\/strong><\/li>\n<\/ul>\n<p>El Museu Nacional d&#8217;Art de Catalunya (MNAC) ha acogido esta noche los actos de celebraci\u00f3n del <strong>250\u00aa aniversario <\/strong>de<strong> Foment del Treball Nacional<\/strong>, la patronal m\u00e1s antigua de Europa, fundada en 1771.<\/p>\n<p><strong>Su Majestad el Rey<\/strong> se ha dirigido a los asistentes para transmitirles \u201ctodo mi aprecio y reconocimiento a lo que represent\u00e1is, no solo desde el punto de vista econ\u00f3mico, sino como transmisores de unos valores que tambi\u00e9n son imprescindibles para una sociedad fuerte y cohesionada. Una sociedad que sienta y viva con energ\u00eda la libertad creativa y emprendedora; que sepa animar y valorar las capacidades e iniciativas de las personas, el dinamismo y la audacia o valent\u00eda de los empresarios para arriesgar, innovar, aportar soluciones y generar bienes y servicios\u2026; una sociedad que al mismo tiempo mantenga, en su conjunto, una conciencia social que garantice su cohesi\u00f3n y bienestar\u201d.<\/p>\n<p><strong>Josep S\u00e1nchez Llibre<\/strong> ha destacado que \u201cuna sociedad con menos empresarios y m\u00e1s administraci\u00f3n no es a lo que debemos aspirar, sino que debemos exigir una correcta colaboraci\u00f3n p\u00fablicoprivada\u201d. Adem\u00e1s, ha comentado que \u201cante la sacudida que ha supuesto la epidemia, Europa ha sabido darle respuesta desde la cooperaci\u00f3n, desde la unidad, y no desde el enfrentamiento. Los fondos Next Generation son una oportunidad de oro tanto para la recuperaci\u00f3n, como para construir m\u00e1s Europa\u201d, lo que le ha llevado a concluir que \u201cla visi\u00f3n europea de los empresarios catalanes y espa\u00f1oles se consolida con una Europa m\u00e1s fuerte\u201d.<\/p>\n<p>Por \u00faltimo, S\u00e1nchez Llibre ha querido reconocer a Isidre Fain\u00e9: \u201cFoment fue una de las entidades fundadoras de La Caixa; la funci\u00f3n social que deb\u00eda tener La Caixa fue el elemento fundamental que los llev\u00f3 a su fundaci\u00f3n.\u00a0 La maestr\u00eda con la que Isidre Fain\u00e9 ha conducido la adaptaci\u00f3n del grupo La Caixa a CaixaBank, siguiendo las indicaciones regulatorias tanto del BCE como de la legislaci\u00f3n espa\u00f1ola, se ha hecho sin mermar en lo m\u00e1s m\u00ednimo la Obra Social, respetando su esp\u00edritu fundacional\u201d.<\/p>\n<p><strong>Isidre Fain\u00e9<\/strong>, presidente de la Fundaci\u00f3n Bancaria La Caixa y Medalla de Honor Conmemorativa del Aniversario de Foment, ha agradecido el reconocimiento y ha se\u00f1alado que lo recib\u00eda \u201cen nombre de todos aquellos que se han dejado la piel en su labor diaria para construir este grupo financiero y social\u201d. Adem\u00e1s, ha destacado \u201cel binomio econ\u00f3mico y de acci\u00f3n social que define a \u201cla Caixa\u201d, que, por un lado, invita a revertir los esfuerzos del d\u00eda a d\u00eda en la idea de enriquecer la empresa en la que trabajas, y por otro, conlleva el premio de que parte del beneficio vaya a quien m\u00e1s lo necesita\u201d.<\/p>\n<p>Tras el par\u00e9ntesis generado por la pandemia, los galardones anuales de <strong>Foment del Treball Nacional<\/strong> han retornado a la presencialidad y han contado con la presencia de <strong>Su Majestad el Rey<\/strong>, que ha otorgado la <strong>Medalla Conmemorativa a Isidre Fain\u00e9<\/strong>. Adem\u00e1s, entre los asistentes al evento se encontraban el presidente de la Generalitat, <strong>Pere Aragon\u00e9s<\/strong>; el ministro de Inclusi\u00f3n, Seguridad Social y Migraciones, <strong>Jos\u00e9 Luis Escriv\u00e1<\/strong>; la ministra de Transportes, Movilidad y Agenda Urbana, <strong>Raquel S\u00e1nchez<\/strong>; la alcaldesa de Barcelona, <strong>Ada Colau<\/strong>; as\u00ed como el presidente de Arag\u00f3n, Javier Lamb\u00e1n; y el presidente de la Comunidad Valenciana, <strong>Ximo Puig<\/strong>.<\/p>\n<p>Las Medallas Conmemorativas y los Premios Carles Ferrer Salat de Foment reconocen la tarea realizada por empresas y destacados empresarios y empresarias durante el \u00faltimo a\u00f1o o a lo largo de su trayectoria. La edici\u00f3n de este a\u00f1o ha contado con el apoyo de Boehringer Ingelheim, CaixaBank, Endesa, Repsol, PwC y Telef\u00f3nica. Adem\u00e1s, en los actos del 250\u00ba aniversario colaboran Glovo, Grant Thornton y Naturgy, adem\u00e1s del Ayuntamiento de Barcelona y la Diputaci\u00f3n de Barcelona.[\/vc_column_text]<div class=\"flexslider wpb_content_element\"><ul class=\"slides\"><li><img src=\"https:\/\/www.foment.com\/wp-content\/uploads\/2021\/11\/photo1638212405.jpeg\" alt=\"\" \/><\/li><li><img src=\"https:\/\/www.foment.com\/wp-content\/uploads\/2021\/11\/photo1638212402.jpeg\" alt=\"\" \/><\/li><li><img src=\"https:\/\/www.foment.com\/wp-content\/uploads\/2021\/11\/photo1638212404.jpeg\" alt=\"\" \/><\/li><li><img src=\"https:\/\/www.foment.com\/wp-content\/uploads\/2021\/11\/photo1638212402-1.jpeg\" alt=\"\" \/><\/li><li><img src=\"https:\/\/www.foment.com\/wp-content\/uploads\/2021\/11\/photo1638214244.jpeg\" alt=\"\" \/><\/li><li><img src=\"https:\/\/www.foment.com\/wp-content\/uploads\/2021\/11\/photo1638214254-1.jpeg\" alt=\"\" \/><\/li><li><img src=\"https:\/\/www.foment.com\/wp-content\/uploads\/2021\/11\/photo1638214246.jpeg\" alt=\"\" \/><\/li><li><img src=\"https:\/\/www.foment.com\/wp-content\/uploads\/2021\/11\/photo1638214254.jpeg\" alt=\"\" \/><\/li><li><img src=\"https:\/\/www.foment.com\/wp-content\/uploads\/2021\/11\/photo1638220827-1.jpeg\" alt=\"\" \/><\/li><li><img src=\"https:\/\/www.foment.com\/wp-content\/uploads\/2021\/11\/photo1638219757.jpeg\" alt=\"\" \/><\/li><li><img src=\"https:\/\/www.foment.com\/wp-content\/uploads\/2021\/11\/photo1638219703.jpeg\" alt=\"\" \/><\/li><li><img src=\"https:\/\/www.foment.com\/wp-content\/uploads\/2021\/11\/photo1638219688.jpeg\" alt=\"\" \/><\/li><li><img src=\"https:\/\/www.foment.com\/wp-content\/uploads\/2021\/11\/photo1638219704.jpeg\" alt=\"\" \/><\/li><li><img src=\"https:\/\/www.foment.com\/wp-content\/uploads\/2021\/11\/photo1638219706-2.jpeg\" alt=\"\" \/><\/li><li><img src=\"https:\/\/www.foment.com\/wp-content\/uploads\/2021\/11\/photo1638219715.jpeg\" alt=\"\" \/><\/li><\/ul><\/div>[vc_column_text]<span style=\"font-size: 10pt;\">Fotos de Job Vermeulen<\/span>[\/vc_column_text][vc_column_text]<span style=\"color: #c1002b;\"><strong>Medallas Conmemorativas 250\u00aa aniversario Foment del Treball<\/strong><\/span><\/p>\n<p>En esta edici\u00f3n, Foment ha distinguido al presidente de la Fundaci\u00f3n Bancaria la Caixa y presidente del Consejo de Administraci\u00f3n de Criteria Caixa, Isidre Fain\u00e9, en reconocimiento a su trayectoria empresarial y compromiso social. Tambi\u00e9n es merecedora de este galard\u00f3n la Asociaci\u00f3n Industrial Textil del Proceso Algodonero (AITPA), entidad que simboliza los or\u00edgenes de Foment del Treball porque acumula la historia de la industria textil algodonera, sector pionero de la industrializaci\u00f3n en Espa\u00f1a.[\/vc_column_text]<div class=\"flexslider wpb_content_element\"><ul class=\"slides\"><li><img src=\"https:\/\/www.foment.com\/wp-content\/uploads\/2021\/11\/photo1638219744.jpeg\" alt=\"\" \/><\/li><li><img src=\"https:\/\/www.foment.com\/wp-content\/uploads\/2021\/11\/photo1638219738.jpeg\" alt=\"\" \/><\/li><li><img src=\"https:\/\/www.foment.com\/wp-content\/uploads\/2021\/11\/photo1638219742.jpeg\" alt=\"\" \/><\/li><\/ul><\/div>[vc_column_text]<span style=\"font-size: 10pt;\">Fotos de Job Vermeulen<\/span>[\/vc_column_text][vc_column_text]<span style=\"color: #c1002b;\"><strong>XIV Premios Carles Ferrer Salat<\/strong><\/span><\/p>\n<p>El jurado de esta edici\u00f3n ha galardonado a ocho empresas con los Premios Carles Ferrer Salat. Lo ha hecho en las categor\u00edas de Compromiso Social, Innovaci\u00f3n, Medio Ambiente, Internacionalizaci\u00f3n, Igualdad y Pyme del A\u00f1o.<\/p>\n<ul>\n<li><strong>Compromiso Social \u2013\u00a0<\/strong><strong>Grup Sorigu\u00e9<\/strong><\/li>\n<li><strong>Innovaci\u00f3n \u2013\u00a0<\/strong><strong>Grupo Eulen y Fundaci\u00f3n Cugat<\/strong><\/li>\n<li><strong>Medio Ambiente \u2013\u00a0<\/strong><strong>Hercal Diggers<\/strong><\/li>\n<li><strong>Internacionalizaci\u00f3n \u2013\u00a0<\/strong><strong>Fluidra y Wallbox<\/strong><\/li>\n<li><strong>Igualdad \u2013\u00a0<\/strong><strong>Carrefour<\/strong><\/li>\n<li><strong>Pyme del A\u00f1o \u2013\u00a0<\/strong><strong>Bellapart<\/strong><\/li>\n<\/ul>\n<p>Con el premio en la categor\u00eda <strong>Compromiso Social<\/strong>, el jurado ha reconocido a la <strong>Grup Sorigu\u00e9<\/strong>. Foment ha querido premiar a la compa\u00f1\u00eda por su vocaci\u00f3n de retorno y su labor social, en especial, por favorecer la integraci\u00f3n de personas en riesgo de exclusi\u00f3n social y por su compromiso con la cultura a trav\u00e9s de la creaci\u00f3n de una de las colecciones de arte contempor\u00e1neo m\u00e1s importantes de Espa\u00f1a. Adem\u00e1s, tambi\u00e9n ha valorado las diversas iniciativas y medidas del grupo durante la pandemia del COVID-19. Este premio ha sido entregado por Jos\u00e9 Ignacio Goirigolzarri, presidente de CaixaBank y Josep M. Gardenyes, presidente de COELL, (Confederaci\u00f3 de organizaciones empresariales de Lleida).<\/p>\n<p>En la categor\u00eda de <strong>Innovaci\u00f3n<\/strong>, Foment ha galardonado <strong>grupo Eulen y Fundaci\u00f3n Cugat ex aequo<\/strong>. El <strong>Grupo Eulen<\/strong> ha recibido el premio por la puesta en marcha de la Sala de Transformaci\u00f3n digital Virtual liderada por la Direcci\u00f3n T\u00e9cnica de Servicios Auxiliares y el Departamento de Formaci\u00f3n. Este proyecto se enmarca en la Aula de Transformaci\u00f3n Digital de la Universidad Corporativa EULEN (UCE), que tiene como objetivo fomentar la incorporaci\u00f3n de la cultura digital en sus procesos, tanto internos como en el cliente. Foment quiere poner en valor que la compa\u00f1\u00eda ha creado un entorno abierto, innovador y transversal a todas las operaciones y procesos para todos los profesionales que forman parte de ella.<\/p>\n<p>En el caso de la <strong>Fundaci\u00f3n Cugat<\/strong>, Foment ha destacado su capacidad de innovaci\u00f3n en el tratamiento de patolog\u00edas de traumatolog\u00eda, ortopedia y fisioterapia, con un peso destacado en la investigaci\u00f3n en el \u00e1rea de salud.\u00a0 Foment tambi\u00e9n quiere destacar los avances de esta fundaci\u00f3n en las terapias biol\u00f3gicas y regenerativas, mediante el estudio del PRP y su aplicaci\u00f3n para la regeneraci\u00f3n musculoesquel\u00e9tica. Jos\u00e9 Manuel Casas, director general Territorio Este de Telef\u00f3nica sido el encargado de entregar estos premios.<\/p>\n<p><strong>Hercal Diggers<\/strong>, especialistas en derribos, demoliciones, excavaciones y movimiento de tierras, proyectos de obra civil, edificaci\u00f3n y rehabilitaci\u00f3n de edificios, ha recibido el Premio Carles Ferrer Salat de la mano de Javier Sancho Hern\u00e1ndez, director del complejo Industrial de Tarragona de Repsol en la categor\u00eda <strong>Medio Ambiente<\/strong> por las mejoras en el comportamiento ambiental, y el impulso de nuevas tecnolog\u00edas y procesos que favorecen una producci\u00f3n m\u00e1s ecoeficiente llevada a cabo por la compa\u00f1\u00eda. Foment quiere poner en valor como ejemplo de aplicaci\u00f3n de econom\u00eda circular en el \u00e1mbito de la construcci\u00f3n la planta de valorizaci\u00f3n de residuos de la construcci\u00f3n H-ZERO creada por la empresa, que permite obtener un \u00e1rido reciclado lavado de gran calidad procedente de los residuos de la construcci\u00f3n y demolici\u00f3n.<\/p>\n<p>El premio a la categor\u00eda <strong>Internacionalizaci\u00f3n <\/strong>se le ha concedido a <strong>Fluidra <\/strong>y<strong> Wallbox<\/strong>, que han recibido el premio de la mano de Ignacio Marull, socio responsable de PricewaterhouseCoopers en Catalu\u00f1a. De <strong>Fluidra<\/strong>, Foment ha destacado su capacidad de posicionarse a escala internacional, convirti\u00e9ndose en embajadora de la calidad, la competitividad i la excelencia del sector empresarial catal\u00e1n, y por ser referencia mundial en su segmento de mercado: las piscinas. En el caso de <strong>Wallbox<\/strong>, Foment ha querido premiar su r\u00e1pida capacidad de crecimiento y posicionamiento global. El premio destaca la tecnolog\u00eda de Wallbox para la integraci\u00f3n de carga el\u00e9ctrica inteligente en el sector de la automoci\u00f3n, y su aplicaci\u00f3n a la gesti\u00f3n de la energ\u00eda para edificios.<\/p>\n<p>Por tercer a\u00f1o consecutivo, Foment entrega el Premio Carles Ferrer Salat en la categor\u00eda de <strong>Igualdad<\/strong>. La patronal ha querido premiar a <strong>Carrefour <\/strong>por el plan en esta materia desarrollado por la compa\u00f1\u00eda, que se centra en prevenir el acoso y la discriminaci\u00f3n, en garantizar la igualdad de trato y de oportunidades en los procesos de selecci\u00f3n, en fomentar el\u00a0 equilibrio entre hombres y mujeres en las diferentes \u00e1reas de la compa\u00f1\u00eda, en favorecer la igualdad de oportunidades en la promoci\u00f3n interna, en promover la conciliaci\u00f3n de la vida laboral y familiar, y en garantizar la igualdad retributiva, entre otros aspectos. Este premio ha sido entregado por Isabel Buesa Gambau, directora general Catalunya de Endesa.<\/p>\n<p>Por \u00faltimo, y tambi\u00e9n por tercer a\u00f1o, la patronal ha otorgado el galard\u00f3n en la categor\u00eda de <strong>Pyme del A\u00f1o<\/strong>. <strong>Bellapart <\/strong>es la pyme galardonada. Se trata de una empresa familiar con m\u00e1s de 80 a\u00f1os de actividad empresarial y un legado de entusiasmo, perseverancia y calidad. Foment quiere poner en relieve que la compa\u00f1\u00eda es referente por su excelencia y su capacidad de trabajar con primeras figuras de la arquitectura y proyectos de renombre en el \u00e1mbito del vidrio. Este galard\u00f3n ha sido entregado por Peter Ploeger, Country Managing Director and Head of Human Pharma de Boehringer Ingelheim y Ernest Plana, president de la FOEG (Federaci\u00f3n de organizaciones empresariales de Girona).[\/vc_column_text]<div class=\"flexslider wpb_content_element\"><ul class=\"slides\"><li><img src=\"https:\/\/www.foment.com\/wp-content\/uploads\/2021\/11\/photo1638219707.jpeg\" alt=\"\" \/><\/li><li><img src=\"https:\/\/www.foment.com\/wp-content\/uploads\/2021\/11\/photo1638219710-1.jpeg\" alt=\"\" \/><\/li><li><img src=\"https:\/\/www.foment.com\/wp-content\/uploads\/2021\/11\/photo1638219710.jpeg\" alt=\"\" \/><\/li><li><img src=\"https:\/\/www.foment.com\/wp-content\/uploads\/2021\/11\/photo1638219714.jpeg\" alt=\"\" \/><\/li><li><img src=\"https:\/\/www.foment.com\/wp-content\/uploads\/2021\/11\/photo1638219717.jpeg\" alt=\"\" \/><\/li><li><img src=\"https:\/\/www.foment.com\/wp-content\/uploads\/2021\/11\/photo1638219729.jpeg\" alt=\"\" \/><\/li><li><img src=\"https:\/\/www.foment.com\/wp-content\/uploads\/2021\/11\/photo1638219730-2.jpeg\" alt=\"\" \/><\/li><li><img src=\"https:\/\/www.foment.com\/wp-content\/uploads\/2021\/11\/photo1638219732.jpeg\" alt=\"\" \/><\/li><li><img src=\"https:\/\/www.foment.com\/wp-content\/uploads\/2021\/11\/photo1638219730-1.jpeg\" alt=\"\" \/><\/li><li><img src=\"https:\/\/www.foment.com\/wp-content\/uploads\/2021\/11\/photo1638219734.jpeg\" alt=\"\" \/><\/li><\/ul><\/div>[vc_column_text]<span style=\"font-size: 10pt;\">Fotos de Job Vermeulen<\/span>[\/vc_column_text][vc_column_text]<span style=\"color: #c1002b;\"><strong>Los valores de Ferrer Salat<\/strong><\/span><\/p>\n<p>Con la instituci\u00f3n de sus premios anuales, Foment del Treball quiere reconocer y agradecer el esfuerzo y la determinaci\u00f3n de destacadas personalidades de nuestro entorno por su compromiso con el desarrollo social y empresarial. Brillante empresario catal\u00e1n, Ferrer Salat fue presidente de Foment en el momento del renacimiento de la patronal catalana con la llegada de la democracia: a la vez, fue tambi\u00e9n presidente fundador de la patronal espa\u00f1ola CEOE y posteriormente presidente de la gran patronal europea UNICE, hoy llamada Business Europe.<\/p>\n<p>Unos valores, los que representa Carles Ferrer Salat, que identifican plenamente los de Foment del Treball: la patronal catalana, la organizaci\u00f3n empresarial m\u00e1s antigua de Europa con cerca de 250 a\u00f1os de historia, que ha encarnado el entusiasmo de catalanes emprendedores por el progreso de Catalu\u00f1a y de Espa\u00f1a.[\/vc_column_text]<div class=\"video-embed  wpb_content_element\"><iframe title=\"Sa Majestat el Rei presideix el 250 aniversari de Foment i XIV Premis Carles Ferrer Salat\" width=\"1161\" height=\"653\" src=\"https:\/\/www.youtube.com\/embed\/IXFacrPvrC4?feature=oembed\" frameborder=\"0\" allow=\"accelerometer; autoplay; clipboard-write; encrypted-media; gyroscope; picture-in-picture; web-share\" referrerpolicy=\"strict-origin-when-cross-origin\" allowfullscreen><\/iframe><\/div>[\/vc_column][\/vc_row]<\/p>\n<\/section>","protected":false},"excerpt":{"rendered":"<p>[vc_row][vc_column width=\u00bb1\/1&#8243;][vc_column_text] Isidre Fain\u00e9 y la Asociaci\u00f3n Industrial Textil del Proceso Algodonero (AITPA) han sido los galardonados con las Medallas Conmemorativas del 250\u00ba aniversario de Foment del Treball Nacional. El MNAC ha sido testigo de los actos de celebraci\u00f3n del 250 aniversario de la entidad, que han incluido la entrega de las Medallas Conmemorativas por el 250 aniversario y la XIV edici\u00f3n de los Premios Carles Ferrer Salat. Los XIV Premios Carles Ferrer Salat han reconocido a Bellapart como Pyme del A\u00f1o; a Grup Sorigu\u00e9 en la categor\u00eda de Compromiso Social; Hercal Diggers en Medio Ambiente; Carrefour en Igualdad; y dos premios ex aequos: grupo Eulen y Fundaci\u00f3n Garc\u00eda Cugat en Innovaci\u00f3n; y Fluidra y Wallbox en Internacionalizaci\u00f3n. El Museu Nacional d&#8217;Art de Catalunya (MNAC) ha acogido esta noche los actos de celebraci\u00f3n del 250\u00aa aniversario de Foment del Treball Nacional, la patronal m\u00e1s antigua de Europa, fundada en 1771. Su Majestad el Rey se ha dirigido a los asistentes para transmitirles \u201ctodo mi aprecio y reconocimiento a lo que represent\u00e1is, no solo desde el punto de vista econ\u00f3mico, sino como transmisores de unos valores que tambi\u00e9n son imprescindibles para una sociedad fuerte y cohesionada. Una sociedad que sienta y [&hellip;]<\/p>\n","protected":false},"author":10,"featured_media":133327,"comment_status":"closed","ping_status":"closed","sticky":false,"template":"","format":"standard","meta":{"_links_to":"","_links_to_target":""},"categories":[114,68,127,5714],"tags":[2264,6074,2431,6079,4340,4333,6080,6081],"acf":[],"wps_subtitle":"Los actos de celebraci\u00f3n del 250\u00ba aniversario de Foment han contado con la asistencia de destacadas personalidades, entre las que se encuentran el presidente de la Generalitat de Catalunya, Pere Aragon\u00e9s, la ministra de Transportes, Movilidad y Agenda Urbana, Raquel S\u00e1nchez, el ministro de Inclusi\u00f3n, Seguridad Social y Migraciones, Jos\u00e9 Luis Escriv\u00e1 y la alcaldesa de Barcelona, Ada Colau","_links":{"self":[{"href":"https:\/\/www.foment.com\/es\/wp-json\/wp\/v2\/posts\/133330"}],"collection":[{"href":"https:\/\/www.foment.com\/es\/wp-json\/wp\/v2\/posts"}],"about":[{"href":"https:\/\/www.foment.com\/es\/wp-json\/wp\/v2\/types\/post"}],"author":[{"embeddable":true,"href":"https:\/\/www.foment.com\/es\/wp-json\/wp\/v2\/users\/10"}],"replies":[{"embeddable":true,"href":"https:\/\/www.foment.com\/es\/wp-json\/wp\/v2\/comments?post=133330"}],"version-history":[{"count":5,"href":"https:\/\/www.foment.com\/es\/wp-json\/wp\/v2\/posts\/133330\/revisions"}],"predecessor-version":[{"id":143530,"href":"https:\/\/www.foment.com\/es\/wp-json\/wp\/v2\/posts\/133330\/revisions\/143530"}],"wp:featuredmedia":[{"embeddable":true,"href":"https:\/\/www.foment.com\/es\/wp-json\/wp\/v2\/media\/133327"}],"wp:attachment":[{"href":"https:\/\/www.foment.com\/es\/wp-json\/wp\/v2\/media?parent=133330"}],"wp:term":[{"taxonomy":"category","embeddable":true,"href":"https:\/\/www.foment.com\/es\/wp-json\/wp\/v2\/categories?post=133330"},{"taxonomy":"post_tag","embeddable":true,"href":"https:\/\/www.foment.com\/es\/wp-json\/wp\/v2\/tags?post=133330"}],"curies":[{"name":"wp","href":"https:\/\/api.w.org\/{rel}","templated":true}]}}