{"id":134591,"date":"2021-12-17T10:09:35","date_gmt":"2021-12-17T09:09:35","guid":{"rendered":"https:\/\/www.foment.com\/premi-de-salut-laboral-ignasi-fina\/"},"modified":"2022-01-14T09:38:45","modified_gmt":"2022-01-14T08:38:45","slug":"premi-de-salut-laboral-ignasi-fina","status":"publish","type":"post","link":"https:\/\/www.foment.com\/es\/premi-de-salut-laboral-ignasi-fina\/","title":{"rendered":"Nova convocat\u00f2ria del Premi de Salut Laboral Ignasi Fina"},"content":{"rendered":"<section class=\"wpb-content-wrapper\"><p>[vc_row][vc_column][vc_column_text]L\u2019Ajuntament de Barcelona obre una nova convocat\u00f2ria del Premi de Salut Laboral Ignasi Fina, un guard\u00f3 que s\u2019han consolidat com a referent en l\u2019\u00e0mbit de la salut laboral a la ciutat de Barcelona. Aquest premi pret\u00e9n recon\u00e8ixer p\u00fablicament les empreses, entitats i institucions de la ciutat que promouen pr\u00e0ctiques i accions preventives i de promoci\u00f3 per millorar la salut de les persones pel que fa a les condicions de treball.<\/p>\n<p>La dotaci\u00f3 econ\u00f2mica del premi \u00e9s de 6.000 euros i el termini de presentaci\u00f3 de les candidatures \u00e9s del 23 de novembre de 2021 al 22 de febrer de 2022. Enguany es valoraran accions amb un alt impacte pel que fa a la prevenci\u00f3 de riscos i a la promoci\u00f3 de la salut laboral i, de manera rellevant, les que hagin servit com a bona pr\u00e0ctica per adaptar l\u2019entorn laboral a la situaci\u00f3 generada per la covid-19, ja sigui en els aspectes presencials o b\u00e9 pel que fa al teletreball.<\/p>\n<p>Per a m\u00e9s informaci\u00f3, requisits de participaci\u00f3 i com presentar-se podeu consultar les bases del premi i accedir al tr\u00e0mit telem\u00e0tic al seg\u00fcent enlla\u00e7.<\/p>\n<div style=\"text-align: center;\" data-editorblocktype=\"SubmitButtonBlock\"><span style=\"color: #ffffff;\"><button class=\"lp-form-button lp-form-fieldInput\" name=\"submit818963a2-f741-4d7a-a464-0e71aba8f769\" type=\"submit\"><a style=\"color: #ffffff;\" href=\"https:\/\/ajuntament.barcelona.cat\/sanitatisalut\/ca\/noticia\/nova-convocatoria-del-premi-de-salut-laboral-ignasi-fina_1122197\">Consultar bases<\/a><\/button><\/span><\/div>\n<p>[\/vc_column_text][\/vc_column][\/vc_row]<\/p>\n<\/section>","protected":false},"excerpt":{"rendered":"<p>[vc_row][vc_column][vc_column_text]L\u2019Ajuntament de Barcelona obre una nova convocat\u00f2ria del Premi de Salut Laboral Ignasi Fina, un guard\u00f3 que s\u2019han consolidat com a referent en l\u2019\u00e0mbit de la salut laboral a la ciutat de Barcelona. Aquest premi pret\u00e9n recon\u00e8ixer p\u00fablicament les empreses, entitats i institucions de la ciutat que promouen pr\u00e0ctiques i accions preventives i de promoci\u00f3 per millorar la salut de les persones pel que fa a les condicions de treball. La dotaci\u00f3 econ\u00f2mica del premi \u00e9s de 6.000 euros i el termini de presentaci\u00f3 de les candidatures \u00e9s del 23 de novembre de 2021 al 22 de febrer de 2022. Enguany es valoraran accions amb un alt impacte pel que fa a la prevenci\u00f3 de riscos i a la promoci\u00f3 de la salut laboral i, de manera rellevant, les que hagin servit com a bona pr\u00e0ctica per adaptar l\u2019entorn laboral a la situaci\u00f3 generada per la covid-19, ja sigui en els aspectes presencials o b\u00e9 pel que fa al teletreball. Per a m\u00e9s informaci\u00f3, requisits de participaci\u00f3 i com presentar-se podeu consultar les bases del premi i accedir al tr\u00e0mit telem\u00e0tic al seg\u00fcent enlla\u00e7. Consultar bases [\/vc_column_text][\/vc_column][\/vc_row]<\/p>\n","protected":false},"author":15,"featured_media":134583,"comment_status":"closed","ping_status":"closed","sticky":false,"template":"","format":"standard","meta":{"_links_to":"","_links_to_target":""},"categories":[218,216],"tags":[984,417,6096],"acf":[],"wps_subtitle":"<strong>El premi reconeix les empreses, entitats i institucions de la ciutat de Barcelona que promouen accions per millorar la salut de les persones en el treball. El termini per presentar les candidatures finalitza el 22 de febrer de 2022<\/strong>","_links":{"self":[{"href":"https:\/\/www.foment.com\/es\/wp-json\/wp\/v2\/posts\/134591"}],"collection":[{"href":"https:\/\/www.foment.com\/es\/wp-json\/wp\/v2\/posts"}],"about":[{"href":"https:\/\/www.foment.com\/es\/wp-json\/wp\/v2\/types\/post"}],"author":[{"embeddable":true,"href":"https:\/\/www.foment.com\/es\/wp-json\/wp\/v2\/users\/15"}],"replies":[{"embeddable":true,"href":"https:\/\/www.foment.com\/es\/wp-json\/wp\/v2\/comments?post=134591"}],"version-history":[{"count":7,"href":"https:\/\/www.foment.com\/es\/wp-json\/wp\/v2\/posts\/134591\/revisions"}],"predecessor-version":[{"id":135782,"href":"https:\/\/www.foment.com\/es\/wp-json\/wp\/v2\/posts\/134591\/revisions\/135782"}],"wp:featuredmedia":[{"embeddable":true,"href":"https:\/\/www.foment.com\/es\/wp-json\/wp\/v2\/media\/134583"}],"wp:attachment":[{"href":"https:\/\/www.foment.com\/es\/wp-json\/wp\/v2\/media?parent=134591"}],"wp:term":[{"taxonomy":"category","embeddable":true,"href":"https:\/\/www.foment.com\/es\/wp-json\/wp\/v2\/categories?post=134591"},{"taxonomy":"post_tag","embeddable":true,"href":"https:\/\/www.foment.com\/es\/wp-json\/wp\/v2\/tags?post=134591"}],"curies":[{"name":"wp","href":"https:\/\/api.w.org\/{rel}","templated":true}]}}