{"id":135340,"date":"2022-01-04T12:19:50","date_gmt":"2022-01-04T11:19:50","guid":{"rendered":"https:\/\/www.foment.com\/?p=135340"},"modified":"2022-01-04T12:32:50","modified_gmt":"2022-01-04T11:32:50","slug":"declaracion-foment-del-treball","status":"publish","type":"post","link":"https:\/\/www.foment.com\/es\/declaracion-foment-del-treball\/","title":{"rendered":"Declaraci\u00f3n de Foment del Treball"},"content":{"rendered":"<p>Ante las informaciones aparecidas en los medios de comunicaci\u00f3n sobre las actuaciones de la Audiencia de Barcelona para que la Fiscal\u00eda Europea investigue una reuni\u00f3n organizada por Foment del Treball, la patronal catalana quiere manifestar:<\/p>\n<p>1.- Foment organiz\u00f3 una videoconferencia informativa con el jefe de Gabinete del presidente del Gobierno ante cerca de 60 empresarios catalanes. Una reuni\u00f3n institucional y habitual en formato conferencia ejecutiva en la sede de Foment a las que han asistido antes, y despu\u00e9s, que el se\u00f1or Iv\u00e1n Redondo, ministros, consellers de la Generalitat, responsables de ministerios cuya actividad incide en el mundo empresarial, representantes del Banco de Espa\u00f1a y l\u00edderes de los principales partidos del arco parlamentario. En la gran mayor\u00eda de casos, estas reuniones no son abiertas a los medios de comunicaci\u00f3n ni son comunicadas a los mismos.<\/p>\n<p>2.- Que en la citada reuni\u00f3n telem\u00e1tica el se\u00f1or Iv\u00e1n Redondo intervino brevemente desde el Palacio de la Moncloa por videoconferencia porque dadas las circunstancias pand\u00e9micas se realiz\u00f3 de forma telem\u00e1tica. Todos los presentes eran miembros de Foment del Treball y fueron convocados como se hace habitualmente y asistieron los que as\u00ed lo consideraron conveniente. En ning\u00fan caso, fue una convocatoria ni restringida, ni secreta, sino la habitual en la labor institucional y constitucional de nuestra organizaci\u00f3n.<\/p>\n<p>3.- Que el se\u00f1or Iv\u00e1n Redondo estaba acompa\u00f1ado por el presidente Josep S\u00e1nchez Llibre en el Palacio de la Moncloa en Madrid. Los asistentes estuvieron, por lo tanto, f\u00edsicamente en la sede de Foment en Barcelona. Una vez finalizada la videoconferencia ambos acudieron a una reuni\u00f3n con el presidente del Gobierno en una cita previamente concertada y registrada en la agenda presidencial interna por lo que queda acreditado que no hubo ninguna reuni\u00f3n del se\u00f1or Iv\u00e1n Redondo con ning\u00fan asistente.<\/p>\n<p>4.- Que el se\u00f1or Redondo realiz\u00f3 una intervenci\u00f3n para informar a los presentes sobre la situaci\u00f3n de la pandemia y las medidas que el Gobierno pensaba adoptar para afrontar la necesaria recuperaci\u00f3n econ\u00f3mica en l\u00ednea con las conversaciones que se estaban desarrollando entre los 27 pa\u00edses de la Uni\u00f3n Europea y explic\u00f3 los mensajes b\u00e1sicos, as\u00ed como los argumentos p\u00fablicos que ya hab\u00eda hecho el Presidente del Gobierno en rueda de prensa tras el acuerdo del mes de julio alcanzado de fondos europeos en el Consejo europeo.<\/p>\n<p>5.- Que en su breve an\u00e1lisis de la situaci\u00f3n pol\u00edtica y econ\u00f3mica el se\u00f1or Redondo explic\u00f3 por videoconferencia las intenciones del ejecutivo e inst\u00f3 a los cerca de 60 empresarios catalanes a presentar proyectos para acceder a los fondos europeos en concurrencia competitiva y sobre los que en aquel momento no hab\u00eda ning\u00fan tipo de desarrollo m\u00e1s all\u00e1 que se destinar\u00edan a cuatro grandes transformaciones: proyectos de transici\u00f3n digital, transici\u00f3n verde, cohesi\u00f3n social e igualdad de g\u00e9nero. La videoconferencia fue una m\u00e1s de las que celebr\u00f3 Foment sobre este asunto, al igual que otras entidades empresariales, para conocer los mecanismos de acceso a los fondos, c\u00f3mo solicitarlos y c\u00f3mo presentar las propuestas porque en aquel momento en Espa\u00f1a ni en ning\u00fan pa\u00eds comunitario hab\u00eda Plan -de hecho a\u00fan se desconoc\u00eda la cantidad que recibir\u00eda Espa\u00f1a-, ni decreto de gobernanza, ni convocatorias p\u00fablicas, ni era materia de competencia del se\u00f1or Redondo que adem\u00e1s dej\u00f3 claro que los interlocutores eran los Ministerios competentes.<\/p>\n<p>6.- La videoconferencia se celebr\u00f3 el 28 de septiembre de 2020 y la Uni\u00f3n Europea aprob\u00f3 oficialmente la creaci\u00f3n de los fondos Next Generation unas semanas despu\u00e9s, en octubre de 2020, y el Real Decreto-ley 36\/2020 se aprob\u00f3 en el mes de diciembre de 2020. Los fondos y su distribuci\u00f3n no se aprobaron definitivamente hasta junio de 2021.<\/p>\n<p>7.- Que Foment del Treball lamenta esta situaci\u00f3n y estudiar\u00e1 las actuaciones que considere oportunas para defender la honorabilidad de nuestra instituci\u00f3n y de las personas que son invitadas a intervenir en los foros de informaci\u00f3n y debate propios de nuestra organizaci\u00f3n. Asimismo, lamentamos p\u00fablicamente que el nombre del se\u00f1or Iv\u00e1n Redondo haya sido utilizado por aceptar nuestra invitaci\u00f3n a una reuni\u00f3n habitual de las que celebra Foment.<\/p>\n<p>&nbsp;<\/p>\n","protected":false},"excerpt":{"rendered":"<p>Ante las informaciones aparecidas en los medios de comunicaci\u00f3n sobre las actuaciones de la Audiencia de Barcelona para que la Fiscal\u00eda Europea investigue una reuni\u00f3n organizada por Foment del Treball, la patronal catalana quiere manifestar: 1.- Foment organiz\u00f3 una videoconferencia informativa con el jefe de Gabinete del presidente del Gobierno ante cerca de 60 empresarios catalanes. Una reuni\u00f3n institucional y habitual en formato conferencia ejecutiva en la sede de Foment a las que han asistido antes, y despu\u00e9s, que el se\u00f1or Iv\u00e1n Redondo, ministros, consellers de la Generalitat, responsables de ministerios cuya actividad incide en el mundo empresarial, representantes del Banco de Espa\u00f1a y l\u00edderes de los principales partidos del arco parlamentario. En la gran mayor\u00eda de casos, estas reuniones no son abiertas a los medios de comunicaci\u00f3n ni son comunicadas a los mismos. 2.- Que en la citada reuni\u00f3n telem\u00e1tica el se\u00f1or Iv\u00e1n Redondo intervino brevemente desde el Palacio de la Moncloa por videoconferencia porque dadas las circunstancias pand\u00e9micas se realiz\u00f3 de forma telem\u00e1tica. Todos los presentes eran miembros de Foment del Treball y fueron convocados como se hace habitualmente y asistieron los que as\u00ed lo consideraron conveniente. En ning\u00fan caso, fue una convocatoria ni restringida, ni secreta, sino [&hellip;]<\/p>\n","protected":false},"author":7,"featured_media":73286,"comment_status":"closed","ping_status":"closed","sticky":false,"template":"","format":"standard","meta":{"_links_to":"","_links_to_target":""},"categories":[68],"tags":[],"acf":[],"wps_subtitle":"","_links":{"self":[{"href":"https:\/\/www.foment.com\/es\/wp-json\/wp\/v2\/posts\/135340"}],"collection":[{"href":"https:\/\/www.foment.com\/es\/wp-json\/wp\/v2\/posts"}],"about":[{"href":"https:\/\/www.foment.com\/es\/wp-json\/wp\/v2\/types\/post"}],"author":[{"embeddable":true,"href":"https:\/\/www.foment.com\/es\/wp-json\/wp\/v2\/users\/7"}],"replies":[{"embeddable":true,"href":"https:\/\/www.foment.com\/es\/wp-json\/wp\/v2\/comments?post=135340"}],"version-history":[{"count":2,"href":"https:\/\/www.foment.com\/es\/wp-json\/wp\/v2\/posts\/135340\/revisions"}],"predecessor-version":[{"id":135350,"href":"https:\/\/www.foment.com\/es\/wp-json\/wp\/v2\/posts\/135340\/revisions\/135350"}],"wp:featuredmedia":[{"embeddable":true,"href":"https:\/\/www.foment.com\/es\/wp-json\/wp\/v2\/media\/73286"}],"wp:attachment":[{"href":"https:\/\/www.foment.com\/es\/wp-json\/wp\/v2\/media?parent=135340"}],"wp:term":[{"taxonomy":"category","embeddable":true,"href":"https:\/\/www.foment.com\/es\/wp-json\/wp\/v2\/categories?post=135340"},{"taxonomy":"post_tag","embeddable":true,"href":"https:\/\/www.foment.com\/es\/wp-json\/wp\/v2\/tags?post=135340"}],"curies":[{"name":"wp","href":"https:\/\/api.w.org\/{rel}","templated":true}]}}