{"id":136023,"date":"2022-01-17T13:58:34","date_gmt":"2022-01-17T12:58:34","guid":{"rendered":"https:\/\/www.foment.com\/mon-2022-deu-temes-marcaran-agenda-internacional\/"},"modified":"2022-01-21T11:58:47","modified_gmt":"2022-01-21T10:58:47","slug":"mundo-2022-diez-temas-marcaran-agenda-internacional","status":"publish","type":"post","link":"https:\/\/www.foment.com\/es\/mundo-2022-diez-temas-marcaran-agenda-internacional\/","title":{"rendered":"El mundo en 2022: diez temas que marcar\u00e1n la agenda internacional"},"content":{"rendered":"<section class=\"wpb-content-wrapper\"><p>[vc_row][vc_column][vc_column_text]El 2022 el mundo aguarda m\u00e1s certezas sobre los desaf\u00edos a que se enfrenta y es m\u00e1s consciente de su vulnerabilidad e interdependencia. El futuro es siempre incierto, pero la incertidumbre ahora no es tanto respecto al que, sino sobre el como, el quien e, incluso, el cu\u00e1ndo. No es ning\u00fan problema de diagn\u00f3stico. Sobran datos y conclusiones sobre la trascendencia del momento actual, y de las grandes transiciones en curso como por ejemplo la digital, la verde o la laboral. Aun as\u00ed, la incapacidad para llevarlas a cabo de manera colectiva e inclusiva nos sit\u00faan en un escenario de fractura. El debate se centra en saber d\u00f3nde estan los l\u00edmites de una posible irreversibilidad, qu\u00e9 tipo de liderazgo est\u00e1 mejor preparado o disfruta de m\u00e1s legitimidad para pilotar estas transformaciones, y cu\u00e1l es la mejor f\u00f3rmula para gestionar este proceso de cambio con los costes sociales m\u00e1s bajos posibles.<\/p>\n<p>Todas estas cuestiones han sido las abordadas por el equipo investigador del CIDOB (Barcelona Centro for International Affairs) en el informe <a href=\"https:\/\/www.cidob.org\/ca\/publicacions\/series_de_publicacio\/notes_internacionals\/265\/el_mon_el_2022_deu_temes_que_marcaran_l_agenda_internacional\"><em><strong>El mundo en 2022: diez temas que marcar\u00e1n la agenda internacional<\/strong><\/em><\/a>, presentado en la sede de Foment del Treball por el director del centro, <strong>Pol Morillas<\/strong>, y el investigador y coordinador del documento, <strong>Eduard Soler<\/strong>, en una jornada de debate moderada por la presidenta de la Comisi\u00f3n de la UE de la patronal, <strong>M\u00aa Helena de Felipe<\/strong>.<\/p>\n<p>El secretario general de Foment, <strong>David Tornos<\/strong>, ha dado la bienvenida al acto recordando el contexto de recuperaci\u00f3n econ\u00f3mica con que arrancamos el 2022 y todo aquello que lo puede frustrar como la inflaci\u00f3n de los precios, tensiones geopol\u00edticas, malas noticias en el \u00e1mbito sanitario, etc. Destacando que como muestra el estudio, en este proceso de arranque postpand\u00e9mico se har\u00e1 evidente que el mundo no solo avanza a diferentes velocidades, sino que para algunos colectivos hay retrocesos, por ejemplo, en materia de movilidad, y crisis humanitarias. Y una de las preguntas m\u00e1s recurrentes ser\u00e1 si hemos aprendido a afrontar los retos globales con m\u00e1s anticipaci\u00f3n, ambici\u00f3n y solidaridad. \u00abEl 2022 es un a\u00f1o para reevaluar los l\u00edmites de la desigualdad, de las medidas restrictivas, de los planes de est\u00edmulo, de las tensiones geopol\u00edticas, o de la confianza en las instituciones. La recuperaci\u00f3n econ\u00f3mica y an\u00edmica ser\u00e1 desigual y estar\u00e1 condicionada a posibles sobresaltos en la rivalidad entre grandes potencias, el encarecimiento de precios y la plena superaci\u00f3n de la pandemia\u00bb, ha dicho Tornos.<\/p>\n<p>El documento de este a\u00f1o\u00a0 del CIDOB pone el foco en las transformaciones estructurales, que a menudo olvidamos a causa de las crisis encadenadas pero que van cambiando el panorama pol\u00edtico. \u00abSon el motor de cambio y las cuestiones que nos tendr\u00edan que preocupar a la hora de desarrollar pol\u00edticas p\u00fablicas. En cambio, nos encontramos en una situaci\u00f3n de permanente soluci\u00f3n de las crisis inmediatas\u00bb, ha se\u00f1alado el director del CIDOB, Pol Morillas.<\/p>\n<p>Seg\u00fan Morillas \u00abel mundo no tiene un problema de diagn\u00f3stico. Se reconoce la necesidad y la urgencia de las transiciones socioecon\u00f3micas, tecnol\u00f3gicas y clim\u00e1ticas en curso\u00bb. Y ha a\u00f1adido: \u00abEl debate se centra a saber qu\u00e9 tipo de liderazgo est\u00e1 mejor preparado o disfruta de m\u00e1s legitimidad para pilotar los cambios, y como hacer este proceso con los menores costes sociales, y d\u00f3nde est\u00e1 el umbral de una posible irreversibilidad\u00bb.<\/p>\n<p>Los liderazgos internacionales se reexaminar\u00e1n a trav\u00e9s de elecciones clave como las de Francia, Brasil, Hungr\u00eda, las midterm en los EE. UU., o el XX Congreso Nacional del Partido Comunista de China, explica Morillas. Qu\u00e9 tipo de ideas, personas y modelos disfrutar\u00e1n de m\u00e1s apoyo y legitimidad para transitar hacia el mundo postpand\u00e9mico, es la grande incognita.<\/p>\n<p>Por su parte, el investigador y coordinador del estudio, Eduard Soler, ha interpelado a los asistentes sobre s\u00ed son conscientes del impacto que puede tener la nueva visi\u00f3n medioambiental. \u00abLa Cumbre de la Biodiversidad se celebrar\u00e1 en China y este es un factor muy importante, teniendo cuenta que uno de los grandes retos es c\u00f3mo China se quiere relacionar con el mundo. La cuesti\u00f3n clim\u00e1tica es un tema que en China preocupa y genera inquietud dentro de la propia poblaci\u00f3n. Un informe del World Economic Forum apunta un gran margen para crecer si China transita hacia otro tipo de crecimiento econ\u00f3mico centrado en la transici\u00f3n verde y digital\u00bb. La pandemia pone sobre la mesa la afectaci\u00f3n de elementos derivados directa o indirectamente de la crisis del ecosistema.<\/p>\n<p>Para acabar, Morillas ha puesto de relevo la relevancia del informe para las empresas catalanas: \u00abproporciona el contexto global que tienen que considerar en el desarrollo de su actividad. Sin conocer las grandes tendencias, las empresas se encontrar\u00e1n con unos elementos disruptivos que afectar\u00e1n a sus relaciones econ\u00f3micas. No se aconseja sobre decisiones estrat\u00e9gicas, pero se explican aspectos fundamentales que tienen que incorporar en su manera de entender el mundo. El interconexionado entre el conocimiento internacional y el desarrollo empresarial, para que pasen al lenguaje y a la toma de decisiones diaria de las empresas\u00bb.[\/vc_column_text]<div class=\"flexslider wpb_content_element\"><ul class=\"slides\"><li><img src=\"https:\/\/www.foment.com\/wp-content\/uploads\/2022\/01\/DSC_0369-scaled.jpg\" alt=\"\" \/><\/li><li><img src=\"https:\/\/www.foment.com\/wp-content\/uploads\/2022\/01\/DSC_0371-scaled.jpg\" alt=\"\" \/><\/li><li><img src=\"https:\/\/www.foment.com\/wp-content\/uploads\/2022\/01\/DSC_0381-scaled.jpg\" alt=\"\" \/><\/li><li><img src=\"https:\/\/www.foment.com\/wp-content\/uploads\/2022\/01\/DSC_0386-scaled.jpg\" alt=\"\" \/><\/li><li><img src=\"https:\/\/www.foment.com\/wp-content\/uploads\/2022\/01\/DSC_0377-scaled.jpg\" alt=\"\" \/><\/li><li><img src=\"https:\/\/www.foment.com\/wp-content\/uploads\/2022\/01\/DSC_0392-scaled.jpg\" alt=\"\" \/><\/li><\/ul><\/div>[\/vc_column][\/vc_row]<\/p>\n<\/section>","protected":false},"excerpt":{"rendered":"<p>[vc_row][vc_column][vc_column_text]El 2022 el mundo aguarda m\u00e1s certezas sobre los desaf\u00edos a que se enfrenta y es m\u00e1s consciente de su vulnerabilidad e interdependencia. El futuro es siempre incierto, pero la incertidumbre ahora no es tanto respecto al que, sino sobre el como, el quien e, incluso, el cu\u00e1ndo. No es ning\u00fan problema de diagn\u00f3stico. Sobran datos y conclusiones sobre la trascendencia del momento actual, y de las grandes transiciones en curso como por ejemplo la digital, la verde o la laboral. Aun as\u00ed, la incapacidad para llevarlas a cabo de manera colectiva e inclusiva nos sit\u00faan en un escenario de fractura. El debate se centra en saber d\u00f3nde estan los l\u00edmites de una posible irreversibilidad, qu\u00e9 tipo de liderazgo est\u00e1 mejor preparado o disfruta de m\u00e1s legitimidad para pilotar estas transformaciones, y cu\u00e1l es la mejor f\u00f3rmula para gestionar este proceso de cambio con los costes sociales m\u00e1s bajos posibles. Todas estas cuestiones han sido las abordadas por el equipo investigador del CIDOB (Barcelona Centro for International Affairs) en el informe El mundo en 2022: diez temas que marcar\u00e1n la agenda internacional, presentado en la sede de Foment del Treball por el director del centro, Pol Morillas, y el investigador [&hellip;]<\/p>\n","protected":false},"author":10,"featured_media":135998,"comment_status":"closed","ping_status":"closed","sticky":false,"template":"","format":"standard","meta":{"_links_to":"","_links_to_target":""},"categories":[114,72],"tags":[6110,6167,6165,6166,6113,6168],"acf":[],"wps_subtitle":"El CIDOB presenta un estudio sobre la mejor f\u00f3rmula para gestionar el proceso de cambio que afrontaremos el 2022 con los menores costes sociales","_links":{"self":[{"href":"https:\/\/www.foment.com\/es\/wp-json\/wp\/v2\/posts\/136023"}],"collection":[{"href":"https:\/\/www.foment.com\/es\/wp-json\/wp\/v2\/posts"}],"about":[{"href":"https:\/\/www.foment.com\/es\/wp-json\/wp\/v2\/types\/post"}],"author":[{"embeddable":true,"href":"https:\/\/www.foment.com\/es\/wp-json\/wp\/v2\/users\/10"}],"replies":[{"embeddable":true,"href":"https:\/\/www.foment.com\/es\/wp-json\/wp\/v2\/comments?post=136023"}],"version-history":[{"count":4,"href":"https:\/\/www.foment.com\/es\/wp-json\/wp\/v2\/posts\/136023\/revisions"}],"predecessor-version":[{"id":136058,"href":"https:\/\/www.foment.com\/es\/wp-json\/wp\/v2\/posts\/136023\/revisions\/136058"}],"wp:featuredmedia":[{"embeddable":true,"href":"https:\/\/www.foment.com\/es\/wp-json\/wp\/v2\/media\/135998"}],"wp:attachment":[{"href":"https:\/\/www.foment.com\/es\/wp-json\/wp\/v2\/media?parent=136023"}],"wp:term":[{"taxonomy":"category","embeddable":true,"href":"https:\/\/www.foment.com\/es\/wp-json\/wp\/v2\/categories?post=136023"},{"taxonomy":"post_tag","embeddable":true,"href":"https:\/\/www.foment.com\/es\/wp-json\/wp\/v2\/tags?post=136023"}],"curies":[{"name":"wp","href":"https:\/\/api.w.org\/{rel}","templated":true}]}}