{"id":136396,"date":"2021-12-20T10:14:00","date_gmt":"2021-12-20T09:14:00","guid":{"rendered":"https:\/\/www.foment.com\/que-va-ser-primer-lou-o-la-gallina\/"},"modified":"2022-12-16T12:41:28","modified_gmt":"2022-12-16T11:41:28","slug":"que-fue-primero-el-huevo-o-la-gallina","status":"publish","type":"post","link":"https:\/\/www.foment.com\/es\/que-fue-primero-el-huevo-o-la-gallina\/","title":{"rendered":"Ideas clave de la jornada. \u00bfQu\u00e9 fue primero, el huevo o la gallina?"},"content":{"rendered":"<section class=\"wpb-content-wrapper\"><p>[vc_row][vc_column][vc_single_image image=\u00bb136471&#8243; img_size=\u00bbfull\u00bb alignment=\u00bbcenter\u00bb][vc_column_text]<\/p>\n<p style=\"text-align: justify;\">Estamos convencidos de que como profesional de la seguridad y la salud seguro que en alg\u00fan momento te has preguntado si los sistemas de gesti\u00f3n son fruto de la cultura de una organizaci\u00f3n o si se puede generar cultura desde los sistemas.<\/p>\n<p style=\"text-align: justify;\">Nosotros, si hemos reflexionado sobre esto y le invitamos a reflexionar con nosotros sobre este binomio cultura preventiva y sistemas de gesti\u00f3n aportando algunas claves y un caso de \u00e9xito a trav\u00e9s de un nuevo enfoque.<\/p>\n<p style=\"text-align: justify;\">Le invitamos a visualizar la grabaci\u00f3n del Webinar y la infograf\u00eda de la jornada celebrada el pasado 21 de septiembre de 2021, los contenidos t\u00e9cnicos del producto permiten destacar los principales aspectos relacionados con el binomio cultura preventiva y sistema de gesti\u00f3n, destacando las principales ideas clave.<\/p>\n<p>[\/vc_column_text][\/vc_column][\/vc_row][vc_row text_align=\u00bbcenter\u00bb][vc_column text_align=\u00bbcenter\u00bb width=\u00bb1\/1&#8243;][vc_video link=\u00bbhttps:\/\/youtu.be\/rbJu0bFqUcg\u00bb css=\u00bb.vc_custom_1643189103190{margin-top: 40px !important;}\u00bb][vc_column_text]<\/p>\n<p style=\"text-align: center;\"><a class=\"button color-2 large \" style=\"border-radius: 6px;\" href=\"https:\/\/www.foment.com\/wp-content\/uploads\/2022\/12\/21_09_2021-ou-o-gallina_PRL.pdf\" target=\"_self\" rel=\"noopener\">DESCARGAR IDEAS CLAVE<\/a><\/p>\n<p>[\/vc_column_text][\/vc_column][\/vc_row]<\/p>\n<\/section>","protected":false},"excerpt":{"rendered":"<p>[vc_row][vc_column][vc_single_image image=\u00bb136471&#8243; img_size=\u00bbfull\u00bb alignment=\u00bbcenter\u00bb][vc_column_text] Estamos convencidos de que como profesional de la seguridad y la salud seguro que en alg\u00fan momento te has preguntado si los sistemas de gesti\u00f3n son fruto de la cultura de una organizaci\u00f3n o si se puede generar cultura desde los sistemas. Nosotros, si hemos reflexionado sobre esto y le invitamos a reflexionar con nosotros sobre este binomio cultura preventiva y sistemas de gesti\u00f3n aportando algunas claves y un caso de \u00e9xito a trav\u00e9s de un nuevo enfoque. Le invitamos a visualizar la grabaci\u00f3n del Webinar y la infograf\u00eda de la jornada celebrada el pasado 21 de septiembre de 2021, los contenidos t\u00e9cnicos del producto permiten destacar los principales aspectos relacionados con el binomio cultura preventiva y sistema de gesti\u00f3n, destacando las principales ideas clave. [\/vc_column_text][\/vc_column][\/vc_row][vc_row text_align=\u00bbcenter\u00bb][vc_column text_align=\u00bbcenter\u00bb width=\u00bb1\/1&#8243;][vc_video link=\u00bbhttps:\/\/youtu.be\/rbJu0bFqUcg\u00bb css=\u00bb.vc_custom_1643189103190{margin-top: 40px !important;}\u00bb][vc_column_text] DESCARGAR IDEAS CLAVE [\/vc_column_text][\/vc_column][\/vc_row]<\/p>\n","protected":false},"author":15,"featured_media":136317,"comment_status":"closed","ping_status":"closed","sticky":false,"template":"","format":"standard","meta":{"_links_to":"","_links_to_target":""},"categories":[216,6189],"tags":[985,417,1497],"acf":[],"wps_subtitle":"<strong>Publicaci\u00f3n editada en el marco del proyecto de incentivo y promoci\u00f3n de la seguridad y salud laboral como estrategia de competitividad de las empresas catalanas<\/strong>","_links":{"self":[{"href":"https:\/\/www.foment.com\/es\/wp-json\/wp\/v2\/posts\/136396"}],"collection":[{"href":"https:\/\/www.foment.com\/es\/wp-json\/wp\/v2\/posts"}],"about":[{"href":"https:\/\/www.foment.com\/es\/wp-json\/wp\/v2\/types\/post"}],"author":[{"embeddable":true,"href":"https:\/\/www.foment.com\/es\/wp-json\/wp\/v2\/users\/15"}],"replies":[{"embeddable":true,"href":"https:\/\/www.foment.com\/es\/wp-json\/wp\/v2\/comments?post=136396"}],"version-history":[{"count":19,"href":"https:\/\/www.foment.com\/es\/wp-json\/wp\/v2\/posts\/136396\/revisions"}],"predecessor-version":[{"id":155955,"href":"https:\/\/www.foment.com\/es\/wp-json\/wp\/v2\/posts\/136396\/revisions\/155955"}],"wp:featuredmedia":[{"embeddable":true,"href":"https:\/\/www.foment.com\/es\/wp-json\/wp\/v2\/media\/136317"}],"wp:attachment":[{"href":"https:\/\/www.foment.com\/es\/wp-json\/wp\/v2\/media?parent=136396"}],"wp:term":[{"taxonomy":"category","embeddable":true,"href":"https:\/\/www.foment.com\/es\/wp-json\/wp\/v2\/categories?post=136396"},{"taxonomy":"post_tag","embeddable":true,"href":"https:\/\/www.foment.com\/es\/wp-json\/wp\/v2\/tags?post=136396"}],"curies":[{"name":"wp","href":"https:\/\/api.w.org\/{rel}","templated":true}]}}