{"id":136594,"date":"2022-01-27T16:06:57","date_gmt":"2022-01-27T15:06:57","guid":{"rendered":"https:\/\/www.foment.com\/valora-positivament-creixement-ocupacio-quart-trimestre-atur-continua-sent-elevat\/"},"modified":"2022-01-27T16:19:21","modified_gmt":"2022-01-27T15:19:21","slug":"valora-positivamente-crecimiento-empleo-cuarto-trimestre-paro-continua-siendo-elevado","status":"publish","type":"post","link":"https:\/\/www.foment.com\/es\/valora-positivamente-crecimiento-empleo-cuarto-trimestre-paro-continua-siendo-elevado\/","title":{"rendered":"Foment valora positivamente el crecimiento del empleo en el cuarto trimestre, pero el paro contin\u00faa siendo elevado"},"content":{"rendered":"<section class=\"wpb-content-wrapper\"><p>[vc_row][vc_column][vc_column_text]Foment del Treball Nacional <strong>valora positivamente el crecimiento del empleo tanto en el 4\u00ba trimestre de 2021, como en t\u00e9rminos interanuales en Catalu\u00f1a y en el conjunto de Espa\u00f1a.<\/strong><\/p>\n<p><strong>En estos momentos las cifras indican que se ha recuperado el empleo perdido como consecuencia de la pandemia, si bien, especialmente por el aumento del empleo en el sector p\u00fablico.<\/strong><\/p>\n<p><strong>Si bien las cifras recientes y las tendencias son positivas, las tasas de paro contin\u00faan siendo elevadas y queda camino por recorrer.<\/strong><\/p>\n<p><strong>En los pr\u00f3ximos meses se deber\u00e1 estar a la expectativa de la afectaci\u00f3n que pueda tener sobre el empleo la aplicaci\u00f3n de la Reforma laboral y otras modificaciones normativas con incidencia en los costes empresariales.<\/strong><\/p>\n<p>En Catalu\u00f1a, el n\u00famero de parados seg\u00fan la Encuesta de la Poblaci\u00f3n Activa del 4\u00ba trimestre de 2021 sit\u00faa la tasa de paro en Catalu\u00f1a en un 10,16% (0,76 puntos menos que el trimestre anterior, que fue del 10,92%), situando el n\u00famero total de parados en 395.400 personas. \u00a0El n\u00famero de ocupados aumenta en 18.700 personas (0,54%), respecto el trimestre anterior. Interanualmente, la ocupaci\u00f3n se ha incrementado en 157.600\u00a0 personas (4,72%).<\/p>\n<p>En Catalu\u00f1a, las 31.300 personas respecto del trimestre anterior (-7,32%), y en relaci\u00f3n con el mismo trimestre del a\u00f1o 2020, ha habido un descenso en 142.500 parados (-26,49% de variaci\u00f3n interanual).<\/p>\n<p>La poblaci\u00f3n activa en Catalu\u00f1a se reduce en 12.500 personas (-0,32%) en relaci\u00f3n al trimestre anterior, situ\u00e1ndose en 3.893.600, y en relaci\u00f3n al mismo trimestre del a\u00f1o anterior, la poblaci\u00f3n activa se ha incrementado en 15.100 personas (0,39%).[\/vc_column_text]<div class=\"single_image wpb_content_element align-left    \" data-animation=\"none\" data-delay=\"0\"><img width=\"1142\" height=\"582\" src=\"https:\/\/www.foment.com\/wp-content\/uploads\/2022\/01\/Grafic_1.png\" class=\"attachment-full\" alt=\"\" loading=\"lazy\" title=\"Grafic_1\" srcset=\"https:\/\/www.foment.com\/wp-content\/uploads\/2022\/01\/Grafic_1.png 1142w, https:\/\/www.foment.com\/wp-content\/uploads\/2022\/01\/Grafic_1-300x153.png 300w, https:\/\/www.foment.com\/wp-content\/uploads\/2022\/01\/Grafic_1-1024x522.png 1024w, https:\/\/www.foment.com\/wp-content\/uploads\/2022\/01\/Grafic_1-768x391.png 768w\" sizes=\"(max-width: 1142px) 100vw, 1142px\" \/><\/div>[vc_column_text]Igualmente, la tendencia del n\u00famero de parados desde el a\u00f1o 2007 fue de crecimiento continuo, pasando de los 250.700 en el 1\u00ba trimestre de 2007 a los 949.000 de nivel m\u00e1ximo en el 1\u00ba trimestre de 2013. Sin embargo, el primer trimestre del a\u00f1o 2014 supuso una interrupci\u00f3n de esta evoluci\u00f3n, toda vez que disminuy\u00f3 el n\u00famero de parados, a nivel interanual, en 108.800 personas en el primer trimestre, en el segundo trimestre disminuy\u00f3 en 138.600 personas, en el tercer\u00a0 trimestre el descenso fue de 149.300 personas, y el \u00faltimo trimestre el descenso fue de 83.000 personas. Como consecuencia de la Pandemia esta tendencia vari\u00f3, si bien, \u00a0ya son varios trimestres consecutivos de descenso del n\u00famero de parados.\u00a0 Este trimestre el n\u00famero de parados ha descendido en 142.500 a nivel interanual.[\/vc_column_text]<div class=\"single_image wpb_content_element align-left    \" data-animation=\"none\" data-delay=\"0\"><img width=\"1168\" height=\"559\" src=\"https:\/\/www.foment.com\/wp-content\/uploads\/2022\/01\/Grafic_2.png\" class=\"attachment-full\" alt=\"\" loading=\"lazy\" title=\"Grafic_2\" srcset=\"https:\/\/www.foment.com\/wp-content\/uploads\/2022\/01\/Grafic_2.png 1168w, https:\/\/www.foment.com\/wp-content\/uploads\/2022\/01\/Grafic_2-300x144.png 300w, https:\/\/www.foment.com\/wp-content\/uploads\/2022\/01\/Grafic_2-1024x490.png 1024w, https:\/\/www.foment.com\/wp-content\/uploads\/2022\/01\/Grafic_2-768x368.png 768w\" sizes=\"(max-width: 1168px) 100vw, 1168px\" \/><\/div>[vc_column_text]<u>A nivel estatal<\/u>, el n\u00famero de desempleados se sit\u00faa 3.103.800 personas, habi\u00e9ndose reducido la tasa de paro 1,24 puntos situ\u00e1ndose en un 13,33% en este trimestre, disminuyendo el n\u00famero de parados en 312.900 personas este trimestre (-9,16%) y en 615.900 personas (-16,56%) respecto el mismo trimestre del a\u00f1o anterior. Por otro lado, el n\u00famero de ocupados se incrementa en 153.900 personas este trimestre respecto al trimestre anterior (0,77%) y se sit\u00faa en 20.184.900. Respecto el mismo trimestre del a\u00f1o anterior el n\u00famero de ocupados se ha incrementado en 840.700 personas (4,35%)<\/p>\n<p>La ocupaci\u00f3n se reduce este trimestre en 8.500 personas en el sector p\u00fablico y aumenta en 162.500 en el privado. En los 12 \u00faltimos meses el empleo se ha incrementado en 96.400 personas en el sector p\u00fablico y\u00a0 en 744.300 en el privado.<\/p>\n<p>La ocupaci\u00f3n aumenta en este trimestre en la agricultura con 78.700 ocupados m\u00e1s, en servicios con 45.900 ocupados m\u00e1s y en la industria con 37.100 ocupados m\u00e1s. En cambio, baja en la construcci\u00f3n (7.700 menos).<\/p>\n<p>Respecto a la tasa de desempleo, la evoluci\u00f3n ha sido muy similar, tanto en los periodos de incremento del desempleo como en los de disminuci\u00f3n del mismo, si bien, la tasa de desempleo en Catalu\u00f1a se muestra siempre por debajo que la del conjunto de Espa\u00f1a, como se visualiza en el siguiente gr\u00e1fico:[\/vc_column_text]<div class=\"single_image wpb_content_element align-left    \" data-animation=\"none\" data-delay=\"0\"><img width=\"1021\" height=\"564\" src=\"https:\/\/www.foment.com\/wp-content\/uploads\/2022\/01\/Grafic_3.png\" class=\"attachment-full\" alt=\"\" loading=\"lazy\" title=\"Grafic_3\" srcset=\"https:\/\/www.foment.com\/wp-content\/uploads\/2022\/01\/Grafic_3.png 1021w, https:\/\/www.foment.com\/wp-content\/uploads\/2022\/01\/Grafic_3-300x166.png 300w, https:\/\/www.foment.com\/wp-content\/uploads\/2022\/01\/Grafic_3-768x424.png 768w\" sizes=\"(max-width: 1021px) 100vw, 1021px\" \/><\/div>[vc_column_text]A nivel estatal, los datos expuestos por la Encuesta de Poblaci\u00f3n Activa, suponen un descenso del n\u00famero de parados de 312.900 personas respecto del trimestre anterior (-9,16%), y en relaci\u00f3n con el mismo trimestre del a\u00f1o 2020, hay 615.900 parados menos (-16,56% de variaci\u00f3n interanual). El n\u00famero de inactivos se ha incrementado en 216.600 respecto al trimestre anterior.[\/vc_column_text]<div class=\"single_image wpb_content_element align-left    \" data-animation=\"none\" data-delay=\"0\"><img width=\"1202\" height=\"548\" src=\"https:\/\/www.foment.com\/wp-content\/uploads\/2022\/01\/Grafic_4.png\" class=\"attachment-full\" alt=\"\" loading=\"lazy\" title=\"Grafic_4\" srcset=\"https:\/\/www.foment.com\/wp-content\/uploads\/2022\/01\/Grafic_4.png 1202w, https:\/\/www.foment.com\/wp-content\/uploads\/2022\/01\/Grafic_4-300x137.png 300w, https:\/\/www.foment.com\/wp-content\/uploads\/2022\/01\/Grafic_4-1024x467.png 1024w, https:\/\/www.foment.com\/wp-content\/uploads\/2022\/01\/Grafic_4-768x350.png 768w\" sizes=\"(max-width: 1202px) 100vw, 1202px\" \/><\/div><div class=\"single_image wpb_content_element align-left    \" data-animation=\"none\" data-delay=\"0\"><img width=\"559\" height=\"758\" src=\"https:\/\/www.foment.com\/wp-content\/uploads\/2022\/01\/Grafic_5.png\" class=\"attachment-full\" alt=\"\" loading=\"lazy\" title=\"Grafic_5\" srcset=\"https:\/\/www.foment.com\/wp-content\/uploads\/2022\/01\/Grafic_5.png 559w, https:\/\/www.foment.com\/wp-content\/uploads\/2022\/01\/Grafic_5-221x300.png 221w\" sizes=\"(max-width: 559px) 100vw, 559px\" \/><\/div>[\/vc_column][\/vc_row]<\/p>\n<\/section>","protected":false},"excerpt":{"rendered":"<p>[vc_row][vc_column][vc_column_text]Foment del Treball Nacional valora positivamente el crecimiento del empleo tanto en el 4\u00ba trimestre de 2021, como en t\u00e9rminos interanuales en Catalu\u00f1a y en el conjunto de Espa\u00f1a. En estos momentos las cifras indican que se ha recuperado el empleo perdido como consecuencia de la pandemia, si bien, especialmente por el aumento del empleo en el sector p\u00fablico. Si bien las cifras recientes y las tendencias son positivas, las tasas de paro contin\u00faan siendo elevadas y queda camino por recorrer. En los pr\u00f3ximos meses se deber\u00e1 estar a la expectativa de la afectaci\u00f3n que pueda tener sobre el empleo la aplicaci\u00f3n de la Reforma laboral y otras modificaciones normativas con incidencia en los costes empresariales. En Catalu\u00f1a, el n\u00famero de parados seg\u00fan la Encuesta de la Poblaci\u00f3n Activa del 4\u00ba trimestre de 2021 sit\u00faa la tasa de paro en Catalu\u00f1a en un 10,16% (0,76 puntos menos que el trimestre anterior, que fue del 10,92%), situando el n\u00famero total de parados en 395.400 personas. \u00a0El n\u00famero de ocupados aumenta en 18.700 personas (0,54%), respecto el trimestre anterior. Interanualmente, la ocupaci\u00f3n se ha incrementado en 157.600\u00a0 personas (4,72%). En Catalu\u00f1a, las 31.300 personas respecto del trimestre anterior (-7,32%), y en relaci\u00f3n [&hellip;]<\/p>\n","protected":false},"author":10,"featured_media":136592,"comment_status":"closed","ping_status":"closed","sticky":false,"template":"","format":"standard","meta":{"_links_to":"","_links_to_target":""},"categories":[114,5714,73],"tags":[303,299,619,228,305],"acf":[],"wps_subtitle":"En los pr\u00f3ximos meses se deber\u00e1 estar a la expectativa de la afectaci\u00f3n que pueda tener sobre el empleo la aplicaci\u00f3n de la Reforma laboral","_links":{"self":[{"href":"https:\/\/www.foment.com\/es\/wp-json\/wp\/v2\/posts\/136594"}],"collection":[{"href":"https:\/\/www.foment.com\/es\/wp-json\/wp\/v2\/posts"}],"about":[{"href":"https:\/\/www.foment.com\/es\/wp-json\/wp\/v2\/types\/post"}],"author":[{"embeddable":true,"href":"https:\/\/www.foment.com\/es\/wp-json\/wp\/v2\/users\/10"}],"replies":[{"embeddable":true,"href":"https:\/\/www.foment.com\/es\/wp-json\/wp\/v2\/comments?post=136594"}],"version-history":[{"count":3,"href":"https:\/\/www.foment.com\/es\/wp-json\/wp\/v2\/posts\/136594\/revisions"}],"predecessor-version":[{"id":136597,"href":"https:\/\/www.foment.com\/es\/wp-json\/wp\/v2\/posts\/136594\/revisions\/136597"}],"wp:featuredmedia":[{"embeddable":true,"href":"https:\/\/www.foment.com\/es\/wp-json\/wp\/v2\/media\/136592"}],"wp:attachment":[{"href":"https:\/\/www.foment.com\/es\/wp-json\/wp\/v2\/media?parent=136594"}],"wp:term":[{"taxonomy":"category","embeddable":true,"href":"https:\/\/www.foment.com\/es\/wp-json\/wp\/v2\/categories?post=136594"},{"taxonomy":"post_tag","embeddable":true,"href":"https:\/\/www.foment.com\/es\/wp-json\/wp\/v2\/tags?post=136594"}],"curies":[{"name":"wp","href":"https:\/\/api.w.org\/{rel}","templated":true}]}}