{"id":136929,"date":"2022-02-03T14:03:39","date_gmt":"2022-02-03T13:03:39","guid":{"rendered":"https:\/\/www.foment.com\/en-marxa-collaboracio-fundacio-montserrat-caballe\/"},"modified":"2022-02-03T15:33:03","modified_gmt":"2022-02-03T14:33:03","slug":"en-marcha-colaboracion-fundacio-montserrat-caballe","status":"publish","type":"post","link":"https:\/\/www.foment.com\/es\/en-marcha-colaboracion-fundacio-montserrat-caballe\/","title":{"rendered":"Foment del Treball pone en marcha la colaboraci\u00f3n con la Fundaci\u00f3 Montserrat Caball\u00e9"},"content":{"rendered":"<section class=\"wpb-content-wrapper\"><p>[vc_row][vc_column][vc_column_text]La presidenta y directora general de la Fundaci\u00f3 Montserrat Caball\u00e9, <strong>Montserrat Caball\u00e9 Claus<\/strong>, ha formalizado el acuerdo con <strong>Josep S\u00e1nchez Llibre<\/strong>, presidente de Foment, <strong>para que la organizaci\u00f3n empresarial colabore en la preparaci\u00f3n de los eventos y conciertos que se har\u00e1n durante este a\u00f1o y para contribuir en la b\u00fasqueda de instituciones que se sumen a este proyecto<\/strong>.<\/p>\n<p>Foment del Treball concedi\u00f3 la primera medalla p\u00f3stuma a la soprano <strong>Montserrat Caball\u00e9<\/strong> en diciembre de 2018.<\/p>\n<p>La Fundaci\u00f3 Privada Montserrat Caball\u00e9 mantiene vivo el legado de la soprano y toda su tarea docente. Una de sus prioridades es ayudar los nuevos talentos y tambi\u00e9n organizar el Concurso Internacional de Canto que en su \u00faltima edici\u00f3n se ha celebrado en el Gran Teatro del Liceo y que este a\u00f1o tendr\u00e1 lugar al Teatro Real de Madrid con el fin de ser un gran escaparate mundial para las futuras generaciones de j\u00f3venes talentos.[\/vc_column_text]<div class=\"flexslider wpb_content_element\"><ul class=\"slides\"><li><img src=\"https:\/\/www.foment.com\/wp-content\/uploads\/2022\/02\/DSC_0760-scaled.jpg\" alt=\"\" \/><\/li><li><img src=\"https:\/\/www.foment.com\/wp-content\/uploads\/2022\/02\/DSC_0765-scaled.jpg\" alt=\"\" \/><\/li><li><img src=\"https:\/\/www.foment.com\/wp-content\/uploads\/2022\/02\/DSC_0769-scaled.jpg\" alt=\"\" \/><\/li><li><img src=\"https:\/\/www.foment.com\/wp-content\/uploads\/2022\/02\/DSC_0775-scaled.jpg\" alt=\"\" \/><\/li><li><img src=\"https:\/\/www.foment.com\/wp-content\/uploads\/2022\/02\/DSC_0789-scaled.jpg\" alt=\"\" \/><\/li><li><img src=\"https:\/\/www.foment.com\/wp-content\/uploads\/2022\/02\/DSC_0792-scaled.jpg\" alt=\"\" \/><\/li><li><img src=\"https:\/\/www.foment.com\/wp-content\/uploads\/2022\/02\/DSC_0786-scaled.jpg\" alt=\"\" \/><\/li><li><img src=\"https:\/\/www.foment.com\/wp-content\/uploads\/2022\/02\/DSC_0761-scaled.jpg\" alt=\"\" \/><\/li><li><img src=\"https:\/\/www.foment.com\/wp-content\/uploads\/2022\/02\/DSC_0802-scaled.jpg\" alt=\"\" \/><\/li><\/ul><\/div>[\/vc_column][\/vc_row]<\/p>\n<\/section>","protected":false},"excerpt":{"rendered":"<p>[vc_row][vc_column][vc_column_text]La presidenta y directora general de la Fundaci\u00f3 Montserrat Caball\u00e9, Montserrat Caball\u00e9 Claus, ha formalizado el acuerdo con Josep S\u00e1nchez Llibre, presidente de Foment, para que la organizaci\u00f3n empresarial colabore en la preparaci\u00f3n de los eventos y conciertos que se har\u00e1n durante este a\u00f1o y para contribuir en la b\u00fasqueda de instituciones que se sumen a este proyecto. Foment del Treball concedi\u00f3 la primera medalla p\u00f3stuma a la soprano Montserrat Caball\u00e9 en diciembre de 2018. La Fundaci\u00f3 Privada Montserrat Caball\u00e9 mantiene vivo el legado de la soprano y toda su tarea docente. Una de sus prioridades es ayudar los nuevos talentos y tambi\u00e9n organizar el Concurso Internacional de Canto que en su \u00faltima edici\u00f3n se ha celebrado en el Gran Teatro del Liceo y que este a\u00f1o tendr\u00e1 lugar al Teatro Real de Madrid con el fin de ser un gran escaparate mundial para las futuras generaciones de j\u00f3venes talentos.[\/vc_column_text][\/vc_column][\/vc_row]<\/p>\n","protected":false},"author":10,"featured_media":136938,"comment_status":"closed","ping_status":"closed","sticky":false,"template":"","format":"standard","meta":{"_links_to":"","_links_to_target":""},"categories":[114,1651,2992],"tags":[6219,6222,2330,6220,6221,3067,3065],"acf":[],"wps_subtitle":"La presidenta de la fundaci\u00f3n, Monserrat Caball\u00e9 Claus, hafirmado el libro de Honor de la patronal","_links":{"self":[{"href":"https:\/\/www.foment.com\/es\/wp-json\/wp\/v2\/posts\/136929"}],"collection":[{"href":"https:\/\/www.foment.com\/es\/wp-json\/wp\/v2\/posts"}],"about":[{"href":"https:\/\/www.foment.com\/es\/wp-json\/wp\/v2\/types\/post"}],"author":[{"embeddable":true,"href":"https:\/\/www.foment.com\/es\/wp-json\/wp\/v2\/users\/10"}],"replies":[{"embeddable":true,"href":"https:\/\/www.foment.com\/es\/wp-json\/wp\/v2\/comments?post=136929"}],"version-history":[{"count":3,"href":"https:\/\/www.foment.com\/es\/wp-json\/wp\/v2\/posts\/136929\/revisions"}],"predecessor-version":[{"id":136932,"href":"https:\/\/www.foment.com\/es\/wp-json\/wp\/v2\/posts\/136929\/revisions\/136932"}],"wp:featuredmedia":[{"embeddable":true,"href":"https:\/\/www.foment.com\/es\/wp-json\/wp\/v2\/media\/136938"}],"wp:attachment":[{"href":"https:\/\/www.foment.com\/es\/wp-json\/wp\/v2\/media?parent=136929"}],"wp:term":[{"taxonomy":"category","embeddable":true,"href":"https:\/\/www.foment.com\/es\/wp-json\/wp\/v2\/categories?post=136929"},{"taxonomy":"post_tag","embeddable":true,"href":"https:\/\/www.foment.com\/es\/wp-json\/wp\/v2\/tags?post=136929"}],"curies":[{"name":"wp","href":"https:\/\/api.w.org\/{rel}","templated":true}]}}