{"id":137076,"date":"2022-02-07T18:36:47","date_gmt":"2022-02-07T17:36:47","guid":{"rendered":"https:\/\/www.foment.com\/junta-directiva-cap-decisio-smi-espera-reunio-ceoe\/"},"modified":"2022-02-07T18:40:55","modified_gmt":"2022-02-07T17:40:55","slug":"junta-directiva-ninguna-decision-smi-espera-reunion-ceoe","status":"publish","type":"post","link":"https:\/\/www.foment.com\/es\/junta-directiva-ninguna-decision-smi-espera-reunion-ceoe\/","title":{"rendered":"La Junta Directiva de Foment no ha tomado ninguna decisi\u00f3n sobre el SMI a la espera de la reuni\u00f3n de ma\u00f1ana de la CEOE"},"content":{"rendered":"<p>En la reuni\u00f3n de la Junta Directiva de esta tarde se ha acordado que<strong> Foment del Treball no tomar\u00e1 ninguna decisi\u00f3n sobre el Salario M\u00ednimo Interprofesional hasta conocer la propuesta de la CEOE<\/strong> en la reuni\u00f3n del Comit\u00e9 Ejecutivo de la patronal, convocada para ma\u00f1ana.<\/p>\n<p>Antes de adoptar su posicionamiento, <strong>Foment quiere recibir informaci\u00f3n sobre la propuesta que el Gobierno de Espa\u00f1a ha trasladado a la CEOE para poder analizar el impacto que podr\u00eda tener en Catalu\u00f1a<\/strong>.<\/p>\n","protected":false},"excerpt":{"rendered":"<p>En la reuni\u00f3n de la Junta Directiva de esta tarde se ha acordado que Foment del Treball no tomar\u00e1 ninguna decisi\u00f3n sobre el Salario M\u00ednimo Interprofesional hasta conocer la propuesta de la CEOE en la reuni\u00f3n del Comit\u00e9 Ejecutivo de la patronal, convocada para ma\u00f1ana. Antes de adoptar su posicionamiento, Foment quiere recibir informaci\u00f3n sobre la propuesta que el Gobierno de Espa\u00f1a ha trasladado a la CEOE para poder analizar el impacto que podr\u00eda tener en Catalu\u00f1a.<\/p>\n","protected":false},"author":10,"featured_media":137074,"comment_status":"closed","ping_status":"closed","sticky":false,"template":"","format":"standard","meta":{"_links_to":"","_links_to_target":""},"categories":[114,5714,73],"tags":[364,6230,6232,6231],"acf":[],"wps_subtitle":"Una vez conocida la opini\u00f3n de la CEOE la Junta Directiva de Foment adoptar\u00e1 posteriormente su posicionamiento","_links":{"self":[{"href":"https:\/\/www.foment.com\/es\/wp-json\/wp\/v2\/posts\/137076"}],"collection":[{"href":"https:\/\/www.foment.com\/es\/wp-json\/wp\/v2\/posts"}],"about":[{"href":"https:\/\/www.foment.com\/es\/wp-json\/wp\/v2\/types\/post"}],"author":[{"embeddable":true,"href":"https:\/\/www.foment.com\/es\/wp-json\/wp\/v2\/users\/10"}],"replies":[{"embeddable":true,"href":"https:\/\/www.foment.com\/es\/wp-json\/wp\/v2\/comments?post=137076"}],"version-history":[{"count":2,"href":"https:\/\/www.foment.com\/es\/wp-json\/wp\/v2\/posts\/137076\/revisions"}],"predecessor-version":[{"id":137078,"href":"https:\/\/www.foment.com\/es\/wp-json\/wp\/v2\/posts\/137076\/revisions\/137078"}],"wp:featuredmedia":[{"embeddable":true,"href":"https:\/\/www.foment.com\/es\/wp-json\/wp\/v2\/media\/137074"}],"wp:attachment":[{"href":"https:\/\/www.foment.com\/es\/wp-json\/wp\/v2\/media?parent=137076"}],"wp:term":[{"taxonomy":"category","embeddable":true,"href":"https:\/\/www.foment.com\/es\/wp-json\/wp\/v2\/categories?post=137076"},{"taxonomy":"post_tag","embeddable":true,"href":"https:\/\/www.foment.com\/es\/wp-json\/wp\/v2\/tags?post=137076"}],"curies":[{"name":"wp","href":"https:\/\/api.w.org\/{rel}","templated":true}]}}