{"id":137591,"date":"2022-02-11T13:09:59","date_gmt":"2022-02-11T12:09:59","guid":{"rendered":"https:\/\/www.foment.com\/previsio-risc-deslocalitzacio-industrial-nou-impost-co2-limitacions-incineracio-residus\/"},"modified":"2022-02-11T13:36:41","modified_gmt":"2022-02-11T12:36:41","slug":"prevision-riesgo-deslocalizacion-industrial-nuevo-impuesto-co2-limitaciones-incineracion-residuos","status":"publish","type":"post","link":"https:\/\/www.foment.com\/es\/prevision-riesgo-deslocalizacion-industrial-nuevo-impuesto-co2-limitaciones-incineracion-residuos\/","title":{"rendered":"Foment prev\u00e9 riesgo de deslocalizaci\u00f3n industrial por el nuevo impuesto sobre el CO2 y las limitaciones a la incineraci\u00f3n de residuos"},"content":{"rendered":"<section class=\"wpb-content-wrapper\"><p>[vc_row][vc_column width=\u00bb1\/1&#8243;][vc_column_text]<\/p>\n<ul>\n<li><strong>La industria catalana reitera su compromiso con la sostenibilidad medioambiental con inversiones y el cumplimiento de la normativa, pero reclama compensaciones si se suman nuevos tributos, tal y como hacen otros pa\u00edses.<\/strong><\/li>\n<li><strong>El Pacto Nacional por la Industria s\u00f3lo servir\u00e1 si se acompa\u00f1a de decisiones alineadas con una pol\u00edtica industrial que atraiga inversiones y evite la marcha de la actividad.<\/strong><\/li>\n<li><strong>El nuevo tributo \u201char\u00e1 menos competitiva la industria y puede afectar a la deslocalizaci\u00f3n de actividades\u201d, afirma el documento.<\/strong><\/li>\n<li><strong>Casi todas las regiones espa\u00f1olas han perdido competitividad, pero no al ritmo de Catalunya.<\/strong><\/li>\n<\/ul>\n<p>Las comisiones de Industria, Energ\u00eda y Desarrollo Sostenible de Foment han presentado hoy una declaraci\u00f3n p\u00fablica para reivindicar que se eviten y corrijan todas las decisiones que castigan a la industria y que contribuyen a la ca\u00edda de la competitividad en Catalunya. En concreto, el <a href=\"https:\/\/www.foment.com\/wp-content\/uploads\/2022\/02\/Manifiesto-Foment_Por-una-industria-competitiva-y-fuerte.pdf\">manifiesto<\/a> hace referencia a <strong>dos medidas que preocupan y provocan el rechazo de la totalidad de la industria: el nuevo impuesto sobre las instalaciones que emiten gases de efecto invernadero; y las limitaciones a la incineraci\u00f3n de residuos, tal y como figura en el desarrollo de las medidas financieras y fiscales para 2022 -de la Disposici\u00f3n Adicional Segunda-. \u00a0<\/strong>[\/vc_column_text]<a href=\"https:\/\/www.foment.com\/wp-content\/uploads\/2022\/02\/Manifiesto-Foment_Por-una-industria-competitiva-y-fuerte.pdf\" target=\"_self\" class=\"button color-3 full \" style=\"border-radius: 10px;\">Por una industria competitiva y fuerte<\/a><div class=\"spacer\" style=\"height: 20px;\"><\/div>[vc_column_text]La presi\u00f3n fiscal en Catalunya, que encabeza el ranking de tributos propios con un total de quince, contrasta con la media de 2,7 impuestos por comunidad aut\u00f3noma en Espa\u00f1a. De estos 15 impuestos propios, 5 graban directamente a la industria, adem\u00e1s del nuevo tributo en tr\u00e1mite. <strong>Las comisiones de Foment advierten que la industria en Catalunya est\u00e1 maltratada, en relaci\u00f3n con el resto de comunidades aut\u00f3nomas. Los \u00edndices de competitividad revelan que casi todas las regiones espa\u00f1olas han perdido competitividad, pero no al ritmo de Catalunya.<\/strong><\/p>\n<p>Las comisiones de Foment del Treball, <strong>aunque admiten que el Pacto Nacional por la Industria pueda ayudar al crecimiento, s\u00f3lo servir\u00e1 si al mismo tiempo el gobierno de la Generalitat adopta un enfoque hol\u00edstico con decisiones alineadas con una pol\u00edtica industrial que atraiga inversiones. \u201cDebemos hacer una pol\u00edtica industrial ambiciosa, que reh\u00faya de subvenciones de escasa entidad que no permiten transformar y consolidar un modelo industrial competitivo\u201d.<\/strong><\/p>\n<p><span style=\"color: #c12238;\"><strong>Impuesto sobre emisiones de gases efecto invernadero: un tributo inoportuno y desafortunado.<\/strong><\/span><\/p>\n<p>En relaci\u00f3n con el tr\u00e1mite del nuevo impuesto sobre las instalaciones que emiten gases de efecto invernadero, el manifiesto afirma que \u201ces sorprendente\u201d que se desarrolle una figura, que estaba contenida en forma enunciativa en la ley de cambio clim\u00e1tico de 2017. <strong>El nuevo tributo \u201char\u00e1 menos competitiva la industria y puede afectar a la deslocalizaci\u00f3n de actividades\u201d, afirma el documento.<\/strong><\/p>\n<p>\u201cConsideramos del todo inoportuna y desafortunada esta nueva figura tributaria\u201d sentencia. Se castigar\u00e1 fiscalmente la actividad, y se favorecer\u00e1, en t\u00e9rminos relativos, las posiciones de otros territorios para actividades econ\u00f3micas que podr\u00edan localizarse en Catalu\u00f1a. Por todo ello <strong>\u201cno es el momento ni la forma de hacerlo\u201d. Las comisiones m\u00e1s vinculadas a la actividad industrial de Foment del Treball recuerdan que la Uni\u00f3n Europea tiene los recursos y la capacidad necesaria para desplegar coordinadamente la normativa propia que mitigue el cambio clim\u00e1tico y as\u00ed reducir las emisiones de CO2.<\/strong><\/p>\n<p><span style=\"color: #c12238;\"><strong>Prohibiciones incineradoras: perjudica a la industria<\/strong><\/span><\/p>\n<p>Respecto al desarrollo de las medidas financieras y fiscales para 2022 -de la Disposici\u00f3n Adicional Segunda- que marca un plazo de dos a\u00f1os para eliminar la incineraci\u00f3n de residuos en Catalu\u00f1a y la prohibici\u00f3n -ya en vigor- de ampliar o instalar nuevas incineradoras, el manifiesto considera que <strong>\u201cesta barbaridad no s\u00f3lo tiene repercusiones para la industria qu\u00edmica y farmac\u00e9utica (\u2026), supone el fin de muchas industrias<\/strong>.[\/vc_column_text]<div class=\"flexslider wpb_content_element\"><ul class=\"slides\"><li><img src=\"https:\/\/www.foment.com\/wp-content\/uploads\/2022\/02\/DSC_0423-scaled.jpg\" alt=\"\" \/><\/li><li><img src=\"https:\/\/www.foment.com\/wp-content\/uploads\/2022\/02\/DSC_0428-scaled.jpg\" alt=\"\" \/><\/li><li><img src=\"https:\/\/www.foment.com\/wp-content\/uploads\/2022\/02\/DSC_0430-scaled.jpg\" alt=\"\" \/><\/li><li><img src=\"https:\/\/www.foment.com\/wp-content\/uploads\/2022\/02\/DSC_0432-scaled.jpg\" alt=\"\" \/><\/li><li><img src=\"https:\/\/www.foment.com\/wp-content\/uploads\/2022\/02\/DSC_0436-scaled.jpg\" alt=\"\" \/><\/li><li><img src=\"https:\/\/www.foment.com\/wp-content\/uploads\/2022\/02\/DSC_0438-scaled.jpg\" alt=\"\" \/><\/li><li><img src=\"https:\/\/www.foment.com\/wp-content\/uploads\/2022\/02\/DSC_0444-scaled.jpg\" alt=\"\" \/><\/li><li><img src=\"https:\/\/www.foment.com\/wp-content\/uploads\/2022\/02\/DSC_0449-scaled.jpg\" alt=\"\" \/><\/li><li><img src=\"https:\/\/www.foment.com\/wp-content\/uploads\/2022\/02\/DSC_0451-scaled.jpg\" alt=\"\" \/><\/li><li><img src=\"https:\/\/www.foment.com\/wp-content\/uploads\/2022\/02\/DSC_0452-scaled.jpg\" alt=\"\" \/><\/li><li><img src=\"https:\/\/www.foment.com\/wp-content\/uploads\/2022\/02\/DSC_0454-scaled.jpg\" alt=\"\" \/><\/li><li><img src=\"https:\/\/www.foment.com\/wp-content\/uploads\/2022\/02\/DSC_0464-scaled.jpg\" alt=\"\" \/><\/li><li><img src=\"https:\/\/www.foment.com\/wp-content\/uploads\/2022\/02\/DSC_0474-scaled.jpg\" alt=\"\" \/><\/li><li><img src=\"https:\/\/www.foment.com\/wp-content\/uploads\/2022\/02\/DSC_0477-scaled.jpg\" alt=\"\" \/><\/li><li><img src=\"https:\/\/www.foment.com\/wp-content\/uploads\/2022\/02\/DSC_0481-scaled.jpg\" alt=\"\" \/><\/li><li><img src=\"https:\/\/www.foment.com\/wp-content\/uploads\/2022\/02\/DSC_0487-scaled.jpg\" alt=\"\" \/><\/li><li><img src=\"https:\/\/www.foment.com\/wp-content\/uploads\/2022\/02\/DSC_0489-scaled.jpg\" alt=\"\" \/><\/li><li><img src=\"https:\/\/www.foment.com\/wp-content\/uploads\/2022\/02\/DSC_0496-scaled.jpg\" alt=\"\" \/><\/li><li><img src=\"https:\/\/www.foment.com\/wp-content\/uploads\/2022\/02\/DSC_0498-scaled.jpg\" alt=\"\" \/><\/li><li><img src=\"https:\/\/www.foment.com\/wp-content\/uploads\/2022\/02\/DSC_0510-scaled.jpg\" alt=\"\" \/><\/li><li><img src=\"https:\/\/www.foment.com\/wp-content\/uploads\/2022\/02\/DSC_0514-scaled.jpg\" alt=\"\" \/><\/li><\/ul><\/div><div class=\"video-embed  wpb_content_element\"><iframe title=\"Foment presenta el manifest &#039;Per una ind\u00fastria m\u00e9s competitiva i forta&#039;\" width=\"1161\" height=\"653\" src=\"https:\/\/www.youtube.com\/embed\/Ydj1LmFV9A8?feature=oembed\" frameborder=\"0\" allow=\"accelerometer; autoplay; clipboard-write; encrypted-media; gyroscope; picture-in-picture; web-share\" referrerpolicy=\"strict-origin-when-cross-origin\" allowfullscreen><\/iframe><\/div>[\/vc_column][\/vc_row]<\/p>\n<\/section>","protected":false},"excerpt":{"rendered":"<p>[vc_row][vc_column width=\u00bb1\/1&#8243;][vc_column_text] La industria catalana reitera su compromiso con la sostenibilidad medioambiental con inversiones y el cumplimiento de la normativa, pero reclama compensaciones si se suman nuevos tributos, tal y como hacen otros pa\u00edses. El Pacto Nacional por la Industria s\u00f3lo servir\u00e1 si se acompa\u00f1a de decisiones alineadas con una pol\u00edtica industrial que atraiga inversiones y evite la marcha de la actividad. El nuevo tributo \u201char\u00e1 menos competitiva la industria y puede afectar a la deslocalizaci\u00f3n de actividades\u201d, afirma el documento. Casi todas las regiones espa\u00f1olas han perdido competitividad, pero no al ritmo de Catalunya. Las comisiones de Industria, Energ\u00eda y Desarrollo Sostenible de Foment han presentado hoy una declaraci\u00f3n p\u00fablica para reivindicar que se eviten y corrijan todas las decisiones que castigan a la industria y que contribuyen a la ca\u00edda de la competitividad en Catalunya. En concreto, el manifiesto hace referencia a dos medidas que preocupan y provocan el rechazo de la totalidad de la industria: el nuevo impuesto sobre las instalaciones que emiten gases de efecto invernadero; y las limitaciones a la incineraci\u00f3n de residuos, tal y como figura en el desarrollo de las medidas financieras y fiscales para 2022 -de la Disposici\u00f3n Adicional Segunda-. \u00a0[\/vc_column_text][vc_column_text]La presi\u00f3n [&hellip;]<\/p>\n","protected":false},"author":10,"featured_media":137517,"comment_status":"closed","ping_status":"closed","sticky":false,"template":"","format":"standard","meta":{"_links_to":"","_links_to_target":""},"categories":[114,70,5714],"tags":[6293,6298,6294,6299,6295,6300,6296,6301,6297],"acf":[],"wps_subtitle":"Las comisiones de Industria, Energ\u00eda y Desarrollo Sostenible publican un manifiesto a favor de una pol\u00edtica industrial que no perjudique la actividad econ\u00f3mica y la competitividad en Catalunya","_links":{"self":[{"href":"https:\/\/www.foment.com\/es\/wp-json\/wp\/v2\/posts\/137591"}],"collection":[{"href":"https:\/\/www.foment.com\/es\/wp-json\/wp\/v2\/posts"}],"about":[{"href":"https:\/\/www.foment.com\/es\/wp-json\/wp\/v2\/types\/post"}],"author":[{"embeddable":true,"href":"https:\/\/www.foment.com\/es\/wp-json\/wp\/v2\/users\/10"}],"replies":[{"embeddable":true,"href":"https:\/\/www.foment.com\/es\/wp-json\/wp\/v2\/comments?post=137591"}],"version-history":[{"count":3,"href":"https:\/\/www.foment.com\/es\/wp-json\/wp\/v2\/posts\/137591\/revisions"}],"predecessor-version":[{"id":137599,"href":"https:\/\/www.foment.com\/es\/wp-json\/wp\/v2\/posts\/137591\/revisions\/137599"}],"wp:featuredmedia":[{"embeddable":true,"href":"https:\/\/www.foment.com\/es\/wp-json\/wp\/v2\/media\/137517"}],"wp:attachment":[{"href":"https:\/\/www.foment.com\/es\/wp-json\/wp\/v2\/media?parent=137591"}],"wp:term":[{"taxonomy":"category","embeddable":true,"href":"https:\/\/www.foment.com\/es\/wp-json\/wp\/v2\/categories?post=137591"},{"taxonomy":"post_tag","embeddable":true,"href":"https:\/\/www.foment.com\/es\/wp-json\/wp\/v2\/tags?post=137591"}],"curies":[{"name":"wp","href":"https:\/\/api.w.org\/{rel}","templated":true}]}}