{"id":138478,"date":"2022-02-22T11:34:49","date_gmt":"2022-02-22T10:34:49","guid":{"rendered":"https:\/\/www.foment.com\/aliances-dialeg-consens-proposta-rethinkbcn-repensar-metropoli\/"},"modified":"2022-02-22T14:00:44","modified_gmt":"2022-02-22T13:00:44","slug":"alianzas-dialogo-consenso-propuesta-rethinkbcn-repensar-metropoli","status":"publish","type":"post","link":"https:\/\/www.foment.com\/es\/alianzas-dialogo-consenso-propuesta-rethinkbcn-repensar-metropoli\/","title":{"rendered":"Alianzas, di\u00e1logo, consenso: la propuesta de RethinkBCN para repensar y hacer metr\u00f3poli"},"content":{"rendered":"<section class=\"wpb-content-wrapper\"><p>[vc_row][vc_column][vc_column_text]<\/p>\n<ul>\n<li><strong>Josep S\u00e1nchez Llibre, presidente de Foment del Treball, y \u00c1ngel Sim\u00f3n, presidente del Consejo de Patrocinadores de la Sociedad Barcelonesa de Estudios Econ\u00f3micos y Sociales de Foment del Treball y presidente de Agbar, han dialogado sobre los retos para desarrollar la regi\u00f3n metropolitana y visibilizarla.<\/strong><\/li>\n<li><strong>\u00c0ngel Simon ha destacado que: \u00abEs fundamental avanzar en una mayor articulaci\u00f3n del \u00e1rea metropolitana de Barcelona, que permita a los municipios que la componen actuar de manera conjunta ante los retos actuales que afrontamos como sociedad y no dejar pasar oportunidades\u00bb.<\/strong><\/li>\n<li><strong>El informe presentado por RethinkBCN, entidad constituida por la sociedad civil, tiene el objetivo de contribuir al debate p\u00fablico sobre el modelo de ciudad al que la sociedad aspira.<\/strong><\/li>\n<li><strong>Todos los participantes coinciden en que la concreci\u00f3n de la realidad metropolitana requiere de di\u00e1logo y consenso entre el sector p\u00fablico y privado.<\/strong><\/li>\n<\/ul>\n<p class=\"Cos\" style=\"text-align: justify;\">RethinkBCN, \u00f3rgano de la Sociedad Barcelonesa de Estudies Econ\u00f3micos y Sociales de Foment del Treball ha presentado hoy el informe <b><i>\u2018<a href=\"https:\/\/www.foment.com\/wp-content\/uploads\/2022\/02\/Dossier-Rethink.pdf\">Repensar la metr\u00f3poli. Hacer metr\u00f3poli\u2019<\/a><\/i><\/b>, documento que es la s\u00edntesis de diferentes colaboraciones, de m\u00e1s de cincuenta expertos, realizadas a lo largo del 2021 y en las que se abordan los<b> retos para desarrollar la regi\u00f3n metropolitana y mejorar la vida de los ciudadanos.<\/b><\/p>\n<p class=\"Cos\" style=\"text-align: justify;\"><b>\u00a0<\/b>La presentaci\u00f3n, a cargo del director de la Sociedad Barcelonesa de Estudies Econ\u00f3micos y Sociales de Foment del Treball, F\u00e8lix Riera, ha remarcado la <b>necesidad de recuperar los espacios de di\u00e1logo y consenso entre el sector p\u00fablico y privado<\/b> para definir las estrategias que permitir\u00e1n desarrollar la regi\u00f3n metropolitana. Movilidad, cambio clim\u00e1tico, sostenibilidad, vivienda, seguridad y lucha contra la desigualdad son los principales retos definidos en el informe para la plasmaci\u00f3n de la metr\u00f3poli.<\/p>\n<p class=\"Cos\" style=\"text-align: justify;\">El acto ha contado tambi\u00e9n con la participaci\u00f3n de Josep S\u00e1nchez Llibre, presidente de Foment del Treball, y \u00c1ngel Sim\u00f3n, presidente del Consejo de Patrocinadores de la Sociedad Barcelonesa de Estudies Econ\u00f3micos y Sociales de Foment del Treball y presidente de Agbar, que han mantenido un di\u00e1logo moderado por la vicepresidenta de Foment del Treball y fundadora y CEO de SocialCar, Mar Alarc\u00f3n.<\/p>\n<p>[\/vc_column_text]<div class=\"video-embed  wpb_content_element\"><iframe title=\"RethinkBCN - Presentaci\u00f3 de l&#039;Informe Repensar la metr\u00f2poli. Fer metr\u00f2poli\" width=\"1161\" height=\"653\" src=\"https:\/\/www.youtube.com\/embed\/RI1etHOYdRU?feature=oembed\" frameborder=\"0\" allow=\"accelerometer; autoplay; clipboard-write; encrypted-media; gyroscope; picture-in-picture; web-share\" referrerpolicy=\"strict-origin-when-cross-origin\" allowfullscreen><\/iframe><\/div>[vc_column_text]<\/p>\n<p class=\"Cos\" style=\"text-align: justify;\"><span style=\"color: #c12238;\"><b>El consenso p\u00fablico y privado es necesario para la concreci\u00f3n metropolitana<\/b><\/span><\/p>\n<p class=\"Cos\" style=\"text-align: justify;\">En el marco de la presentaci\u00f3n, Josep S\u00e1nchez Llibre y \u00c1ngel Sim\u00f3n han explorado los retos y oportunidades del hecho metropolitano, argumentando la necesidad de establecer un di\u00e1logo y consenso entre el sector p\u00fablico y privado para definir las estrategias que permitan plasmar la regi\u00f3n metropolitana. En este sentido, \u00c1ngel Sim\u00f3n \u00c1ngel Sim\u00f3n, presidente del Consejo de Patrocinadores de la Sociedad Barcelonesa de Estudios Econ\u00f3micos y Sociales de Foment del Treball y presidente de Agbar, ha destacado: \u201cEs fundamental avanzar en una mayor articulaci\u00f3n del \u00e1rea metropolitana de Barcelona, que permita a los municipios que la componen actuar conjuntamente ante los desaf\u00edos actuales que afrontamos como sociedad y no dejar pasar oportunidades\u201d. As\u00ed mismo, \u00c1ngel Sim\u00f3n ha se\u00f1alado el ciclo de conferencias \u2018Hacer metr\u00f3poli\u2019 como clave para potenciar el desarrollo sostenible del \u00e1rea metropolitana de Barcelona.<\/p>\n<p class=\"Cos\" style=\"text-align: justify;\">Por su parte, el presidente de Foment del Treball, Josep S\u00e1nchez Llibre, ha se\u00f1alado que \u2018el hecho metropolitano es una realidad social en el \u00e1mbito de la movilidad, econ\u00f3mico, social, cultural\u2026 Lo que ahora hace falta es concretar como instrumentalizarlo desde las Administraciones P\u00fablicas\u2019. S\u00e1nchez Llibre ha subrayado que \u2018si tuvi\u00e9semos la capacidad de consensuar esta idea metropolitana para las ciudades que la conforman, ser\u00eda una idea tan atractiva y con tanto potencial econ\u00f3mico como el que representaron los Juegos Ol\u00edmpicos del 1992\u2019.<\/p>\n<p class=\"Cos\" style=\"text-align: justify;\">Por otro lado, F\u00e9lix Riera ha afirmado que \u2018RethinkBCN pondr\u00e1 en marcha la activaci\u00f3n de alianzas sectoriales como en turismo, deporte y cultura para contribuir al desarrollo de la ciudad\u2019.<\/p>\n<p>[\/vc_column_text]<div class=\"flexslider wpb_content_element\"><ul class=\"slides\"><li><img src=\"https:\/\/www.foment.com\/wp-content\/uploads\/2022\/02\/image00001-002-scaled.jpeg\" alt=\"\" \/><\/li><li><img src=\"https:\/\/www.foment.com\/wp-content\/uploads\/2022\/02\/photo1645529984-10.jpeg\" alt=\"\" \/><\/li><li><img src=\"https:\/\/www.foment.com\/wp-content\/uploads\/2022\/02\/photo1645529984-4.jpeg\" alt=\"\" \/><\/li><li><img src=\"https:\/\/www.foment.com\/wp-content\/uploads\/2022\/02\/photo1645529964-9.jpeg\" alt=\"\" \/><\/li><li><img src=\"https:\/\/www.foment.com\/wp-content\/uploads\/2022\/02\/photo1645529984-5.jpeg\" alt=\"\" \/><\/li><li><img src=\"https:\/\/www.foment.com\/wp-content\/uploads\/2022\/02\/photo1645529964-15.jpeg\" alt=\"\" \/><\/li><li><img src=\"https:\/\/www.foment.com\/wp-content\/uploads\/2022\/02\/photo1645529964-11.jpeg\" alt=\"\" \/><\/li><li><img src=\"https:\/\/www.foment.com\/wp-content\/uploads\/2022\/02\/photo1645529985-3.jpeg\" alt=\"\" \/><\/li><li><img src=\"https:\/\/www.foment.com\/wp-content\/uploads\/2022\/02\/photo1645529964-14.jpeg\" alt=\"\" \/><\/li><li><img src=\"https:\/\/www.foment.com\/wp-content\/uploads\/2022\/02\/photo1645529984-6.jpeg\" alt=\"\" \/><\/li><li><img src=\"https:\/\/www.foment.com\/wp-content\/uploads\/2022\/02\/photo1645529984-15.jpeg\" alt=\"\" \/><\/li><li><img src=\"https:\/\/www.foment.com\/wp-content\/uploads\/2022\/02\/photo1645529964-10.jpeg\" alt=\"\" \/><\/li><li><img src=\"https:\/\/www.foment.com\/wp-content\/uploads\/2022\/02\/photo1645531414-3.jpeg\" alt=\"\" \/><\/li><li><img src=\"https:\/\/www.foment.com\/wp-content\/uploads\/2022\/02\/photo1645529985-4.jpeg\" alt=\"\" \/><\/li><li><img src=\"https:\/\/www.foment.com\/wp-content\/uploads\/2022\/02\/photo1645529985.jpeg\" alt=\"\" \/><\/li><li><img src=\"https:\/\/www.foment.com\/wp-content\/uploads\/2022\/02\/photo1645529985-8.jpeg\" alt=\"\" \/><\/li><li><img src=\"https:\/\/www.foment.com\/wp-content\/uploads\/2022\/02\/photo1645529984-17.jpeg\" alt=\"\" \/><\/li><li><img src=\"https:\/\/www.foment.com\/wp-content\/uploads\/2022\/02\/photo1645531416-1.jpeg\" alt=\"\" \/><\/li><li><img src=\"https:\/\/www.foment.com\/wp-content\/uploads\/2022\/02\/photo1645531416-9.jpeg\" alt=\"\" \/><\/li><li><img src=\"https:\/\/www.foment.com\/wp-content\/uploads\/2022\/02\/photo1645531416-5.jpeg\" alt=\"\" \/><\/li><li><img src=\"https:\/\/www.foment.com\/wp-content\/uploads\/2022\/02\/photo1645531416.jpeg\" alt=\"\" \/><\/li><li><img src=\"https:\/\/www.foment.com\/wp-content\/uploads\/2022\/02\/photo1645532658-5.jpeg\" alt=\"\" \/><\/li><li><img src=\"https:\/\/www.foment.com\/wp-content\/uploads\/2022\/02\/photo1645531417.jpeg\" alt=\"\" \/><\/li><li><img src=\"https:\/\/www.foment.com\/wp-content\/uploads\/2022\/02\/photo1645529954-8.jpeg\" alt=\"\" \/><\/li><li><img src=\"https:\/\/www.foment.com\/wp-content\/uploads\/2022\/02\/photo1645529964-4.jpeg\" alt=\"\" \/><\/li><li><img src=\"https:\/\/www.foment.com\/wp-content\/uploads\/2022\/02\/photo1645529954-9.jpeg\" alt=\"\" \/><\/li><\/ul><\/div>[vc_column_text]<\/p>\n<p class=\"Cos\" style=\"text-align: justify;\"><span style=\"color: #c12238;\"><b>Ciclo \u2018Hacer metr\u00f3poli\u2019<\/b><\/span><\/p>\n<p class=\"Cos\" style=\"text-align: justify;\">La presentaci\u00f3n del informe <b><i>\u2018Repensar la metr\u00f3poli. Hacer metr\u00f3poli\u2019 <\/i><\/b>ha sido el pistoletazo de salida al ciclo \u2018Hacer metr\u00f3poli\u2019, un seguido de ponencias, art\u00edculos y encuentros que van a permitir poner de relieve el hecho metropolitano. Mediante la participaci\u00f3n de los principales actores de la metr\u00f3poli de Barcelona, RethinkBCN, \u00f3rgano de la Sociedad Barcelonesa de Estudies Econ\u00f3micos y Sociales de Foment del Treball, abordar\u00e1 las mejoras para el desarrollo de la regi\u00f3n metropolitana y visibilizarla frente la ciudadan\u00eda. Todos ellos consideran la metr\u00f3poli como el lugar para impulsar la recuperaci\u00f3n econ\u00f3mica, la apuesta tecnol\u00f3gica, el crecimiento econ\u00f3mico y la mejora de los servicios para los ciudadanos.<\/p>\n<p>[\/vc_column_text][\/vc_column][\/vc_row]<\/p>\n<\/section>","protected":false},"excerpt":{"rendered":"<p>[vc_row][vc_column][vc_column_text] Josep S\u00e1nchez Llibre, presidente de Foment del Treball, y \u00c1ngel Sim\u00f3n, presidente del Consejo de Patrocinadores de la Sociedad Barcelonesa de Estudios Econ\u00f3micos y Sociales de Foment del Treball y presidente de Agbar, han dialogado sobre los retos para desarrollar la regi\u00f3n metropolitana y visibilizarla. \u00c0ngel Simon ha destacado que: \u00abEs fundamental avanzar en una mayor articulaci\u00f3n del \u00e1rea metropolitana de Barcelona, que permita a los municipios que la componen actuar de manera conjunta ante los retos actuales que afrontamos como sociedad y no dejar pasar oportunidades\u00bb. El informe presentado por RethinkBCN, entidad constituida por la sociedad civil, tiene el objetivo de contribuir al debate p\u00fablico sobre el modelo de ciudad al que la sociedad aspira. Todos los participantes coinciden en que la concreci\u00f3n de la realidad metropolitana requiere de di\u00e1logo y consenso entre el sector p\u00fablico y privado. RethinkBCN, \u00f3rgano de la Sociedad Barcelonesa de Estudies Econ\u00f3micos y Sociales de Foment del Treball ha presentado hoy el informe \u2018Repensar la metr\u00f3poli. Hacer metr\u00f3poli\u2019, documento que es la s\u00edntesis de diferentes colaboraciones, de m\u00e1s de cincuenta expertos, realizadas a lo largo del 2021 y en las que se abordan los retos para desarrollar la regi\u00f3n metropolitana y mejorar la [&hellip;]<\/p>\n","protected":false},"author":10,"featured_media":138395,"comment_status":"closed","ping_status":"closed","sticky":false,"template":"","format":"standard","meta":{"_links_to":"","_links_to_target":""},"categories":[114,112,5714,1799],"tags":[4544,6354,1846,6352,6355,2010,2108,6353],"acf":[],"wps_subtitle":"S\u00e1nchez Llibre afirma que consensuar una idea metropolitana per a les ciutats pot ser tan engrescador i amb tant potencial econ\u00f2mic com el que van representar els Jocs Ol\u00edmpics de 1992","_links":{"self":[{"href":"https:\/\/www.foment.com\/es\/wp-json\/wp\/v2\/posts\/138478"}],"collection":[{"href":"https:\/\/www.foment.com\/es\/wp-json\/wp\/v2\/posts"}],"about":[{"href":"https:\/\/www.foment.com\/es\/wp-json\/wp\/v2\/types\/post"}],"author":[{"embeddable":true,"href":"https:\/\/www.foment.com\/es\/wp-json\/wp\/v2\/users\/10"}],"replies":[{"embeddable":true,"href":"https:\/\/www.foment.com\/es\/wp-json\/wp\/v2\/comments?post=138478"}],"version-history":[{"count":5,"href":"https:\/\/www.foment.com\/es\/wp-json\/wp\/v2\/posts\/138478\/revisions"}],"predecessor-version":[{"id":138483,"href":"https:\/\/www.foment.com\/es\/wp-json\/wp\/v2\/posts\/138478\/revisions\/138483"}],"wp:featuredmedia":[{"embeddable":true,"href":"https:\/\/www.foment.com\/es\/wp-json\/wp\/v2\/media\/138395"}],"wp:attachment":[{"href":"https:\/\/www.foment.com\/es\/wp-json\/wp\/v2\/media?parent=138478"}],"wp:term":[{"taxonomy":"category","embeddable":true,"href":"https:\/\/www.foment.com\/es\/wp-json\/wp\/v2\/categories?post=138478"},{"taxonomy":"post_tag","embeddable":true,"href":"https:\/\/www.foment.com\/es\/wp-json\/wp\/v2\/tags?post=138478"}],"curies":[{"name":"wp","href":"https:\/\/api.w.org\/{rel}","templated":true}]}}