{"id":138823,"date":"2022-02-25T09:41:51","date_gmt":"2022-02-25T08:41:51","guid":{"rendered":"https:\/\/www.foment.com\/sanchez-llibre-entrega-a-john-hoffman-la-medalla-de-honor-de-foment-por-el-250-aniversario\/"},"modified":"2022-02-25T09:45:07","modified_gmt":"2022-02-25T08:45:07","slug":"sanchez-llibre-entrega-a-john-hoffman-la-medalla-de-honor-de-foment-por-el-250-aniversario","status":"publish","type":"post","link":"https:\/\/www.foment.com\/es\/sanchez-llibre-entrega-a-john-hoffman-la-medalla-de-honor-de-foment-por-el-250-aniversario\/","title":{"rendered":"S\u00e1nchez Llibre entrega a John Hoffman la Medalla de Honor de Foment por el 250 aniversario"},"content":{"rendered":"<p>El presidente de Foment del Treball,\u00a0<strong>Josep S\u00e1nchez Llibre<\/strong>, ha entregado hoy una de las siete medallas conmemorativas del 250 cumplea\u00f1os de la instituci\u00f3n al CEO y director de la GSMA,\u00a0<strong>John Hoffman<\/strong>, por\u00a0<strong>su importante contribuci\u00f3n al progreso econ\u00f3mico y al prestigio de Barcelona y de Catalu\u00f1a con lo Mobile World Congress (MWC), que ha hecho de la ciudad condal una referencia mundial<\/strong>.<\/p>\n<p>S\u00e1nchez Llibre ha puesto a la patronal a disposici\u00f3n de la GSMA para\u00a0<strong>contribuir en la renovaci\u00f3n del MWC para las ediciones del 2025 hasta el 2030<\/strong>, \u201custed es la persona m\u00e1s importante para conseguir esta renovaci\u00f3n\u201d, ha dicho a Hoffman. En su intervenci\u00f3n, tambi\u00e9n ha alabado el compromiso de John Hoffman con la ciudad: \u201cSin duda, el MWC ha sido la gran feria que nos ha situado en la vanguardia mundial y ha demostrado que se puede confiar en Barcelona\u201d.<\/p>\n","protected":false},"excerpt":{"rendered":"<p>El presidente de Foment del Treball,\u00a0Josep S\u00e1nchez Llibre, ha entregado hoy una de las siete medallas conmemorativas del 250 cumplea\u00f1os de la instituci\u00f3n al CEO y director de la GSMA,\u00a0John Hoffman, por\u00a0su importante contribuci\u00f3n al progreso econ\u00f3mico y al prestigio de Barcelona y de Catalu\u00f1a con lo Mobile World Congress (MWC), que ha hecho de la ciudad condal una referencia mundial. S\u00e1nchez Llibre ha puesto a la patronal a disposici\u00f3n de la GSMA para\u00a0contribuir en la renovaci\u00f3n del MWC para las ediciones del 2025 hasta el 2030, \u201custed es la persona m\u00e1s importante para conseguir esta renovaci\u00f3n\u201d, ha dicho a Hoffman. En su intervenci\u00f3n, tambi\u00e9n ha alabado el compromiso de John Hoffman con la ciudad: \u201cSin duda, el MWC ha sido la gran feria que nos ha situado en la vanguardia mundial y ha demostrado que se puede confiar en Barcelona\u201d.<\/p>\n","protected":false},"author":24,"featured_media":138752,"comment_status":"closed","ping_status":"closed","sticky":false,"template":"","format":"video","meta":{"_links_to":"","_links_to_target":""},"categories":[4919],"tags":[],"acf":[],"wps_subtitle":"","_links":{"self":[{"href":"https:\/\/www.foment.com\/es\/wp-json\/wp\/v2\/posts\/138823"}],"collection":[{"href":"https:\/\/www.foment.com\/es\/wp-json\/wp\/v2\/posts"}],"about":[{"href":"https:\/\/www.foment.com\/es\/wp-json\/wp\/v2\/types\/post"}],"author":[{"embeddable":true,"href":"https:\/\/www.foment.com\/es\/wp-json\/wp\/v2\/users\/24"}],"replies":[{"embeddable":true,"href":"https:\/\/www.foment.com\/es\/wp-json\/wp\/v2\/comments?post=138823"}],"version-history":[{"count":1,"href":"https:\/\/www.foment.com\/es\/wp-json\/wp\/v2\/posts\/138823\/revisions"}],"predecessor-version":[{"id":138824,"href":"https:\/\/www.foment.com\/es\/wp-json\/wp\/v2\/posts\/138823\/revisions\/138824"}],"wp:featuredmedia":[{"embeddable":true,"href":"https:\/\/www.foment.com\/es\/wp-json\/wp\/v2\/media\/138752"}],"wp:attachment":[{"href":"https:\/\/www.foment.com\/es\/wp-json\/wp\/v2\/media?parent=138823"}],"wp:term":[{"taxonomy":"category","embeddable":true,"href":"https:\/\/www.foment.com\/es\/wp-json\/wp\/v2\/categories?post=138823"},{"taxonomy":"post_tag","embeddable":true,"href":"https:\/\/www.foment.com\/es\/wp-json\/wp\/v2\/tags?post=138823"}],"curies":[{"name":"wp","href":"https:\/\/api.w.org\/{rel}","templated":true}]}}