{"id":139969,"date":"2022-03-07T12:22:18","date_gmt":"2022-03-07T11:22:18","guid":{"rendered":"https:\/\/www.foment.com\/renova-confianca-consolat-general-eua-barcelona-impulsar-programa-academy-women-entrepreneurs\/"},"modified":"2022-03-07T13:51:16","modified_gmt":"2022-03-07T12:51:16","slug":"renueva-confianza-consolado-general-eeuu-barcelona-impulsar-programa-academy-women-entrepreneurs","status":"publish","type":"post","link":"https:\/\/www.foment.com\/es\/renueva-confianza-consolado-general-eeuu-barcelona-impulsar-programa-academy-women-entrepreneurs\/","title":{"rendered":"Foment renueva la confianza del Consulado General de los EE. UU. en Barcelona para impulsar el programa del Academy for Women Entrepreneurs"},"content":{"rendered":"<section class=\"wpb-content-wrapper\"><p>[vc_row][vc_column][vc_column_text]<\/p>\n<ul>\n<li><strong>Entre el 7 de mar<\/strong><strong>zo y<\/strong><strong> el 18 d<\/strong><strong>e <\/strong><strong>abril <\/strong><strong>se pueden <\/strong><strong>registrar l<\/strong><strong>a<\/strong><strong>s candidatur<\/strong><strong>a<\/strong><strong>s <\/strong><strong>en<\/strong><strong>: <a href=\"https:\/\/www.foment.com\/es\/awe\">www.foment.com\/es\/awe<\/a>.<\/strong><\/li>\n<\/ul>\n<p>Foment del Treball y el Consulado General de los Estados Unidos en Barcelona se vuelven a unir para impulsar una segunda edici\u00f3n en Catalu\u00f1a del programa gratuito de formaci\u00f3n para mujeres emprendedoras promovido por el gobierno estadounidense <strong>\u00abAcademy for Women Entrepreneurs\u00bb (AWE)<\/strong> entre mayo y julio del 2022.<\/p>\n<p>La presentaci\u00f3n en la sede de la patronal catalana ha sido a cargo del presidente de Fomento, <strong>Josep S\u00e1nchez Llibre<\/strong>, la c\u00f3nsul general del Consulado General de los EE. UU. en Barcelona, <strong>Katie Stana<\/strong>, y la directora del departamento de Innovaci\u00f3n de la instituci\u00f3n, <strong>Mar\u00eda Mora<\/strong>.<\/p>\n<p>S\u00e1nchez Llibre ha destacado la importancia de renovar un a\u00f1o m\u00e1s este programa, <strong>\u201ces una apuesta m\u00e1s de Foment del Treball a favor del liderazgo de las mujeres\u201d<\/strong>. Ha recordado el \u00e9xito de la edici\u00f3n del a\u00f1o pasado: \u201cTenemos grandes proyectos muy cerca que pueden tener un gran impacto global\u201d.<\/p>\n<p>Por su parte, la c\u00f3nsul Katie Stana ha se\u00f1alado que <strong>\u201ces esencial apoyar a las emprendedoras para que puedan seguir trabajando y asumiendo riesgos. Con AWE, queremos que las mujeres desarrollen todo su potencial econ\u00f3mico<\/strong> y, desde el consulado, trabajamos para darles visibilidad y conectarlas al ecosistema emprendedor estadounidense\u201d.<\/p>\n<p>La directora de Innovaci\u00f3n, Maria Mora, ha explicado todos los detalles para formalizar la solicitud de entrada a la AWE 2022: <strong>\u201ces un honor poder repetir este programa, primero para seguir trabajando con el consulado americano y con nuestros socios de viaje y segundo porque es una gran oportunidad para descubrir y acompa\u00f1ar directamente nuevos proyectos\u201d<\/strong>.<\/p>\n<p>El programa cuenta con la colaboraci\u00f3n de EPSON, el despacho de abogados DWF-RCD, Tech Barcelona y Wayra Barcelona.<\/p>\n<p>La convocatoria est\u00e1 abierta a emprendedoras residentes en Catalu\u00f1a, que hayan creado una startup en los \u00faltimos 4 a\u00f1os o que tengan una idea avanzada y est\u00e9n a punto de ponerla en marcha. Se seleccionar\u00e1n a 30 emprendedoras para participar en esta segunda edici\u00f3n y, al final del programa, se otorgar\u00e1n siete premios a los proyectos empresariales m\u00e1s destacados. Las participantes formar\u00e1n parte de la gran red global AWE, que cuenta con m\u00e1s de 16.000 mujeres de 80 pa\u00edses de todo el mundo.<\/p>\n<p>El programa AWE se implant\u00f3 en Espa\u00f1a en 2019 y desde entonces han participado 150 mujeres de las Islas Canarias, Val\u00e8ncia, Sevilla, Arag\u00f3n y Catalu\u00f1a (30 en la edici\u00f3n del 2021). Esta cuarta edici\u00f3n de AWE en Espa\u00f1a se desarrollar\u00e1 en Catalu\u00f1a, Castilla la Mancha, Murcia y Andorra.<\/p>\n<p>AWE es un programa de emprendimiento gratuito financiado por el Departamento de Estado de los EE. UU. que tiene como objetivo impulsar el desarrollo de proyectos emprendedores liderados por mujeres. El programa ofrece a las emprendedoras que participan una combinaci\u00f3n de clases magistrales, as\u00ed como la formaci\u00f3n virtual intensiva DreamBuilder, impartida por la escuela de negocios de los EE. UU. <a href=\"https:\/\/thunderbird.asu.edu\/\">Thunderbird<\/a>, de la Arizona State University. Esta formaci\u00f3n empresarial tiene como objetivo apoyar al desarrollo y el crecimiento de un negocio o proyecto emprendedor y potenciar las habilidades en el \u00e1mbito empresarial.<\/p>\n<p>Las emprendedoras interesadas al participar en el programa AWE pueden enviar su solicitud a trav\u00e9s de <a href=\"https:\/\/www.foment.com\/es\/awe\">www.foment.com\/es\/awe<\/a>.<\/p>\n<p>Antes de la presentaci\u00f3n, Stana se ha reunido con el presidente de Foment para firmar el Libro de Honor de la instituci\u00f3n. Tambi\u00e9n han estado presentes la directora de Innovaci\u00f3n junto con la c\u00f3nsul de Diplomacia Publica, <strong>Emma Marwood<\/strong>, y el director de Internacional de la patronal, <strong>Kilian Garcia<\/strong>.[\/vc_column_text]<div class=\"flexslider wpb_content_element\"><ul class=\"slides\"><li><img src=\"https:\/\/www.foment.com\/wp-content\/uploads\/2022\/03\/photo1646652113-2.jpeg\" alt=\"\" \/><\/li><li><img src=\"https:\/\/www.foment.com\/wp-content\/uploads\/2022\/03\/photo1646652119-19.jpeg\" alt=\"\" \/><\/li><li><img src=\"https:\/\/www.foment.com\/wp-content\/uploads\/2022\/03\/photo1646652119-21.jpeg\" alt=\"\" \/><\/li><li><img src=\"https:\/\/www.foment.com\/wp-content\/uploads\/2022\/03\/photo1646652119-16.jpeg\" alt=\"\" \/><\/li><li><img src=\"https:\/\/www.foment.com\/wp-content\/uploads\/2022\/03\/photo1646652119-13.jpeg\" alt=\"\" \/><\/li><li><img src=\"https:\/\/www.foment.com\/wp-content\/uploads\/2022\/03\/photo1646652119-4.jpeg\" alt=\"\" \/><\/li><li><img src=\"https:\/\/www.foment.com\/wp-content\/uploads\/2022\/03\/photo1646652119-11.jpeg\" alt=\"\" \/><\/li><li><img src=\"https:\/\/www.foment.com\/wp-content\/uploads\/2022\/03\/photo1646652113-6.jpeg\" alt=\"\" \/><\/li><li><img src=\"https:\/\/www.foment.com\/wp-content\/uploads\/2022\/03\/photo1646652119-2.jpeg\" alt=\"\" \/><\/li><li><img src=\"https:\/\/www.foment.com\/wp-content\/uploads\/2022\/03\/photo1646648183-3.jpeg\" alt=\"\" \/><\/li><li><img src=\"https:\/\/www.foment.com\/wp-content\/uploads\/2022\/03\/photo1646648183-7.jpeg\" alt=\"\" \/><\/li><li><img src=\"https:\/\/www.foment.com\/wp-content\/uploads\/2022\/03\/photo1646648183-8.jpeg\" alt=\"\" \/><\/li><li><img src=\"https:\/\/www.foment.com\/wp-content\/uploads\/2022\/03\/photo1646648185-1.jpeg\" alt=\"\" \/><\/li><li><img src=\"https:\/\/www.foment.com\/wp-content\/uploads\/2022\/03\/photo1646648183-2.jpeg\" alt=\"\" \/><\/li><li><img src=\"https:\/\/www.foment.com\/wp-content\/uploads\/2022\/03\/photo1646652110-4.jpeg\" alt=\"\" \/><\/li><li><img src=\"https:\/\/www.foment.com\/wp-content\/uploads\/2022\/03\/photo1646652113.jpeg\" alt=\"\" \/><\/li><\/ul><\/div>[vc_column_text]<span style=\"color: #c1002b;\"><strong>Comit\u00e9 de selecci\u00f3n y evaluaci\u00f3n de las candidaturas<\/strong><\/span><\/p>\n<p>Per la selecci\u00f3 i avaluaci\u00f3 dels candidatures s\u2019ha creat un comit\u00e8 format per el President de Foment, Josep S\u00e1nchez Llibre, i empresaris com Ignasi Costas \u2013 fundador de RCD i soci co-director de DWF-RCD-, Miquel Mart\u00ed -CEO de Tech Barcelona-, Marta Antunez -directora de Wayra Barcelona-, i Maria Zaragoza -directora de M\u00e0rqueting i Comunicaci\u00f3 a EPSON- aix\u00ed com la directora del programa, Maria Mora, entre d\u2019altres.<\/p>\n<p>A m\u00e9s, els emprenedores amb els set projectes m\u00e9s destacats rebran premis valorats en 1.000\u20ac cada un consistents en algun dels seg\u00fcents packs: material audiovisual per part d&#8217;EPSON, hores d&#8217;assessorament legal per part de DWF-RCD, o hores de mentoria per part de Wayra Barcelona. Igualment, Tech Barcelona premiar\u00e0 a totes els 30 emprenedores amb acc\u00e9s gratu\u00eft a tot el seu programa d\u2019activitats durant un any.<\/p>\n<p>A partir del 7 de mar\u00e7 est\u00e0 obert el per\u00edode de presentaci\u00f3 de candidatures que finalitza el 18 d\u2019abril. La primera setmana de maig \u00e9s donessin a con\u00e8ixer els candidatures seleccionades i al juliol \u00e9s clour\u00e0 oficialment la segona edici\u00f3 del programa a Catalunya.[\/vc_column_text]<div class=\"video-embed  wpb_content_element\"><iframe title=\"Presentaci\u00f3 de la segona edici\u00f3 del programa Academy for Women Entrepreneurs (AWE)\" width=\"1161\" height=\"653\" src=\"https:\/\/www.youtube.com\/embed\/kdp0EJqdYq4?feature=oembed\" frameborder=\"0\" allow=\"accelerometer; autoplay; clipboard-write; encrypted-media; gyroscope; picture-in-picture; web-share\" referrerpolicy=\"strict-origin-when-cross-origin\" allowfullscreen><\/iframe><\/div>[\/vc_column][\/vc_row]<\/p>\n<\/section>","protected":false},"excerpt":{"rendered":"<p>[vc_row][vc_column][vc_column_text] Entre el 7 de marzo y el 18 de abril se pueden registrar las candidaturas en: www.foment.com\/es\/awe. Foment del Treball y el Consulado General de los Estados Unidos en Barcelona se vuelven a unir para impulsar una segunda edici\u00f3n en Catalu\u00f1a del programa gratuito de formaci\u00f3n para mujeres emprendedoras promovido por el gobierno estadounidense \u00abAcademy for Women Entrepreneurs\u00bb (AWE) entre mayo y julio del 2022. La presentaci\u00f3n en la sede de la patronal catalana ha sido a cargo del presidente de Fomento, Josep S\u00e1nchez Llibre, la c\u00f3nsul general del Consulado General de los EE. UU. en Barcelona, Katie Stana, y la directora del departamento de Innovaci\u00f3n de la instituci\u00f3n, Mar\u00eda Mora. S\u00e1nchez Llibre ha destacado la importancia de renovar un a\u00f1o m\u00e1s este programa, \u201ces una apuesta m\u00e1s de Foment del Treball a favor del liderazgo de las mujeres\u201d. Ha recordado el \u00e9xito de la edici\u00f3n del a\u00f1o pasado: \u201cTenemos grandes proyectos muy cerca que pueden tener un gran impacto global\u201d. Por su parte, la c\u00f3nsul Katie Stana ha se\u00f1alado que \u201ces esencial apoyar a las emprendedoras para que puedan seguir trabajando y asumiendo riesgos. Con AWE, queremos que las mujeres desarrollen todo su potencial econ\u00f3mico y, desde el [&hellip;]<\/p>\n","protected":false},"author":10,"featured_media":139923,"comment_status":"closed","ping_status":"closed","sticky":false,"template":"","format":"standard","meta":{"_links_to":"","_links_to_target":""},"categories":[114,67,5714],"tags":[6401,4847,6402,4749,4750,4845],"acf":[],"wps_subtitle":"Segunda edici\u00f3n de la AWE destinada a 30 emprendedoras de Catalu\u00f1a","_links":{"self":[{"href":"https:\/\/www.foment.com\/es\/wp-json\/wp\/v2\/posts\/139969"}],"collection":[{"href":"https:\/\/www.foment.com\/es\/wp-json\/wp\/v2\/posts"}],"about":[{"href":"https:\/\/www.foment.com\/es\/wp-json\/wp\/v2\/types\/post"}],"author":[{"embeddable":true,"href":"https:\/\/www.foment.com\/es\/wp-json\/wp\/v2\/users\/10"}],"replies":[{"embeddable":true,"href":"https:\/\/www.foment.com\/es\/wp-json\/wp\/v2\/comments?post=139969"}],"version-history":[{"count":4,"href":"https:\/\/www.foment.com\/es\/wp-json\/wp\/v2\/posts\/139969\/revisions"}],"predecessor-version":[{"id":139981,"href":"https:\/\/www.foment.com\/es\/wp-json\/wp\/v2\/posts\/139969\/revisions\/139981"}],"wp:featuredmedia":[{"embeddable":true,"href":"https:\/\/www.foment.com\/es\/wp-json\/wp\/v2\/media\/139923"}],"wp:attachment":[{"href":"https:\/\/www.foment.com\/es\/wp-json\/wp\/v2\/media?parent=139969"}],"wp:term":[{"taxonomy":"category","embeddable":true,"href":"https:\/\/www.foment.com\/es\/wp-json\/wp\/v2\/categories?post=139969"},{"taxonomy":"post_tag","embeddable":true,"href":"https:\/\/www.foment.com\/es\/wp-json\/wp\/v2\/tags?post=139969"}],"curies":[{"name":"wp","href":"https:\/\/api.w.org\/{rel}","templated":true}]}}