{"id":140415,"date":"2022-03-11T18:04:52","date_gmt":"2022-03-11T17:04:52","guid":{"rendered":"https:\/\/www.foment.com\/javier-solana-orgullos-resposta-ue-davant-agressio-russia\/"},"modified":"2022-03-11T19:51:43","modified_gmt":"2022-03-11T18:51:43","slug":"javier-solana-orgulloso-respuesta-ue-ante-agresion-rusia","status":"publish","type":"post","link":"https:\/\/www.foment.com\/es\/javier-solana-orgulloso-respuesta-ue-ante-agresion-rusia\/","title":{"rendered":"Javier Solana: Estoy muy orgulloso de la respuesta que est\u00e1 teniendo la UE ante la agresi\u00f3n de Rusia"},"content":{"rendered":"<ul>\n<li><strong>El di\u00e1logo \u2018Hacia donde va el mundo?\u2019, impulsado por la Sociedad Barcelonesa de Estudios Econ\u00f3micos y Sociales de Foment del Treball, se ha celebrado esta ma\u00f1ana en el Palacio Macaya de Barcelona en el marco del ciclo de conferencias \u2018El Progreso en el S.XXI\u2019.<\/strong><\/li>\n<li><strong>El encuentro ha consistido en un debate entre Javier Solana, presidente de EsadeGeo y exsecretario general del OTAN, y Enric Juliana, director adjunto de La Vanguardia. El acto ha sido presentado por Josep S\u00e1nchez Llibre, presidente de Foment del Treball.<\/strong><\/li>\n<li><strong>A lo largo del acto se ha hecho un repaso de la relaci\u00f3n hist\u00f3rica entre Ucrania y Rusia para llegar a la situaci\u00f3n de hoy, as\u00ed como un an\u00e1lisis de las consecuencias que tendr\u00e1 sobre los retos econ\u00f3micos, sociales y medioambientales ya existentes.<\/strong><\/li>\n<\/ul>\n<p>\u200b\u200b\u200b\u200b\u200b\u200b\u200bEste mediod\u00eda se ha celebrado el di\u00e1logo impulsado por RethinkBCN, \u00f3rgano de la Sociedad Barcelonesa de Estudios Econ\u00f3micos y Sociales de Foment del Treball, en el marco de su ciclo de conferencias <em>\u2018El Progreso en el S.XXI\u2019<\/em>. En esta ocasi\u00f3n, bajo el t\u00edtulo de <em>\u2018Hac\u00eda donde va el mundo?\u2019<\/em>, el presidente de EsadeGeo y exsecretario general del OTAN, Javier Solana, y el director adjunto de La Vanguardia, Enric Juliana, han analizado los principales retos a los cuales nos enfrentamos y las estrategias que se requiere impulsar para hacer frente a la incertidumbre. El acto ha sido presentado por Josep S\u00e1nchez Llibre, presidente de Foment del Treball.<\/p>\n<p>A lo largo del di\u00e1logo se han abordado temas como la seguridad internacional, centrado en la situaci\u00f3n que est\u00e1 viviendo Europa a ra\u00edz del conflicto armado entre Rusia y Ucrania, as\u00ed como el impacto mundial que puede tener este conflicto. Durante el acto se ha hecho un repaso de la relaci\u00f3n hist\u00f3rica entre los dos pa\u00edses y las otras potencias mundiales, as\u00ed como los acontecimientos m\u00e1s recientes. En este sentido, el presidente de Esade Geo y exsecretario general de la OTAN, Javier Solana apuntaba que\u00a0\u00abno veremos cambios a corto plazo, seguiremos viendo como la gente sufre. En este momento me cuesta verlo. Putin tiene en mente quedarse con todo lo que pueda de Ucrania\u00bb.<\/p>\n<p>Solana considera que \u2018China tiene que sentarse en la negociaci\u00f3n\u2019. En este sentido el exsecretario general del OTAN ha recordado la historia de cuando China y los Estados Unidos se pusieron de acuerdo en su momento para frenar en Rusia, y ahora se han girado los acuerdos y China est\u00e1 en una posici\u00f3n de apoyar a Rusia versus los Estados Unidos, mismos actores pero diferentes aliados. Javier Solana ha hablado en este sentido, de una nueva triangulaci\u00f3n en las relaciones internacionales. Adem\u00e1s, considera que Rusia \u00abno es en estos momentos un pa\u00eds moderno y tecnol\u00f3gico como China, y le puede costar salir adelante\u00bb.<\/p>\n<p>Por otro lado, Solana ha destacado que la situaci\u00f3n actual supondr\u00e1 un antes y uno despu\u00e9s en la historia mundial, asegurando que estamos ante una situaci\u00f3n global muy complicada que se suma al reto de la pandemia, el cambio clim\u00e1tico y la crisis energ\u00e9tica. \u00abEstoy muy orgulloso del comportamiento que est\u00e1 teniendo la UE y de la respuesta de calidad que est\u00e1n ofreciendo ante la situaci\u00f3n tan dif\u00edcil. Tenemos que ser capaces de responder correctamente a la crisis de los refugiados, a la crisis energ\u00e9tica a la vez que respondemos al cambio clim\u00e1tico, as\u00ed como mejorar las capacidades de acci\u00f3n para ayudar a la seguridad internacional, y prepararnos para la crisis de alimentos debido a la producci\u00f3n de grano de Ucrania. Estos problemas nuevos se unen a los que ya ten\u00edamos, una situaci\u00f3n que nos obliga a tener la cabeza fr\u00eda, a pensar bien las cosas y a establecer consensos entre pa\u00edses para poder hacer frente a la situaci\u00f3n\u00bb. As\u00ed, Solana ha querido destacar tambi\u00e9n la necesidad de que la ciudadan\u00eda espa\u00f1ola se implique en la respuesta de estos retos, poniendo de relevo la responsabilidad que tienen al pertenecer a la Uni\u00f3n Europea.<\/p>\n<p>El presidente de Foment del Treball, Josep S\u00e1nchez Llibre, que ha presentado el di\u00e1logo, ha elogiado la calidad humana de Solana y su extensa experiencia en la pol\u00edtica Europea: \u201cSu cultura y su vocaci\u00f3n acad\u00e9mica configuran una personalidad de mirada abierta, inclusiva y, en absoluto, sectaria, que sumado a su gran experiencia lo convierte en un buen int\u00e9rprete de la realidad y, a nosotros, en unos privilegiados por poderlo escuchar\u201d.<\/p>\n<p>El acontecimiento en el Palacio Macaya de Barcelona ha contado con la presencia de autoridades del \u00e1mbito pol\u00edtico, social, econ\u00f3mico y cultural del pa\u00eds. Todos ellos coinciden que, sin una lucha decidida contra las desigualdades, el progreso econ\u00f3mico, cient\u00edfico, tecnol\u00f3gico y cultural no ser\u00e1 posible en el Siglo XXI.<\/p>\n<p><span style=\"color: #c1002b;\"><strong>Conferencias sobre el progreso en el siglo XXI<\/strong><\/span><\/p>\n<p>Teniendo en cuenta el contexto actual, los encuentros enmarcados en el ciclo <em>\u2018El Progreso en el Siglo XXI\u2019<\/em> pretenden destacar que, sin una lucha decidida contra las desigualdades este progreso econ\u00f3mico, cient\u00edfico, tecnol\u00f3gico y cultural no ser\u00e1 posible en el S.XXI. La Sociedad Barcelonesa de Estudios Econ\u00f3micos y Sociales de Foment del Treball cree que los Objetivos de Desarrollo Sostenible 2030, que se establecen como factores clave en la lucha contra la pobreza, el hambre, la salud, la energ\u00eda, la lucha contra el cambio clim\u00e1tico o la producci\u00f3n y consumo responsable, nos ponen sobre aviso de que no ser\u00e1 posible mantener el ideal de progreso sin una agenda social capaz de abordar el problema de las desigualdades.<\/p>\n<p>El ciclo de conferencias ha consistido en di\u00e1logos con las voces m\u00e1s autorizadas del \u00e1mbito pol\u00edtico, social, econ\u00f3mico y cultural del pa\u00eds. En estos encuentros se ha abordado la relaci\u00f3n directa entre el progreso y la lucha contra las desigualdades sociales desde diferentes \u00e1ngulos pol\u00edticos y sociales, buscando la recuperaci\u00f3n de valores c\u00edvicos como la solidaridad, la fraternidad, la colaboraci\u00f3n o la cooperaci\u00f3n para hacer frente a los retos que tenemos como sociedad para encarar el futuro.<\/p>\n","protected":false},"excerpt":{"rendered":"<p>El di\u00e1logo \u2018Hacia donde va el mundo?\u2019, impulsado por la Sociedad Barcelonesa de Estudios Econ\u00f3micos y Sociales de Foment del Treball, se ha celebrado esta ma\u00f1ana en el Palacio Macaya de Barcelona en el marco del ciclo de conferencias \u2018El Progreso en el S.XXI\u2019. El encuentro ha consistido en un debate entre Javier Solana, presidente de EsadeGeo y exsecretario general del OTAN, y Enric Juliana, director adjunto de La Vanguardia. El acto ha sido presentado por Josep S\u00e1nchez Llibre, presidente de Foment del Treball. A lo largo del acto se ha hecho un repaso de la relaci\u00f3n hist\u00f3rica entre Ucrania y Rusia para llegar a la situaci\u00f3n de hoy, as\u00ed como un an\u00e1lisis de las consecuencias que tendr\u00e1 sobre los retos econ\u00f3micos, sociales y medioambientales ya existentes. \u200b\u200b\u200b\u200b\u200b\u200b\u200bEste mediod\u00eda se ha celebrado el di\u00e1logo impulsado por RethinkBCN, \u00f3rgano de la Sociedad Barcelonesa de Estudios Econ\u00f3micos y Sociales de Foment del Treball, en el marco de su ciclo de conferencias \u2018El Progreso en el S.XXI\u2019. En esta ocasi\u00f3n, bajo el t\u00edtulo de \u2018Hac\u00eda donde va el mundo?\u2019, el presidente de EsadeGeo y exsecretario general del OTAN, Javier Solana, y el director adjunto de La Vanguardia, Enric Juliana, han analizado los principales [&hellip;]<\/p>\n","protected":false},"author":10,"featured_media":140413,"comment_status":"closed","ping_status":"closed","sticky":false,"template":"","format":"standard","meta":{"_links_to":"","_links_to_target":""},"categories":[114,5714,1799],"tags":[6449,4738,6450,6375],"acf":[],"wps_subtitle":"Ciclo de conferencias \u2018El Progreso en el S.XXI\u2019","_links":{"self":[{"href":"https:\/\/www.foment.com\/es\/wp-json\/wp\/v2\/posts\/140415"}],"collection":[{"href":"https:\/\/www.foment.com\/es\/wp-json\/wp\/v2\/posts"}],"about":[{"href":"https:\/\/www.foment.com\/es\/wp-json\/wp\/v2\/types\/post"}],"author":[{"embeddable":true,"href":"https:\/\/www.foment.com\/es\/wp-json\/wp\/v2\/users\/10"}],"replies":[{"embeddable":true,"href":"https:\/\/www.foment.com\/es\/wp-json\/wp\/v2\/comments?post=140415"}],"version-history":[{"count":4,"href":"https:\/\/www.foment.com\/es\/wp-json\/wp\/v2\/posts\/140415\/revisions"}],"predecessor-version":[{"id":140428,"href":"https:\/\/www.foment.com\/es\/wp-json\/wp\/v2\/posts\/140415\/revisions\/140428"}],"wp:featuredmedia":[{"embeddable":true,"href":"https:\/\/www.foment.com\/es\/wp-json\/wp\/v2\/media\/140413"}],"wp:attachment":[{"href":"https:\/\/www.foment.com\/es\/wp-json\/wp\/v2\/media?parent=140415"}],"wp:term":[{"taxonomy":"category","embeddable":true,"href":"https:\/\/www.foment.com\/es\/wp-json\/wp\/v2\/categories?post=140415"},{"taxonomy":"post_tag","embeddable":true,"href":"https:\/\/www.foment.com\/es\/wp-json\/wp\/v2\/tags?post=140415"}],"curies":[{"name":"wp","href":"https:\/\/api.w.org\/{rel}","templated":true}]}}