{"id":140725,"date":"2022-03-17T16:33:53","date_gmt":"2022-03-17T15:33:53","guid":{"rendered":"https:\/\/www.foment.com\/reclama-govern-espanyol-rebaixa-immediata-impostos-gasolina\/"},"modified":"2022-03-17T16:55:35","modified_gmt":"2022-03-17T15:55:35","slug":"reclama-gobierno-espanol-rebaja-inmediata-impuestos-gasolina","status":"publish","type":"post","link":"https:\/\/www.foment.com\/es\/reclama-gobierno-espanol-rebaja-inmediata-impuestos-gasolina\/","title":{"rendered":"Foment reclama al gobierno espa\u00f1ol una rebaja inmediata en los impuestos de gasolina"},"content":{"rendered":"<section class=\"wpb-content-wrapper\"><p>[vc_row][vc_column][vc_column_text]Esta ma\u00f1ana, desde el Auditorio de Foment del Treball, se ha celebrado el segundo Automobile Talks, patrocinado por el BBVA Consumer Financio. Desde el punto de vista de la automoci\u00f3n, se ha analizado la afectaci\u00f3n de la guerra de Ucrania y las previsiones de mercado.<\/p>\n<p>Por un lado, el presidente de Fecavem, el Gremio del Motor y la UPM, Jaume Roura, ha pedido \u00abgenerosidad a los trabajadores, administraci\u00f3n y empresarios por el momento que estamos viviendo\u00bb y ha a\u00f1adido que \u00abel buen entendimiento es b\u00e1sica con los sindicatos\u00bb, coincidiendo con la negociaci\u00f3n de los convenios. Tambi\u00e9n ha exigido la ejecuci\u00f3n de un plan renove inmediato para ir a favor de la sostenibilidad por la cual la patronal tambi\u00e9n apuesta y defiende.<\/p>\n<p>El segundo turno ha sido para el presidente de Foment, Josep S\u00e1nchez Llibre, que ha avisado a la alcaldesa de Barcelona Ada Colau que, \u00aba pesar de sus intentos por eliminar la movilidad privada, no lo conseguir\u00e1. Todo el mundo tiene debe tener la libertad de moverse c\u00f3mo quiera o convenga\u00bb. Tambi\u00e9n ha reclamar al presidente del gobierno espa\u00f1ol, Pedro S\u00e1nchez, que \u00abrebaje ya los impuestos de la gasolina y no espere a final de mes para tomar esta decisi\u00f3n teniendo en cuenta el impacto actual del aumento del combustible sobre la econom\u00eda de las familias y empresas\u00bb.<\/p>\n<p>Desde ANFAC, su director general Jos\u00e9 L\u00f3pez-Tafall, tambi\u00e9n ha querido hacer hincapi\u00e9 en la actual huelga de transportistas y ha admitido que pueden haber importantes afectaciones en los fabricantes de la automoci\u00f3n. No obstante, se muestra m\u00e1s optimista de cara a unas afectaciones tan claras con la guerra de Ucrania como las que se han vivido previamente con la pandemia de la covid y la crisis de los microchips.<\/p>\n<p>El CEO de Silence, Carlos Sotelo, ha avanzado que se pondr\u00e1 en marcha un sistema de alquiler de bater\u00edas que podr\u00e1 favorecer la reducci\u00f3n de costes en el transporte electrificado. Y ha avanzado toda la tecnolog\u00eda m\u00e1s inmediata por la que apuesta esta empresa catalana ubicada en Sant Boi de Llobregat.<\/p>\n<p>Para acabar, Antonio Garcia Olmos, Director Nacional del BBVA Consumer Financio AUTO, ha explicado las nuevas formas de financiaci\u00f3n del veh\u00edculo privado en un mercado cambiante que rompe con el perfil de propietario como \u00fanica v\u00eda de negocio.[\/vc_column_text]<div class=\"flexslider wpb_content_element\"><ul class=\"slides\"><li><img src=\"https:\/\/www.foment.com\/wp-content\/uploads\/2022\/03\/WhatsApp-Image-2022-03-17-at-14.01.32-4.jpeg\" alt=\"\" \/><\/li><li><img src=\"https:\/\/www.foment.com\/wp-content\/uploads\/2022\/03\/WhatsApp-Image-2022-03-17-at-14.01.33.jpeg\" alt=\"\" \/><\/li><li><img src=\"https:\/\/www.foment.com\/wp-content\/uploads\/2022\/03\/WhatsApp-Image-2022-03-17-at-14.01.32-3.jpeg\" alt=\"\" \/><\/li><li><img src=\"https:\/\/www.foment.com\/wp-content\/uploads\/2022\/03\/WhatsApp-Image-2022-03-17-at-14.01.54-1.jpeg\" alt=\"\" \/><\/li><li><img src=\"https:\/\/www.foment.com\/wp-content\/uploads\/2022\/03\/WhatsApp-Image-2022-03-17-at-14.01.54.jpeg\" alt=\"\" \/><\/li><li><img src=\"https:\/\/www.foment.com\/wp-content\/uploads\/2022\/03\/WhatsApp-Image-2022-03-17-at-14.01.32-5.jpeg\" alt=\"\" \/><\/li><li><img src=\"https:\/\/www.foment.com\/wp-content\/uploads\/2022\/03\/WhatsApp-Image-2022-03-17-at-14.01.54-3.jpeg\" alt=\"\" \/><\/li><li><img src=\"https:\/\/www.foment.com\/wp-content\/uploads\/2022\/03\/WhatsApp-Image-2022-03-17-at-14.01.32-6.jpeg\" alt=\"\" \/><\/li><li><img src=\"https:\/\/www.foment.com\/wp-content\/uploads\/2022\/03\/WhatsApp-Image-2022-03-17-at-14.01.32.jpeg\" alt=\"\" \/><\/li><\/ul><\/div>[\/vc_column][\/vc_row]<\/p>\n<\/section>","protected":false},"excerpt":{"rendered":"<p>[vc_row][vc_column][vc_column_text]Esta ma\u00f1ana, desde el Auditorio de Foment del Treball, se ha celebrado el segundo Automobile Talks, patrocinado por el BBVA Consumer Financio. Desde el punto de vista de la automoci\u00f3n, se ha analizado la afectaci\u00f3n de la guerra de Ucrania y las previsiones de mercado. Por un lado, el presidente de Fecavem, el Gremio del Motor y la UPM, Jaume Roura, ha pedido \u00abgenerosidad a los trabajadores, administraci\u00f3n y empresarios por el momento que estamos viviendo\u00bb y ha a\u00f1adido que \u00abel buen entendimiento es b\u00e1sica con los sindicatos\u00bb, coincidiendo con la negociaci\u00f3n de los convenios. Tambi\u00e9n ha exigido la ejecuci\u00f3n de un plan renove inmediato para ir a favor de la sostenibilidad por la cual la patronal tambi\u00e9n apuesta y defiende. El segundo turno ha sido para el presidente de Foment, Josep S\u00e1nchez Llibre, que ha avisado a la alcaldesa de Barcelona Ada Colau que, \u00aba pesar de sus intentos por eliminar la movilidad privada, no lo conseguir\u00e1. Todo el mundo tiene debe tener la libertad de moverse c\u00f3mo quiera o convenga\u00bb. Tambi\u00e9n ha reclamar al presidente del gobierno espa\u00f1ol, Pedro S\u00e1nchez, que \u00abrebaje ya los impuestos de la gasolina y no espere a final de mes para tomar esta [&hellip;]<\/p>\n","protected":false},"author":10,"featured_media":140702,"comment_status":"closed","ping_status":"closed","sticky":false,"template":"","format":"standard","meta":{"_links_to":"","_links_to_target":""},"categories":[114,5714,1663],"tags":[6489,6492,6490,6491],"acf":[],"wps_subtitle":"Fecavem pide \"generosidad\" para afrontar la crisis","_links":{"self":[{"href":"https:\/\/www.foment.com\/es\/wp-json\/wp\/v2\/posts\/140725"}],"collection":[{"href":"https:\/\/www.foment.com\/es\/wp-json\/wp\/v2\/posts"}],"about":[{"href":"https:\/\/www.foment.com\/es\/wp-json\/wp\/v2\/types\/post"}],"author":[{"embeddable":true,"href":"https:\/\/www.foment.com\/es\/wp-json\/wp\/v2\/users\/10"}],"replies":[{"embeddable":true,"href":"https:\/\/www.foment.com\/es\/wp-json\/wp\/v2\/comments?post=140725"}],"version-history":[{"count":3,"href":"https:\/\/www.foment.com\/es\/wp-json\/wp\/v2\/posts\/140725\/revisions"}],"predecessor-version":[{"id":140731,"href":"https:\/\/www.foment.com\/es\/wp-json\/wp\/v2\/posts\/140725\/revisions\/140731"}],"wp:featuredmedia":[{"embeddable":true,"href":"https:\/\/www.foment.com\/es\/wp-json\/wp\/v2\/media\/140702"}],"wp:attachment":[{"href":"https:\/\/www.foment.com\/es\/wp-json\/wp\/v2\/media?parent=140725"}],"wp:term":[{"taxonomy":"category","embeddable":true,"href":"https:\/\/www.foment.com\/es\/wp-json\/wp\/v2\/categories?post=140725"},{"taxonomy":"post_tag","embeddable":true,"href":"https:\/\/www.foment.com\/es\/wp-json\/wp\/v2\/tags?post=140725"}],"curies":[{"name":"wp","href":"https:\/\/api.w.org\/{rel}","templated":true}]}}