{"id":140783,"date":"2022-03-18T13:53:28","date_gmt":"2022-03-18T12:53:28","guid":{"rendered":"https:\/\/www.foment.com\/president-foment-reuneix-ambaixador-republica-federal-alemanya-espanya\/"},"modified":"2022-03-18T14:15:48","modified_gmt":"2022-03-18T13:15:48","slug":"presidente-foment-reune-embajador-republica-federal-alemania-espana","status":"publish","type":"post","link":"https:\/\/www.foment.com\/es\/presidente-foment-reune-embajador-republica-federal-alemania-espana\/","title":{"rendered":"El presidente de Foment se re\u00fane con el embajador de la Rep\u00fablica Federal de Alemania en Espa\u00f1a"},"content":{"rendered":"<section class=\"wpb-content-wrapper\"><p>[vc_row][vc_column width=\u00bb1\/1&#8243;][vc_column_text]El embajador de la Rep\u00fablica Federal de Alemania en Espa\u00f1a,\u00a0<strong>Wolfgang Dold<\/strong>, se ha reunido con el presidente de Foment del Treball, <strong>Josep S\u00e1nchez Llibre<\/strong>, para analizar las relaciones bilaterales y las posibles v\u00edas de cooperaci\u00f3n para animar a los empresarios a identificar las numerosas oportunidades de negocio existentes a la zona. S\u00e1nchez Llibre le ha trasladado la<strong> importancia de reactivar el interconexionado de gas MIDCAT, proyecto vital para la seguridad de suministro y la competitividad energ\u00e9tica de Europa<\/strong> que se enmarca plenamente en el programa REPower EU que est\u00e1 impulsando la Comisi\u00f3n Europea, puesto que <strong>admiten flujo de hidr\u00f3geno mezcla con gas natural en la actualidad o en un futuro<\/strong>, cuando se quiera prescindir del gas natural por sus efectos emisores de GEH, podr\u00eda ser usado como transporte de hidr\u00f3geno.<\/p>\n<p>Alemania siempre ha estado a la agenda de los inversores de las empresas catalanas.\u00a0Como primera econom\u00eda de Europa, Alemania presentan un buen marco de negocio por las empresas catalanas, especialmente en los sectores de las infraestructuras y la construcci\u00f3n, la automoci\u00f3n, la salud y los servicios sanitarios. Las exportaciones catalanas en los Alemania al 2020 se han situado a los 11.777 millones de euros, hay m\u00e1s de 4.000 empresas exportadoras en los Alemania, de las cuales m\u00e1s de 2.795 son exportadoras regulares. En en cuanto a la inversi\u00f3n de Alemania en Catalu\u00f1a, ha estado de 2.293,1 millones de euros en los \u00faltimos cinco a\u00f1os.<\/p>\n<p>Tambi\u00e9n han participado a la reuni\u00f3n el c\u00f3nsul general de Alemania en Barcelona, <strong>Dirk Rotenberg<\/strong>, el secretario general de Foment, <strong>David Tornos<\/strong>, y el director de Internacional de la patronal, <strong>Kilian Garcia<\/strong>.<\/p>\n<p>Esta reuni\u00f3n se inscribe en la agenda anual de contactos intensa que mantiene Fomento con representantes institucionales y empresariales de todo el mundo a fin de impulsar oportunidades de negocio e inversi\u00f3n para empresas de Catalu\u00f1a, as\u00ed como presentar el pa\u00eds como una de las regiones de Europa m\u00e1s atractivas para captar inversiones.[\/vc_column_text]<div class=\"flexslider wpb_content_element\"><ul class=\"slides\"><li><img src=\"https:\/\/www.foment.com\/wp-content\/uploads\/2022\/03\/IMG_6788.jpg\" alt=\"\" \/><\/li><li><img src=\"https:\/\/www.foment.com\/wp-content\/uploads\/2022\/03\/IMG_6792.jpg\" alt=\"\" \/><\/li><li><img src=\"https:\/\/www.foment.com\/wp-content\/uploads\/2022\/03\/IMG_6802.jpg\" alt=\"\" \/><\/li><li><img src=\"https:\/\/www.foment.com\/wp-content\/uploads\/2022\/03\/IMG_6811.jpg\" alt=\"\" \/><\/li><li><img src=\"https:\/\/www.foment.com\/wp-content\/uploads\/2022\/03\/IMG_6812.jpg\" alt=\"\" \/><\/li><li><img src=\"https:\/\/www.foment.com\/wp-content\/uploads\/2022\/03\/IMG_6826.jpg\" alt=\"\" \/><\/li><\/ul><\/div>[vc_column_text]<\/p>\n<h3><span style=\"color: #c12238;\"><strong>Foment Internacional. Detectar y aprovechar <\/strong><strong>oportunidades de negocio e inversi\u00f3n en todo el mundo<\/strong><\/span><\/h3>\n<p>La tarea de Foment del Treball en favor de la internacionalizaci\u00f3n de la econom\u00eda y las empresas catalanas incluye la investigaci\u00f3n y exposici\u00f3n de nuevos destinos para las empresas que han abierto mercado y la promoci\u00f3n de la iniciaci\u00f3n en el caso de aquellas empresas que se plantean la proyecci\u00f3n exterior por primera vez. En este sentido, Foment organiza misiones empresariales para la apertura de nuevos mercados y ofrece numerosas jornadas anuales de detecci\u00f3n de oportunidades de negocio e inversi\u00f3n en todo el mundo.<\/p>\n<p>As\u00ed, las jornadas que organiza el Departamento Internacional de Foment proporcionan una visi\u00f3n integral, clara y pr\u00e1ctica de temas que son importantes para la empresa que est\u00e1 en proceso de internacionalizaci\u00f3n o que est\u00e1 internacionalizada y necesita estrategias para continuar con su crecimiento.[\/vc_column_text][\/vc_column][\/vc_row]<\/p>\n<\/section>","protected":false},"excerpt":{"rendered":"<p>[vc_row][vc_column width=\u00bb1\/1&#8243;][vc_column_text]El embajador de la Rep\u00fablica Federal de Alemania en Espa\u00f1a,\u00a0Wolfgang Dold, se ha reunido con el presidente de Foment del Treball, Josep S\u00e1nchez Llibre, para analizar las relaciones bilaterales y las posibles v\u00edas de cooperaci\u00f3n para animar a los empresarios a identificar las numerosas oportunidades de negocio existentes a la zona. S\u00e1nchez Llibre le ha trasladado la importancia de reactivar el interconexionado de gas MIDCAT, proyecto vital para la seguridad de suministro y la competitividad energ\u00e9tica de Europa que se enmarca plenamente en el programa REPower EU que est\u00e1 impulsando la Comisi\u00f3n Europea, puesto que admiten flujo de hidr\u00f3geno mezcla con gas natural en la actualidad o en un futuro, cuando se quiera prescindir del gas natural por sus efectos emisores de GEH, podr\u00eda ser usado como transporte de hidr\u00f3geno. Alemania siempre ha estado a la agenda de los inversores de las empresas catalanas.\u00a0Como primera econom\u00eda de Europa, Alemania presentan un buen marco de negocio por las empresas catalanas, especialmente en los sectores de las infraestructuras y la construcci\u00f3n, la automoci\u00f3n, la salud y los servicios sanitarios. Las exportaciones catalanas en los Alemania al 2020 se han situado a los 11.777 millones de euros, hay m\u00e1s de 4.000 empresas [&hellip;]<\/p>\n","protected":false},"author":10,"featured_media":140778,"comment_status":"closed","ping_status":"closed","sticky":false,"template":"","format":"standard","meta":{"_links_to":"","_links_to_target":""},"categories":[114,72,1667],"tags":[2567,2566,3900,270,230,6384],"acf":[],"wps_subtitle":"S\u00e1nchez Llibre le ha trasladado la importancia de reactivar la interconexi\u00f3n de gas MIDCAT, proyecto vital para la seguridad de suministro y la competitividad energ\u00e9tica de Europa","_links":{"self":[{"href":"https:\/\/www.foment.com\/es\/wp-json\/wp\/v2\/posts\/140783"}],"collection":[{"href":"https:\/\/www.foment.com\/es\/wp-json\/wp\/v2\/posts"}],"about":[{"href":"https:\/\/www.foment.com\/es\/wp-json\/wp\/v2\/types\/post"}],"author":[{"embeddable":true,"href":"https:\/\/www.foment.com\/es\/wp-json\/wp\/v2\/users\/10"}],"replies":[{"embeddable":true,"href":"https:\/\/www.foment.com\/es\/wp-json\/wp\/v2\/comments?post=140783"}],"version-history":[{"count":3,"href":"https:\/\/www.foment.com\/es\/wp-json\/wp\/v2\/posts\/140783\/revisions"}],"predecessor-version":[{"id":140787,"href":"https:\/\/www.foment.com\/es\/wp-json\/wp\/v2\/posts\/140783\/revisions\/140787"}],"wp:featuredmedia":[{"embeddable":true,"href":"https:\/\/www.foment.com\/es\/wp-json\/wp\/v2\/media\/140778"}],"wp:attachment":[{"href":"https:\/\/www.foment.com\/es\/wp-json\/wp\/v2\/media?parent=140783"}],"wp:term":[{"taxonomy":"category","embeddable":true,"href":"https:\/\/www.foment.com\/es\/wp-json\/wp\/v2\/categories?post=140783"},{"taxonomy":"post_tag","embeddable":true,"href":"https:\/\/www.foment.com\/es\/wp-json\/wp\/v2\/tags?post=140783"}],"curies":[{"name":"wp","href":"https:\/\/api.w.org\/{rel}","templated":true}]}}