{"id":141066,"date":"2022-03-22T17:34:51","date_gmt":"2022-03-22T16:34:51","guid":{"rendered":"https:\/\/www.foment.com\/lexsecretari-general-de-foment-joan-pujol-guardonat-amb-la-medalla-al-treball-president-macia\/"},"modified":"2022-03-22T18:45:58","modified_gmt":"2022-03-22T17:45:58","slug":"exsecretario-general-foment-joan-pujol-galardonado-medalla-trabajo-presidente-macia","status":"publish","type":"post","link":"https:\/\/www.foment.com\/es\/exsecretario-general-foment-joan-pujol-galardonado-medalla-trabajo-presidente-macia\/","title":{"rendered":"El ex secretario general de Foment, Joan Pujol, galardonado con la medalla al trabajo President Maci\u00e0"},"content":{"rendered":"<section class=\"wpb-content-wrapper\"><p>[vc_row][vc_column][vc_column_text]El Govern de la Generalitat<strong> reconoce los m\u00e9ritos laborales de 31 personas y 11 entidades con las medallas y placas al trabajo Presidente Maci\u00e0 2020 y 2021<\/strong>. Entre los galardonados, el ex secretario general de Foment del Treball,<strong> Joan Pujol Segarra<\/strong>, por su <strong>compromiso con el mundo empresarial de Catalunya durante los a\u00f1os al frente de la Secretar\u00eda General de la patronal<\/strong>.<\/p>\n<p>Joan Pujol Segarra se licenci\u00f3 en Ciencias Econ\u00f3micas y Empresariales por la Universitat de Barcelona, y fue secretario general de Foment del Treball del 1983 hasta el 2018. Tambi\u00e9n ha sido miembro del Consejo Econ\u00f3mico y Social de Espa\u00f1a (CES); de la Comisi\u00f3n de Econom\u00eda y Fiscalidad del CES y del Comit\u00e9 Ejecutivo de la Asociaci\u00f3n Pla Estrat\u00e9gico Metropolitano de Barcelona. Joan Pujol ha participado en pactos y acuerdos institucionales con administraciones y organizaciones sindicales.[\/vc_column_text]<div class=\"single_image wpb_content_element align-left    \" data-animation=\"none\" data-delay=\"0\"><img width=\"1112\" height=\"662\" src=\"https:\/\/www.foment.com\/wp-content\/uploads\/2022\/03\/WhatsApp-Image-2022-03-22-at-18.41.01.jpeg\" class=\"attachment-full\" alt=\"\" loading=\"lazy\" title=\"Joan Pujol\" srcset=\"https:\/\/www.foment.com\/wp-content\/uploads\/2022\/03\/WhatsApp-Image-2022-03-22-at-18.41.01.jpeg 1112w, https:\/\/www.foment.com\/wp-content\/uploads\/2022\/03\/WhatsApp-Image-2022-03-22-at-18.41.01-300x179.jpeg 300w, https:\/\/www.foment.com\/wp-content\/uploads\/2022\/03\/WhatsApp-Image-2022-03-22-at-18.41.01-1024x610.jpeg 1024w, https:\/\/www.foment.com\/wp-content\/uploads\/2022\/03\/WhatsApp-Image-2022-03-22-at-18.41.01-768x457.jpeg 768w\" sizes=\"(max-width: 1112px) 100vw, 1112px\" \/><\/div>[vc_column_text]<strong><span style=\"color: #c12238;\">Medalla y Placa al Trabajo President Maci\u00e0<\/span><\/strong><\/p>\n<div class=\"border-start bgGrey\">\n<div id=\"impacteContainer\">\n<div class=\"fpca-subcapcalera \">\n<div class=\"NG-menu\">\n<div class=\"NG-container\">\n<div class=\"NG-menu__wrapper\">\n<div class=\"NG-menu__wrapper_title2\">\n<p>La Medalla y la Placa al trabajo Presidente Maci\u00e0 fueron creadas en 1938 por el conseller de Trabajo de entonces, el Honorable Se\u00f1or Joan Comorera y Soler. Llevan el nombre Presidente Maci\u00e0 en honor del primer presidente y restaurador de la Generalitat moderna.<\/p>\n<p>En el a\u00f1o 1982, la Generalitat de Catalunya recuper\u00f3 estos galardones con el fin de distinguir las personas y las entidades que, con su esfuerzo y su ejemplo, contribuyen a consolidar la actividad econ\u00f3mica de nuestro pa\u00eds.<\/p>\n<p>Las Medallas se otorga como reconocimiento a las personas que han destacado por sus calidades o m\u00e9ritos personales o por los servicios prestados en beneficio de los intereses generales, dentro del mundo del trabajo. Mientras que las placas se conceden como reconocimiento a las empresas o las organizaciones que se han distinguido por las mejoras y las iniciativas de progreso adoptadas en el \u00e1mbito laboral.<\/p>\n<\/div>\n<\/div>\n<\/div>\n<\/div>\n<\/div>\n<\/div>\n<\/div>\n<p>[\/vc_column_text][\/vc_column][\/vc_row]<\/p>\n<\/section>","protected":false},"excerpt":{"rendered":"<p>[vc_row][vc_column][vc_column_text]El Govern de la Generalitat reconoce los m\u00e9ritos laborales de 31 personas y 11 entidades con las medallas y placas al trabajo Presidente Maci\u00e0 2020 y 2021. Entre los galardonados, el ex secretario general de Foment del Treball, Joan Pujol Segarra, por su compromiso con el mundo empresarial de Catalunya durante los a\u00f1os al frente de la Secretar\u00eda General de la patronal. Joan Pujol Segarra se licenci\u00f3 en Ciencias Econ\u00f3micas y Empresariales por la Universitat de Barcelona, y fue secretario general de Foment del Treball del 1983 hasta el 2018. Tambi\u00e9n ha sido miembro del Consejo Econ\u00f3mico y Social de Espa\u00f1a (CES); de la Comisi\u00f3n de Econom\u00eda y Fiscalidad del CES y del Comit\u00e9 Ejecutivo de la Asociaci\u00f3n Pla Estrat\u00e9gico Metropolitano de Barcelona. Joan Pujol ha participado en pactos y acuerdos institucionales con administraciones y organizaciones sindicales.[\/vc_column_text][vc_column_text]Medalla y Placa al Trabajo President Maci\u00e0 La Medalla y la Placa al trabajo Presidente Maci\u00e0 fueron creadas en 1938 por el conseller de Trabajo de entonces, el Honorable Se\u00f1or Joan Comorera y Soler. Llevan el nombre Presidente Maci\u00e0 en honor del primer presidente y restaurador de la Generalitat moderna. En el a\u00f1o 1982, la Generalitat de Catalunya recuper\u00f3 estos galardones con el fin [&hellip;]<\/p>\n","protected":false},"author":10,"featured_media":141084,"comment_status":"closed","ping_status":"closed","sticky":false,"template":"","format":"standard","meta":{"_links_to":"","_links_to_target":""},"categories":[114,68],"tags":[6504,6505],"acf":[],"wps_subtitle":"El Gobierno de la Generalitat reconoce los m\u00e9ritos laborales de 31 personas y 11 entidades","_links":{"self":[{"href":"https:\/\/www.foment.com\/es\/wp-json\/wp\/v2\/posts\/141066"}],"collection":[{"href":"https:\/\/www.foment.com\/es\/wp-json\/wp\/v2\/posts"}],"about":[{"href":"https:\/\/www.foment.com\/es\/wp-json\/wp\/v2\/types\/post"}],"author":[{"embeddable":true,"href":"https:\/\/www.foment.com\/es\/wp-json\/wp\/v2\/users\/10"}],"replies":[{"embeddable":true,"href":"https:\/\/www.foment.com\/es\/wp-json\/wp\/v2\/comments?post=141066"}],"version-history":[{"count":4,"href":"https:\/\/www.foment.com\/es\/wp-json\/wp\/v2\/posts\/141066\/revisions"}],"predecessor-version":[{"id":141092,"href":"https:\/\/www.foment.com\/es\/wp-json\/wp\/v2\/posts\/141066\/revisions\/141092"}],"wp:featuredmedia":[{"embeddable":true,"href":"https:\/\/www.foment.com\/es\/wp-json\/wp\/v2\/media\/141084"}],"wp:attachment":[{"href":"https:\/\/www.foment.com\/es\/wp-json\/wp\/v2\/media?parent=141066"}],"wp:term":[{"taxonomy":"category","embeddable":true,"href":"https:\/\/www.foment.com\/es\/wp-json\/wp\/v2\/categories?post=141066"},{"taxonomy":"post_tag","embeddable":true,"href":"https:\/\/www.foment.com\/es\/wp-json\/wp\/v2\/tags?post=141066"}],"curies":[{"name":"wp","href":"https:\/\/api.w.org\/{rel}","templated":true}]}}