{"id":141593,"date":"2022-03-24T15:36:24","date_gmt":"2022-03-24T14:36:24","guid":{"rendered":"https:\/\/www.foment.com\/lideratge-govern-espanyol-davant-situacio-emergencia-nacional-amenaca-explosio-social-greus-consequencies\/"},"modified":"2022-03-24T15:47:47","modified_gmt":"2022-03-24T14:47:47","slug":"liderazgo-gobierno-espanol-ante-situacion-emergencia-nacional-amenaza-explosion-social-graves-consecuencies","status":"publish","type":"post","link":"https:\/\/www.foment.com\/es\/liderazgo-gobierno-espanol-ante-situacion-emergencia-nacional-amenaza-explosion-social-graves-consecuencies\/","title":{"rendered":"Foment clama por el liderazgo del Gobierno espa\u00f1ol ante la situaci\u00f3n de emergencia nacional que amenaza con una explosi\u00f3n social de graves consecuencias"},"content":{"rendered":"<section class=\"wpb-content-wrapper\"><p>[vc_row][vc_column][vc_column_text]<\/p>\n<ul>\n<li><strong>El Gobierno tendr\u00eda que estar liderando este conflicto de gran magnitud y aplicar medidas ya mismo sin demora, pero por el contrario se ha convertido en un factor de desestabilizaci\u00f3n social y econ\u00f3mico.<\/strong><\/li>\n<\/ul>\n<p>Foment del Treball muestra su apoyo al <a href=\"https:\/\/www.foment.com\/wp-content\/uploads\/2022\/03\/Comunicado-CEOE-CEPYME-medidas-inmediatas.pdf\">comunicado enviado ayer por la CEOE y Cepyme<\/a>, a trav\u00e9s de unas declaraciones del presidente de la patronal catalana, <strong>Josep S\u00e1nchez Llibre<\/strong>, quien alerta que <strong>\u201cnos encontramos ante una emergencia nacional tanto social como econ\u00f3mica\u201d<\/strong>, y a\u00f1ade que <strong>\u201cestamos ante esta situaci\u00f3n por la carencia de liderazgo del Gobierno de Espa\u00f1a, la cual amenaza gravemente la supervivencia de empresas, familias y aut\u00f3nomos, y puede desembocar en una explosi\u00f3n social de graves consecuencias\u201d<\/strong>.<\/p>\n<p>Por este motivo, <strong>Foment del Treball insta y pide en el Gobierno del Estado espa\u00f1ol \u201cque lidere y resuelva este conflicto de gran magnitud\u201d y que act\u00fae r\u00e1pidamente \u201cdesde hoy mismo\u201d<\/strong> en la aplicaci\u00f3n de medidas econ\u00f3micas, a trav\u00e9s de subvenciones o v\u00eda impuestos para rebajar el precio de los carburantes y de la energ\u00eda y porque los transportistas puedan retomar su actividad.<\/p>\n<p>La espiral inflacionista de precios de las materias primas y los elevados costes energ\u00e9ticos est\u00e1n abocando a muchas empresas, familias y aut\u00f3nomos a una <strong>situaci\u00f3n completamente insostenible que requiere de una intervenci\u00f3n de urgencia, y la responsabilidad es exclusivamente del Gobierno<\/strong>.<\/p>\n<p><strong>La mayor\u00eda de <\/strong><strong>los gobiernos<\/strong><strong> de la Uni\u00f3n Europea ya han tomado la iniciativa y han aprobado medidas para frenar la escalada<\/strong>. Fomento considera incomprensible la demora del Gobierno al reaccionar.<\/p>\n<p>El peor ante un conflicto es no tomar decisiones. <strong>Estamos ante un colapso econ\u00f3mico y social y es deber del Ejecutivo espa\u00f1ol aplicar medidas de manera inmediatas<\/strong>. El gobierno tendr\u00eda que estar liderando este conflicto y aplicar medidas de actualmente, pero por el contrario <strong>se ha convertido en un factor de desestabilizaci\u00f3n social y econ\u00f3mico<\/strong>.[\/vc_column_text]<div class=\"flexslider wpb_content_element\"><ul class=\"slides\"><li><img src=\"https:\/\/www.foment.com\/wp-content\/uploads\/2022\/03\/photo1648123502-4.jpeg\" alt=\"\" \/><\/li><li><img src=\"https:\/\/www.foment.com\/wp-content\/uploads\/2022\/03\/photo1648123502-8.jpeg\" alt=\"\" \/><\/li><li><img src=\"https:\/\/www.foment.com\/wp-content\/uploads\/2022\/03\/photo1648123546-2.jpeg\" alt=\"\" \/><\/li><\/ul><\/div><div class=\"video-embed  wpb_content_element\"><iframe title=\"Declaracions sobre la situaci\u00f3 d&#039;urg\u00e8ncia en qu\u00e8 es troba l&#039;economia productiva del pa\u00eds.\" width=\"1161\" height=\"653\" src=\"https:\/\/www.youtube.com\/embed\/pe2pgnVMVkI?feature=oembed\" frameborder=\"0\" allow=\"accelerometer; autoplay; clipboard-write; encrypted-media; gyroscope; picture-in-picture; web-share\" referrerpolicy=\"strict-origin-when-cross-origin\" allowfullscreen><\/iframe><\/div>[\/vc_column][\/vc_row]<\/p>\n<\/section>","protected":false},"excerpt":{"rendered":"<p>[vc_row][vc_column][vc_column_text] El Gobierno tendr\u00eda que estar liderando este conflicto de gran magnitud y aplicar medidas ya mismo sin demora, pero por el contrario se ha convertido en un factor de desestabilizaci\u00f3n social y econ\u00f3mico. Foment del Treball muestra su apoyo al comunicado enviado ayer por la CEOE y Cepyme, a trav\u00e9s de unas declaraciones del presidente de la patronal catalana, Josep S\u00e1nchez Llibre, quien alerta que \u201cnos encontramos ante una emergencia nacional tanto social como econ\u00f3mica\u201d, y a\u00f1ade que \u201cestamos ante esta situaci\u00f3n por la carencia de liderazgo del Gobierno de Espa\u00f1a, la cual amenaza gravemente la supervivencia de empresas, familias y aut\u00f3nomos, y puede desembocar en una explosi\u00f3n social de graves consecuencias\u201d. Por este motivo, Foment del Treball insta y pide en el Gobierno del Estado espa\u00f1ol \u201cque lidere y resuelva este conflicto de gran magnitud\u201d y que act\u00fae r\u00e1pidamente \u201cdesde hoy mismo\u201d en la aplicaci\u00f3n de medidas econ\u00f3micas, a trav\u00e9s de subvenciones o v\u00eda impuestos para rebajar el precio de los carburantes y de la energ\u00eda y porque los transportistas puedan retomar su actividad. La espiral inflacionista de precios de las materias primas y los elevados costes energ\u00e9ticos est\u00e1n abocando a muchas empresas, familias y aut\u00f3nomos a una [&hellip;]<\/p>\n","protected":false},"author":10,"featured_media":141582,"comment_status":"closed","ping_status":"closed","sticky":false,"template":"","format":"standard","meta":{"_links_to":"","_links_to_target":""},"categories":[114,69,5714],"tags":[6513,6514,6516,6517],"acf":[],"wps_subtitle":"La inacci\u00f3n del Gobierno empieza a ser desesperante y pone en riesgo la supervivencia econ\u00f3mica de empresas, familias y aut\u00f3nomos","_links":{"self":[{"href":"https:\/\/www.foment.com\/es\/wp-json\/wp\/v2\/posts\/141593"}],"collection":[{"href":"https:\/\/www.foment.com\/es\/wp-json\/wp\/v2\/posts"}],"about":[{"href":"https:\/\/www.foment.com\/es\/wp-json\/wp\/v2\/types\/post"}],"author":[{"embeddable":true,"href":"https:\/\/www.foment.com\/es\/wp-json\/wp\/v2\/users\/10"}],"replies":[{"embeddable":true,"href":"https:\/\/www.foment.com\/es\/wp-json\/wp\/v2\/comments?post=141593"}],"version-history":[{"count":3,"href":"https:\/\/www.foment.com\/es\/wp-json\/wp\/v2\/posts\/141593\/revisions"}],"predecessor-version":[{"id":141597,"href":"https:\/\/www.foment.com\/es\/wp-json\/wp\/v2\/posts\/141593\/revisions\/141597"}],"wp:featuredmedia":[{"embeddable":true,"href":"https:\/\/www.foment.com\/es\/wp-json\/wp\/v2\/media\/141582"}],"wp:attachment":[{"href":"https:\/\/www.foment.com\/es\/wp-json\/wp\/v2\/media?parent=141593"}],"wp:term":[{"taxonomy":"category","embeddable":true,"href":"https:\/\/www.foment.com\/es\/wp-json\/wp\/v2\/categories?post=141593"},{"taxonomy":"post_tag","embeddable":true,"href":"https:\/\/www.foment.com\/es\/wp-json\/wp\/v2\/tags?post=141593"}],"curies":[{"name":"wp","href":"https:\/\/api.w.org\/{rel}","templated":true}]}}