{"id":142086,"date":"2022-03-29T15:27:05","date_gmt":"2022-03-29T13:27:05","guid":{"rendered":"https:\/\/www.foment.com\/anunci-pla-resposta-guerra-del-govern-despanya-era-necessari\/"},"modified":"2022-03-29T15:40:16","modified_gmt":"2022-03-29T13:40:16","slug":"anuncio-plan-respuesta-guerra-gobierno-espana-era-necesario","status":"publish","type":"post","link":"https:\/\/www.foment.com\/es\/anuncio-plan-respuesta-guerra-gobierno-espana-era-necesario\/","title":{"rendered":"Foment cree que el anuncio del plan de respuesta en la guerra del Gobierno de Espa\u00f1a era necesario"},"content":{"rendered":"<ul>\n<li><strong>Es imprescindible que se conozcan por parte de la opini\u00f3n p\u00fablica las l\u00edneas de acci\u00f3n del Ejecutivo en momentos de tanta incertidumbre.<\/strong><\/li>\n<li><strong>Aun as\u00ed la patronal considera que la limitaci\u00f3n del despido es un ataque a la iniciativa empresarial con una incidencia muy negativa por la recuperaci\u00f3n de la ocupaci\u00f3n.<\/strong><\/li>\n<\/ul>\n<p>Foment del Treball cree que era indispensable el anuncio del plan de choque contra las consecuencias econ\u00f3micas de la guerra de Ucrania, aprobado hoy por el Consejo de Ministros del Gobierno de Espa\u00f1a. Es imprescindible que se conozca por parte de la opini\u00f3n p\u00fablica las l\u00edneas de acci\u00f3n del Ejecutivo en momentos de tanta incertidumbre, para poder dar luz y tranquilidad al conjunto de la sociedad.<\/p>\n<p>Aun as\u00ed, la patronal muestra su preocupaci\u00f3n por las medidas que limitan el despido, <a href=\"https:\/\/www.foment.com\/es\/foment-del-treball-cuestiona-la-constitucionalidad-de-las-decisiones-del-gobierno-porque-atentan-a-la-libertad-de-empresa\/\">como ya hizo en la \u00e9poca Covid<\/a>. Son intervencionistas, suponen una rotura de los principios b\u00e1sicos de nuestro ordenamiento, y atentan a la libertad de empresa y a su capacidad de poder adoptar decisiones para garantizar su viabilidad y salvaguardar los puestos de trabajo presentes y futuros.<\/p>\n<p>Cuando se publique el Decreto al Bolet\u00edn Oficial del Estado, disponiendo as\u00ed de la informaci\u00f3n completa, Foment explicar\u00e1 en detalle su posicionamiento, pero por lo conocido hasta ahora, la patronal intuye que las medidas ser\u00e1n insuficientes si no van acompa\u00f1adas de una rebaja fiscal.<\/p>\n","protected":false},"excerpt":{"rendered":"<p>Es imprescindible que se conozcan por parte de la opini\u00f3n p\u00fablica las l\u00edneas de acci\u00f3n del Ejecutivo en momentos de tanta incertidumbre. Aun as\u00ed la patronal considera que la limitaci\u00f3n del despido es un ataque a la iniciativa empresarial con una incidencia muy negativa por la recuperaci\u00f3n de la ocupaci\u00f3n. Foment del Treball cree que era indispensable el anuncio del plan de choque contra las consecuencias econ\u00f3micas de la guerra de Ucrania, aprobado hoy por el Consejo de Ministros del Gobierno de Espa\u00f1a. Es imprescindible que se conozca por parte de la opini\u00f3n p\u00fablica las l\u00edneas de acci\u00f3n del Ejecutivo en momentos de tanta incertidumbre, para poder dar luz y tranquilidad al conjunto de la sociedad. Aun as\u00ed, la patronal muestra su preocupaci\u00f3n por las medidas que limitan el despido, como ya hizo en la \u00e9poca Covid. Son intervencionistas, suponen una rotura de los principios b\u00e1sicos de nuestro ordenamiento, y atentan a la libertad de empresa y a su capacidad de poder adoptar decisiones para garantizar su viabilidad y salvaguardar los puestos de trabajo presentes y futuros. Cuando se publique el Decreto al Bolet\u00edn Oficial del Estado, disponiendo as\u00ed de la informaci\u00f3n completa, Foment explicar\u00e1 en detalle su posicionamiento, pero [&hellip;]<\/p>\n","protected":false},"author":10,"featured_media":132822,"comment_status":"closed","ping_status":"closed","sticky":false,"template":"","format":"standard","meta":{"_links_to":"","_links_to_target":""},"categories":[114,69,5714],"tags":[6534,6535,6536,2711],"acf":[],"wps_subtitle":"La patronal muestra su preocupaci\u00f3n por las medidas que limitan el despido como ya hizo en la crisis por la Covid","_links":{"self":[{"href":"https:\/\/www.foment.com\/es\/wp-json\/wp\/v2\/posts\/142086"}],"collection":[{"href":"https:\/\/www.foment.com\/es\/wp-json\/wp\/v2\/posts"}],"about":[{"href":"https:\/\/www.foment.com\/es\/wp-json\/wp\/v2\/types\/post"}],"author":[{"embeddable":true,"href":"https:\/\/www.foment.com\/es\/wp-json\/wp\/v2\/users\/10"}],"replies":[{"embeddable":true,"href":"https:\/\/www.foment.com\/es\/wp-json\/wp\/v2\/comments?post=142086"}],"version-history":[{"count":3,"href":"https:\/\/www.foment.com\/es\/wp-json\/wp\/v2\/posts\/142086\/revisions"}],"predecessor-version":[{"id":142088,"href":"https:\/\/www.foment.com\/es\/wp-json\/wp\/v2\/posts\/142086\/revisions\/142088"}],"wp:featuredmedia":[{"embeddable":true,"href":"https:\/\/www.foment.com\/es\/wp-json\/wp\/v2\/media\/132822"}],"wp:attachment":[{"href":"https:\/\/www.foment.com\/es\/wp-json\/wp\/v2\/media?parent=142086"}],"wp:term":[{"taxonomy":"category","embeddable":true,"href":"https:\/\/www.foment.com\/es\/wp-json\/wp\/v2\/categories?post=142086"},{"taxonomy":"post_tag","embeddable":true,"href":"https:\/\/www.foment.com\/es\/wp-json\/wp\/v2\/tags?post=142086"}],"curies":[{"name":"wp","href":"https:\/\/api.w.org\/{rel}","templated":true}]}}