{"id":142318,"date":"2022-03-31T16:50:03","date_gmt":"2022-03-31T14:50:03","guid":{"rendered":"https:\/\/www.foment.com\/ambaixador-argentina-visita-patronal\/"},"modified":"2022-03-31T17:34:59","modified_gmt":"2022-03-31T15:34:59","slug":"embajador-argentina-visita-patronal","status":"publish","type":"post","link":"https:\/\/www.foment.com\/es\/embajador-argentina-visita-patronal\/","title":{"rendered":"El embajador de Argentina visita Foment del Treball"},"content":{"rendered":"<section class=\"wpb-content-wrapper\"><p>[vc_row][vc_column width=\u00bb1\/1&#8243;][vc_column_text]El embajador de Argentina en Espa\u00f1a, Ricardo Alfons\u00edn, se ha reunido con tres vicepresidentes de Foment del Treball -Ernest Quingles, Baldiri Ros, y Joan Roget- el secretario general de la instituci\u00f3n, David Tornos, y el jefe de gabinete, Jordi Casas, para analizar las relaciones bilaterales y las posibles v\u00edas de cooperaci\u00f3n para animar a los empresarios a identificar las numerosas oportunidades de negocio existentes en la zona.<\/p>\n<p>Esta reuni\u00f3n se inscribe en la agenda anual de contactos intensa que mantiene Foment con representantes institucionales y empresariales de todo el mundo a fin de impulsar oportunidades de negocio e inversi\u00f3n para empresas de Catalu\u00f1a, as\u00ed como presentar al pa\u00eds como una de las regiones de Europa m\u00e1s atractivas para captar inversiones.<\/p>\n<p>Tambi\u00e9n han participado en el encuentro el consejero de la Embajada, Guillermo Hirschfeld, el c\u00f3nsul general, Alejandro E. Alonso, y la c\u00f3nsul adjunta, Carolina Bustos.[\/vc_column_text]<div class=\"flexslider wpb_content_element\"><ul class=\"slides\"><li><img src=\"https:\/\/www.foment.com\/wp-content\/uploads\/2022\/03\/DSC_0451-scaled.jpg\" alt=\"\" \/><\/li><li><img src=\"https:\/\/www.foment.com\/wp-content\/uploads\/2022\/03\/DSC_0453-scaled.jpg\" alt=\"\" \/><\/li><li><img src=\"https:\/\/www.foment.com\/wp-content\/uploads\/2022\/03\/DSC_0454-scaled.jpg\" alt=\"\" \/><\/li><li><img src=\"https:\/\/www.foment.com\/wp-content\/uploads\/2022\/03\/DSC_0456-scaled.jpg\" alt=\"\" \/><\/li><li><img src=\"https:\/\/www.foment.com\/wp-content\/uploads\/2022\/03\/DSC_0426-scaled.jpg\" alt=\"\" \/><\/li><li><img src=\"https:\/\/www.foment.com\/wp-content\/uploads\/2022\/03\/DSC_0438-scaled.jpg\" alt=\"\" \/><\/li><li><img src=\"https:\/\/www.foment.com\/wp-content\/uploads\/2022\/03\/DSC_0409-scaled.jpg\" alt=\"\" \/><\/li><li><img src=\"https:\/\/www.foment.com\/wp-content\/uploads\/2022\/03\/DSC_0413-scaled.jpg\" alt=\"\" \/><\/li><li><img src=\"https:\/\/www.foment.com\/wp-content\/uploads\/2022\/03\/DSC_0415-scaled.jpg\" alt=\"\" \/><\/li><\/ul><\/div>[\/vc_column][\/vc_row]<\/p>\n<\/section>","protected":false},"excerpt":{"rendered":"<p>[vc_row][vc_column width=\u00bb1\/1&#8243;][vc_column_text]El embajador de Argentina en Espa\u00f1a, Ricardo Alfons\u00edn, se ha reunido con tres vicepresidentes de Foment del Treball -Ernest Quingles, Baldiri Ros, y Joan Roget- el secretario general de la instituci\u00f3n, David Tornos, y el jefe de gabinete, Jordi Casas, para analizar las relaciones bilaterales y las posibles v\u00edas de cooperaci\u00f3n para animar a los empresarios a identificar las numerosas oportunidades de negocio existentes en la zona. Esta reuni\u00f3n se inscribe en la agenda anual de contactos intensa que mantiene Foment con representantes institucionales y empresariales de todo el mundo a fin de impulsar oportunidades de negocio e inversi\u00f3n para empresas de Catalu\u00f1a, as\u00ed como presentar al pa\u00eds como una de las regiones de Europa m\u00e1s atractivas para captar inversiones. Tambi\u00e9n han participado en el encuentro el consejero de la Embajada, Guillermo Hirschfeld, el c\u00f3nsul general, Alejandro E. Alonso, y la c\u00f3nsul adjunta, Carolina Bustos.[\/vc_column_text][\/vc_column][\/vc_row]<\/p>\n","protected":false},"author":10,"featured_media":142317,"comment_status":"closed","ping_status":"closed","sticky":false,"template":"","format":"standard","meta":{"_links_to":"","_links_to_target":""},"categories":[114,72],"tags":[6554,6558,230],"acf":[],"wps_subtitle":"Foment trabaja un calendario anual de reuniones para fortalecer su actividad diplom\u00e1tica con otras instituciones y reforzar su acci\u00f3n de lobby","_links":{"self":[{"href":"https:\/\/www.foment.com\/es\/wp-json\/wp\/v2\/posts\/142318"}],"collection":[{"href":"https:\/\/www.foment.com\/es\/wp-json\/wp\/v2\/posts"}],"about":[{"href":"https:\/\/www.foment.com\/es\/wp-json\/wp\/v2\/types\/post"}],"author":[{"embeddable":true,"href":"https:\/\/www.foment.com\/es\/wp-json\/wp\/v2\/users\/10"}],"replies":[{"embeddable":true,"href":"https:\/\/www.foment.com\/es\/wp-json\/wp\/v2\/comments?post=142318"}],"version-history":[{"count":4,"href":"https:\/\/www.foment.com\/es\/wp-json\/wp\/v2\/posts\/142318\/revisions"}],"predecessor-version":[{"id":142334,"href":"https:\/\/www.foment.com\/es\/wp-json\/wp\/v2\/posts\/142318\/revisions\/142334"}],"wp:featuredmedia":[{"embeddable":true,"href":"https:\/\/www.foment.com\/es\/wp-json\/wp\/v2\/media\/142317"}],"wp:attachment":[{"href":"https:\/\/www.foment.com\/es\/wp-json\/wp\/v2\/media?parent=142318"}],"wp:term":[{"taxonomy":"category","embeddable":true,"href":"https:\/\/www.foment.com\/es\/wp-json\/wp\/v2\/categories?post=142318"},{"taxonomy":"post_tag","embeddable":true,"href":"https:\/\/www.foment.com\/es\/wp-json\/wp\/v2\/tags?post=142318"}],"curies":[{"name":"wp","href":"https:\/\/api.w.org\/{rel}","templated":true}]}}