{"id":142409,"date":"2022-04-01T11:31:10","date_gmt":"2022-04-01T09:31:10","guid":{"rendered":"https:\/\/www.foment.com\/president-foment-reuneix-exprimer-ministre-italia-enrico-letta\/"},"modified":"2022-04-01T14:28:18","modified_gmt":"2022-04-01T12:28:18","slug":"presidente-foment-reune-ex-primer-ministro-italia-enrico-letta","status":"publish","type":"post","link":"https:\/\/www.foment.com\/es\/presidente-foment-reune-ex-primer-ministro-italia-enrico-letta\/","title":{"rendered":"El presidente de Foment se re\u00fane con el ex primer ministro de Italia Enrico Letta"},"content":{"rendered":"<section class=\"wpb-content-wrapper\"><p>[vc_row][vc_column][vc_column_text]El ex primer ministro de Italia y l\u00edder del Partido Dem\u00f3crata italiano, <strong>Enrico Letta<\/strong>, ha firmado hoy el libro de Honor de Foment del Treball antes de pronunciar la lecci\u00f3n para el curso de la Academia Europea Leadership, que se imparte en la sede de la patronal catalana. El presidente de Foment del Treball, <strong>Josep S\u00e1nchez Llibre<\/strong>, se ha reunido con el ex primer ministro durante la firma, acompa\u00f1ado del presidente de la Academia,<strong> Josep A. Duran i Lleida<\/strong>. Letta ha habladoen su intervenci\u00f3n sobre c\u00f3mo <strong><em>&#8216;La guerra en Ucraina puede conducir a la uni\u00f3n pol\u00edtica europea&#8217;<\/em><\/strong>.<\/p>\n<p>Esta reuni\u00f3n se inscribe en la agenda anual de contactos intensa que mantiene Foment con representantes institucionales y empresariales de todo el mundo.[\/vc_column_text]<div class=\"flexslider wpb_content_element\"><ul class=\"slides\"><li><img src=\"https:\/\/www.foment.com\/wp-content\/uploads\/2022\/04\/IMG_7333.jpg\" alt=\"\" \/><\/li><li><img src=\"https:\/\/www.foment.com\/wp-content\/uploads\/2022\/04\/IMG_7338.jpg\" alt=\"\" \/><\/li><li><img src=\"https:\/\/www.foment.com\/wp-content\/uploads\/2022\/04\/IMG_7339.jpg\" alt=\"\" \/><\/li><li><img src=\"https:\/\/www.foment.com\/wp-content\/uploads\/2022\/04\/IMG_7358.jpg\" alt=\"\" \/><\/li><li><img src=\"https:\/\/www.foment.com\/wp-content\/uploads\/2022\/04\/IMG_7356.jpg\" alt=\"\" \/><\/li><li><img src=\"https:\/\/www.foment.com\/wp-content\/uploads\/2022\/04\/IMG_7295.jpg\" alt=\"\" \/><\/li><li><img src=\"https:\/\/www.foment.com\/wp-content\/uploads\/2022\/04\/IMG_7321.jpg\" alt=\"\" \/><\/li><li><img src=\"https:\/\/www.foment.com\/wp-content\/uploads\/2022\/04\/IMG_7306.jpg\" alt=\"\" \/><\/li><\/ul><\/div>[\/vc_column][\/vc_row]<\/p>\n<\/section>","protected":false},"excerpt":{"rendered":"<p>[vc_row][vc_column][vc_column_text]El ex primer ministro de Italia y l\u00edder del Partido Dem\u00f3crata italiano, Enrico Letta, ha firmado hoy el libro de Honor de Foment del Treball antes de pronunciar la lecci\u00f3n para el curso de la Academia Europea Leadership, que se imparte en la sede de la patronal catalana. El presidente de Foment del Treball, Josep S\u00e1nchez Llibre, se ha reunido con el ex primer ministro durante la firma, acompa\u00f1ado del presidente de la Academia, Josep A. Duran i Lleida. Letta ha habladoen su intervenci\u00f3n sobre c\u00f3mo &#8216;La guerra en Ucraina puede conducir a la uni\u00f3n pol\u00edtica europea&#8217;. Esta reuni\u00f3n se inscribe en la agenda anual de contactos intensa que mantiene Foment con representantes institucionales y empresariales de todo el mundo.[\/vc_column_text][\/vc_column][\/vc_row]<\/p>\n","protected":false},"author":10,"featured_media":142406,"comment_status":"closed","ping_status":"closed","sticky":false,"template":"","format":"standard","meta":{"_links_to":"","_links_to_target":""},"categories":[114,5714,1667],"tags":[6560,6561],"acf":[],"wps_subtitle":"Enrico Letta ha pronunciado una conferencia ara el curso de la Academia Europea Leadership sobre c\u00f3mo la guerra en Ucrania puede conducir a la uni\u00f3n pol\u00edtica europea","_links":{"self":[{"href":"https:\/\/www.foment.com\/es\/wp-json\/wp\/v2\/posts\/142409"}],"collection":[{"href":"https:\/\/www.foment.com\/es\/wp-json\/wp\/v2\/posts"}],"about":[{"href":"https:\/\/www.foment.com\/es\/wp-json\/wp\/v2\/types\/post"}],"author":[{"embeddable":true,"href":"https:\/\/www.foment.com\/es\/wp-json\/wp\/v2\/users\/10"}],"replies":[{"embeddable":true,"href":"https:\/\/www.foment.com\/es\/wp-json\/wp\/v2\/comments?post=142409"}],"version-history":[{"count":4,"href":"https:\/\/www.foment.com\/es\/wp-json\/wp\/v2\/posts\/142409\/revisions"}],"predecessor-version":[{"id":142412,"href":"https:\/\/www.foment.com\/es\/wp-json\/wp\/v2\/posts\/142409\/revisions\/142412"}],"wp:featuredmedia":[{"embeddable":true,"href":"https:\/\/www.foment.com\/es\/wp-json\/wp\/v2\/media\/142406"}],"wp:attachment":[{"href":"https:\/\/www.foment.com\/es\/wp-json\/wp\/v2\/media?parent=142409"}],"wp:term":[{"taxonomy":"category","embeddable":true,"href":"https:\/\/www.foment.com\/es\/wp-json\/wp\/v2\/categories?post=142409"},{"taxonomy":"post_tag","embeddable":true,"href":"https:\/\/www.foment.com\/es\/wp-json\/wp\/v2\/tags?post=142409"}],"curies":[{"name":"wp","href":"https:\/\/api.w.org\/{rel}","templated":true}]}}