{"id":142429,"date":"2022-04-04T13:50:15","date_gmt":"2022-04-04T11:50:15","guid":{"rendered":"https:\/\/www.foment.com\/?p=142429"},"modified":"2022-04-04T17:44:46","modified_gmt":"2022-04-04T15:44:46","slug":"foment-considera-debemos-estar-expectantes-afectaciones-coste-energetico-guerra-ucrania-y-reforma-laboral","status":"publish","type":"post","link":"https:\/\/www.foment.com\/es\/foment-considera-debemos-estar-expectantes-afectaciones-coste-energetico-guerra-ucrania-y-reforma-laboral\/","title":{"rendered":"Foment se mantiene expectante a las afectaciones del coste energ\u00e9tico, de la guerra de Ucrania y de la Reforma Laboral sobre el empleo"},"content":{"rendered":"<p>El n\u00famero de desempleados en Catalu\u00f1a se ha reducido en el mes de marzo en 174 personas (-0,05%). En t\u00e9rminos interanuales, el paro registrado ha descendido en 134.414 (-26,57%). El n\u00famero de parados se sit\u00faa en 371.486, siendo la cifra de desempleados m\u00e1s baja en un mes de marzo desde el 2008.<\/p>\n<p>Respecto a la contrataci\u00f3n, se han efectuado m\u00e1s contratos que el mes anterior (34.010 contratos m\u00e1s), especialmente los indefinidos que pasan a representar el 37,06% del total de contratos realizados en este mes. La contrataci\u00f3n temporal supone el 63,94% de la contrataci\u00f3n total.<\/p>\n<p>Foment del Treball considera que, a pesar de que se contin\u00faa en la senda del crecimiento de la afiliaci\u00f3n, el descenso del desempleo ha sido decepcionante al ser muy inferior a los habituales en un mes de marzo.<\/p>\n<p>Se deber\u00e1 estar expectante a las afectaciones de diversos elementos como el coste energ\u00e9tico, el conflicto b\u00e9lico en Ucrania o la reforma laboral, entre otros, en la contrataci\u00f3n de los pr\u00f3ximos meses.<\/p>\n<p><a href=\"https:\/\/www.foment.com\/wp-content\/uploads\/2022\/04\/Grafico-1.png\"><img loading=\"lazy\" class=\"aligncenter size-large wp-image-142430\" src=\"https:\/\/www.foment.com\/wp-content\/uploads\/2022\/04\/Grafico-1-1024x523.png\" alt=\"\" width=\"1024\" height=\"523\" srcset=\"https:\/\/www.foment.com\/wp-content\/uploads\/2022\/04\/Grafico-1-1024x523.png 1024w, https:\/\/www.foment.com\/wp-content\/uploads\/2022\/04\/Grafico-1-300x153.png 300w, https:\/\/www.foment.com\/wp-content\/uploads\/2022\/04\/Grafico-1-768x393.png 768w, https:\/\/www.foment.com\/wp-content\/uploads\/2022\/04\/Grafico-1-1536x785.png 1536w, https:\/\/www.foment.com\/wp-content\/uploads\/2022\/04\/Grafico-1-2048x1047.png 2048w\" sizes=\"(max-width: 1024px) 100vw, 1024px\" \/><\/a><\/p>\n<p style=\"text-align: center;\"><span style=\"font-size: 8pt;\">Fuente: Elaboraci\u00f3n propia a partir de los datos del Ministerio de Trabajo y Econom\u00eda Social<\/span><\/p>\n<p>&nbsp;<\/p>\n<p>La cifra del paro registrado en Catalu\u00f1a se sit\u00faa en 371.486 personas desempleadas.<\/p>\n<p>El descenso, <u>en t\u00e9rminos interanuales<\/u>, del paro registrado del 26,57% supone -134.414 personas menos desempleadas en relaci\u00f3n con el mismo mes del a\u00f1o anterior. En este sentido hemos pasado de variaciones interanuales en el mes de junio de 2020 del 35,76% al -26,57% este mes de marzo de 2022.<\/p>\n<p style=\"text-align: center;\"><a href=\"https:\/\/www.foment.com\/wp-content\/uploads\/2022\/04\/Variacion-interanual.png\"><img loading=\"lazy\" class=\"aligncenter size-large wp-image-142433\" src=\"https:\/\/www.foment.com\/wp-content\/uploads\/2022\/04\/Variacion-interanual-1024x486.png\" alt=\"\" width=\"1024\" height=\"486\" srcset=\"https:\/\/www.foment.com\/wp-content\/uploads\/2022\/04\/Variacion-interanual-1024x486.png 1024w, https:\/\/www.foment.com\/wp-content\/uploads\/2022\/04\/Variacion-interanual-300x142.png 300w, https:\/\/www.foment.com\/wp-content\/uploads\/2022\/04\/Variacion-interanual-768x364.png 768w, https:\/\/www.foment.com\/wp-content\/uploads\/2022\/04\/Variacion-interanual-1536x729.png 1536w, https:\/\/www.foment.com\/wp-content\/uploads\/2022\/04\/Variacion-interanual-2048x972.png 2048w\" sizes=\"(max-width: 1024px) 100vw, 1024px\" \/><\/a><span style=\"font-size: 8pt;\">Fuente: elaboraci\u00f3n propia a partir de los datos del Ministerio de Trabajo y Econom\u00eda Social<\/span><\/p>\n<p>&nbsp;<\/p>\n<p>Respecto a la <u>variaci\u00f3n mensual<\/u>, en Catalu\u00f1a, en este mes de marzo de 2022 el paro ha registrado un descenso de 174 personas desempleadas m\u00e1s respecto al mes anterior (un -0,05% en t\u00e9rminos relativos).<\/p>\n<p style=\"text-align: center;\"><a href=\"https:\/\/www.foment.com\/wp-content\/uploads\/2022\/04\/Variacion-mensual-Cat.png\"><img loading=\"lazy\" class=\"aligncenter size-full wp-image-142436\" src=\"https:\/\/www.foment.com\/wp-content\/uploads\/2022\/04\/Variacion-mensual-Cat.png\" alt=\"\" width=\"951\" height=\"437\" srcset=\"https:\/\/www.foment.com\/wp-content\/uploads\/2022\/04\/Variacion-mensual-Cat.png 951w, https:\/\/www.foment.com\/wp-content\/uploads\/2022\/04\/Variacion-mensual-Cat-300x138.png 300w, https:\/\/www.foment.com\/wp-content\/uploads\/2022\/04\/Variacion-mensual-Cat-768x353.png 768w\" sizes=\"(max-width: 951px) 100vw, 951px\" \/><\/a><span style=\"font-size: 8pt;\">Fuente: elaboraci\u00f3n propia a partir de los datos del Ministerio de Trabajo y Econom\u00eda Social<\/span><\/p>\n<p>Por sectores, el paro se ha incrementado en agricultura con 27 parados m\u00e1s, en la construcci\u00f3n con 54 parados m\u00e1s y en personas sin empleo anterior con 686 desempleados m\u00e1s. En el sector de la industria ha descendido en 247 personas y en servicios en 694 personas.<\/p>\n<p>Por provincias, el paro registrado mensualmente se ha incrementado en Barcelona y Lleida con 659 y 166 parados m\u00e1s respectivamente. En cambio, en la provincia de Girona se ha reducido el desempleo en 449 personas y en Tarragona en 550 personas. En t\u00e9rminos interanuales, el paro disminuye en un 26,93% en Barcelona, en un 28,16% en Girona, en un 24,21% en Lleida y en un 24,18% en Tarragona.<\/p>\n<p>El paro registrado en cada provincia se sit\u00faa este mes de marzo en 268.337 en Barcelona, 35.654 en Girona, 20.808 en Lleida y 46.687 en Tarragona.<\/p>\n<p><u>Contrataci\u00f3n<\/u>. Respecto al n\u00famero de contratos se han registrado 251.327 contratos, de los cuales 37,06% (93.143 contratos) lo han sido de car\u00e1cter indefinido, y el resto (62,94%, es decir, 158.184 contratos) han sido temporales. El n\u00famero de contratos registrados en Catalu\u00f1a se ha incrementado en un 15,65% respecto al mes anterior (34.010 contratos menos) y han aumentado en un 26,41% respecto al mes de marzo de 2021 (52.508 contratos m\u00e1s).<\/p>\n<p><u>A <\/u><u>nivel estatal<\/u> el paro registrado se ha reducido en 2.921 personas en relaci\u00f3n al mes anterior (-0,09%). La cifra de paro a nivel estatal se sit\u00faa en el mes de marzo de 2022 en 3.108.763 personas\u00a0 (-21,29% en t\u00e9rminos anuales).<\/p>\n<p><u>Afiliaci\u00f3n.<\/u> En Catalu\u00f1a, el n\u00famero de afiliados a la Seguridad Social se ha situado en el mes de marzo de 2022 en 3.529.683 ocupados, lo que supone 25.922 ocupados m\u00e1s respecto el mes febrero de 2022 (0,74%), y 153.546 ocupados m\u00e1s respecto al mismo mes del a\u00f1o anterior (4,55%).<\/p>\n<p style=\"text-align: center;\"><a href=\"https:\/\/www.foment.com\/wp-content\/uploads\/2022\/04\/Variacion-internaual-Cat.png\"><img loading=\"lazy\" class=\"aligncenter wp-image-142439 size-large\" src=\"https:\/\/www.foment.com\/wp-content\/uploads\/2022\/04\/Variacion-internaual-Cat-1024x532.png\" alt=\"\" width=\"1024\" height=\"532\" srcset=\"https:\/\/www.foment.com\/wp-content\/uploads\/2022\/04\/Variacion-internaual-Cat-1024x532.png 1024w, https:\/\/www.foment.com\/wp-content\/uploads\/2022\/04\/Variacion-internaual-Cat-300x156.png 300w, https:\/\/www.foment.com\/wp-content\/uploads\/2022\/04\/Variacion-internaual-Cat-768x399.png 768w, https:\/\/www.foment.com\/wp-content\/uploads\/2022\/04\/Variacion-internaual-Cat-1536x798.png 1536w, https:\/\/www.foment.com\/wp-content\/uploads\/2022\/04\/Variacion-internaual-Cat-2048x1064.png 2048w\" sizes=\"(max-width: 1024px) 100vw, 1024px\" \/><\/a><span style=\"font-size: 8pt;\">Fuente: elaboraci\u00f3n propia a partir de los datos del Ministerio de Inclusi\u00f3n, Seguridad Social y Migraciones.<\/span><\/p>\n<p>&nbsp;<\/p>\n<p><u>En \u00e1mbito estatal<\/u> el n\u00famero de afiliados a la Seguridad Social se ha situado en el mes de marzo\u00a0 en 19.834.504, lo que supone respecto el mes de febrero de 2022 un incremento de 140.232 ocupados (0,71%), y 913.602 ocupados m\u00e1s respecto al mismo mes del a\u00f1o anterior (4,83%).<\/p>\n","protected":false},"excerpt":{"rendered":"<p>El n\u00famero de desempleados en Catalu\u00f1a se ha reducido en el mes de marzo en 174 personas (-0,05%). En t\u00e9rminos interanuales, el paro registrado ha descendido en 134.414 (-26,57%). El n\u00famero de parados se sit\u00faa en 371.486, siendo la cifra de desempleados m\u00e1s baja en un mes de marzo desde el 2008. Respecto a la contrataci\u00f3n, se han efectuado m\u00e1s contratos que el mes anterior (34.010 contratos m\u00e1s), especialmente los indefinidos que pasan a representar el 37,06% del total de contratos realizados en este mes. La contrataci\u00f3n temporal supone el 63,94% de la contrataci\u00f3n total. Foment del Treball considera que, a pesar de que se contin\u00faa en la senda del crecimiento de la afiliaci\u00f3n, el descenso del desempleo ha sido decepcionante al ser muy inferior a los habituales en un mes de marzo. Se deber\u00e1 estar expectante a las afectaciones de diversos elementos como el coste energ\u00e9tico, el conflicto b\u00e9lico en Ucrania o la reforma laboral, entre otros, en la contrataci\u00f3n de los pr\u00f3ximos meses. Fuente: Elaboraci\u00f3n propia a partir de los datos del Ministerio de Trabajo y Econom\u00eda Social &nbsp; La cifra del paro registrado en Catalu\u00f1a se sit\u00faa en 371.486 personas desempleadas. El descenso, en t\u00e9rminos interanuales, del [&hellip;]<\/p>\n","protected":false},"author":7,"featured_media":142453,"comment_status":"closed","ping_status":"closed","sticky":false,"template":"","format":"standard","meta":{"_links_to":"","_links_to_target":""},"categories":[114,73],"tags":[303,6562,6563,6535,228,305],"acf":[],"wps_subtitle":"Pese al crecimiento de la afiliaci\u00f3n el descenso del desempleo ha sido muy inferior a los habituales en un mes de marzo","_links":{"self":[{"href":"https:\/\/www.foment.com\/es\/wp-json\/wp\/v2\/posts\/142429"}],"collection":[{"href":"https:\/\/www.foment.com\/es\/wp-json\/wp\/v2\/posts"}],"about":[{"href":"https:\/\/www.foment.com\/es\/wp-json\/wp\/v2\/types\/post"}],"author":[{"embeddable":true,"href":"https:\/\/www.foment.com\/es\/wp-json\/wp\/v2\/users\/7"}],"replies":[{"embeddable":true,"href":"https:\/\/www.foment.com\/es\/wp-json\/wp\/v2\/comments?post=142429"}],"version-history":[{"count":4,"href":"https:\/\/www.foment.com\/es\/wp-json\/wp\/v2\/posts\/142429\/revisions"}],"predecessor-version":[{"id":142488,"href":"https:\/\/www.foment.com\/es\/wp-json\/wp\/v2\/posts\/142429\/revisions\/142488"}],"wp:featuredmedia":[{"embeddable":true,"href":"https:\/\/www.foment.com\/es\/wp-json\/wp\/v2\/media\/142453"}],"wp:attachment":[{"href":"https:\/\/www.foment.com\/es\/wp-json\/wp\/v2\/media?parent=142429"}],"wp:term":[{"taxonomy":"category","embeddable":true,"href":"https:\/\/www.foment.com\/es\/wp-json\/wp\/v2\/categories?post=142429"},{"taxonomy":"post_tag","embeddable":true,"href":"https:\/\/www.foment.com\/es\/wp-json\/wp\/v2\/tags?post=142429"}],"curies":[{"name":"wp","href":"https:\/\/api.w.org\/{rel}","templated":true}]}}