{"id":143656,"date":"2022-04-28T12:45:01","date_gmt":"2022-04-28T10:45:01","guid":{"rendered":"https:\/\/www.foment.com\/foment-del-treball-nacional-considera-que-les-dades-corresponents-a-lepa-del-1r-trimestre-no-son-positives-pero-se-circumscriuen-a-la-dinamica-habitual-dun-1er-trimestre-al-nostre-pais\/"},"modified":"2022-04-28T13:03:27","modified_gmt":"2022-04-28T11:03:27","slug":"foment-considera-datos-correspondientes-epa-1r-trimestre-no-son-positivos","status":"publish","type":"post","link":"https:\/\/www.foment.com\/es\/foment-considera-datos-correspondientes-epa-1r-trimestre-no-son-positivos\/","title":{"rendered":"Foment considera que los datos correspondientes a la EPA del 1er Trimestre no son positivos, pero se circunscriben en la din\u00e1mica habitual de un 1er Trimestre en nuestro pa\u00eds."},"content":{"rendered":"<p><strong>Hemos de estar expectantes para valorar la influencia que est\u00e1n teniendo y tendr\u00e1n en los pr\u00f3ximos meses en el empleo factores como la desbocada inflaci\u00f3n con afectaci\u00f3n muy directa en el consumo, la crisis energ\u00e9tica y el conflicto b\u00e9lico en Ucrania, as\u00ed como la afectaci\u00f3n de la Reforma Laboral en las decisiones de contrataci\u00f3n por parte de las empresas.<\/strong><\/p>\n<p>En Catalu\u00f1a, el n\u00famero de parados seg\u00fan la Encuesta de la Poblaci\u00f3n Activa del 1\u00ba trimestre de 2022 sit\u00faa la tasa de paro en Catalu\u00f1a en un 10,23% (0,07 puntos m\u00e1s que el trimestre anterior, que fue del 10,16%), situando el n\u00famero total de parados en 394.200 personas. El n\u00famero de ocupados disminuye en 40.900 personas (-1,17%), respecto el \u00faltimo trimestre del a\u00f1o. Interanualmente, la ocupaci\u00f3n se ha incrementado en 83.400 personas (2,47%).<\/p>\n<p>En Catalu\u00f1a, los datos expuestos por la Encuesta de Poblaci\u00f3n Activa, suponen un descenso del n\u00famero de parados en 1.200 personas respecto del trimestre anterior (-0,31%), y en relaci\u00f3n con el mismo trimestre del a\u00f1o 2021, ha habido un descenso en 105.500 parados (-21,12% de variaci\u00f3n interanual).<\/p>\n<p>La poblaci\u00f3n activa en Catalu\u00f1a disminuye en 42.100 personas (-1,08%) en relaci\u00f3n con el trimestre anterior, situ\u00e1ndose en 3.851.500, y en relaci\u00f3n con el mismo trimestre del a\u00f1o anterior, la poblaci\u00f3n activa se ha reducido en 22.100 personas (-0,57%).<\/p>\n<p>&nbsp;<\/p>\n<p style=\"text-align: center;\"><strong>Catalu\u00f1a: evoluci\u00f3n 2007-2022 de la tasa de desempleo seg\u00fan datos de la EPA<\/strong><\/p>\n<p><a href=\"https:\/\/www.foment.com\/wp-content\/uploads\/2022\/04\/1.png\"><img loading=\"lazy\" class=\"aligncenter size-full wp-image-143644\" src=\"https:\/\/www.foment.com\/wp-content\/uploads\/2022\/04\/1.png\" alt=\"\" width=\"999\" height=\"442\" srcset=\"https:\/\/www.foment.com\/wp-content\/uploads\/2022\/04\/1.png 999w, https:\/\/www.foment.com\/wp-content\/uploads\/2022\/04\/1-300x133.png 300w, https:\/\/www.foment.com\/wp-content\/uploads\/2022\/04\/1-768x340.png 768w\" sizes=\"(max-width: 999px) 100vw, 999px\" \/><\/a><\/p>\n<p style=\"text-align: center;\"><span style=\"font-size: 8pt;\"><u>Fuente<\/u>: Elaboraci\u00f3n propia a partir de los datos de la EPA<\/span><\/p>\n<p>&nbsp;<\/p>\n<p>&nbsp;<\/p>\n<p>Igualmente, la tendencia del n\u00famero de parados desde el a\u00f1o 2007 fue de crecimiento continuo, pasando de los 250.700 en el 1\u00ba trimestre de 2007 a los 949.000 de nivel m\u00e1ximo en el 1\u00ba trimestre de 2013. Sin embargo, el primer trimestre del a\u00f1o 2014 supuso una interrupci\u00f3n de esta evoluci\u00f3n, toda vez que disminuy\u00f3 el n\u00famero de parados, a nivel interanual, en 108.800 personas en el primer trimestre, en el segundo trimestre disminuy\u00f3 en 138.600 personas, en el tercer trimestre el descenso fue de 149.300 personas, y el \u00faltimo trimestre el descenso fue de 83.000 personas. Como consecuencia de la pandemia esta tendencia vari\u00f3, si bien, este trimestre el n\u00famero de parados ha disminuido en 1.200 personas.<\/p>\n<p style=\"text-align: center;\"><strong>Catalu\u00f1a: evoluci\u00f3n 2007-2022 del n\u00famero de parados seg\u00fan la EPA<\/strong><\/p>\n<p style=\"text-align: center;\"><span style=\"font-size: 8pt;\"><a href=\"https:\/\/www.foment.com\/wp-content\/uploads\/2022\/04\/Imagen2.png\"><img loading=\"lazy\" class=\"aligncenter size-full wp-image-143635\" src=\"https:\/\/www.foment.com\/wp-content\/uploads\/2022\/04\/Imagen2.png\" alt=\"\" width=\"997\" height=\"429\" srcset=\"https:\/\/www.foment.com\/wp-content\/uploads\/2022\/04\/Imagen2.png 997w, https:\/\/www.foment.com\/wp-content\/uploads\/2022\/04\/Imagen2-300x129.png 300w, https:\/\/www.foment.com\/wp-content\/uploads\/2022\/04\/Imagen2-768x330.png 768w\" sizes=\"(max-width: 997px) 100vw, 997px\" \/><\/a><u>Fuente<\/u>: Elaboraci\u00f3n propia a partir de los datos de la EPA<br \/>\n<\/span><\/p>\n<p><strong><u>A nivel estatal<\/u>,<\/strong> el n\u00famero de desempleados se sit\u00faa 3.174.700 personas, situ\u00e1ndose la tasa de paro en un 13,65% en este trimestre, incrementado se el n\u00famero de parados en 70.900 personas este trimestre. Por otro lado, el n\u00famero de ocupados se reduce en 100.200 personas este trimestre respecto al trimestre anterior (-0,50%) y se sit\u00faa en 20.084.700. En t\u00e9rminos interanuales el empleo se ha incrementado en 878.000 personas en el \u00faltimo a\u00f1o (4,57%).<\/p>\n<p>La ocupaci\u00f3n disminuye este trimestre en 7.400 personas en el sector p\u00fablico y en 92.900 en el privado. En los 12 \u00faltimos meses el empleo se ha incrementado en 807.200 personas en el sector privado y en 70.700 en el sector p\u00fablico.<\/p>\n<p>La ocupaci\u00f3n aumenta este trimestre en la construcci\u00f3n (30.300) pero desciende en el resto: 50.100 ocupados menos en los Servicios, 68.000 en la Industria y 12.500 en la agricultura. En el \u00faltimo a\u00f1o el empleo sube en los cuatro sectores: en servicios 738.700 ocupados m\u00e1s, en industria 55.000, en construcci\u00f3n 54.500 y en agricultura 29.700 personas.<\/p>\n<p>Respecto a la tasa de desempleo, la evoluci\u00f3n ha sido muy similar, tanto en los periodos de incremento del desempleo como en los de disminuci\u00f3n de este, si bien, la tasa de desempleo en Catalu\u00f1a se muestra siempre por debajo que la del conjunto de Espa\u00f1a, como se visualiza en el siguiente gr\u00e1fico:<\/p>\n<p style=\"text-align: center;\"><strong>Evoluci\u00f3n trimestral de la tasa de desempleo 2011-2022<\/strong><\/p>\n<p style=\"text-align: center;\"><span style=\"font-size: 8pt;\"><a href=\"https:\/\/www.foment.com\/wp-content\/uploads\/2022\/04\/Imagen3.png\"><img loading=\"lazy\" class=\"aligncenter size-full wp-image-143638\" src=\"https:\/\/www.foment.com\/wp-content\/uploads\/2022\/04\/Imagen3.png\" alt=\"\" width=\"993\" height=\"499\" srcset=\"https:\/\/www.foment.com\/wp-content\/uploads\/2022\/04\/Imagen3.png 993w, https:\/\/www.foment.com\/wp-content\/uploads\/2022\/04\/Imagen3-300x151.png 300w, https:\/\/www.foment.com\/wp-content\/uploads\/2022\/04\/Imagen3-768x386.png 768w\" sizes=\"(max-width: 993px) 100vw, 993px\" \/><\/a><u>Fuente<\/u>: Elaboraci\u00f3n propia a partir de los datos de la EPA<br \/>\n<\/span><\/p>\n<p>A nivel estatal, los datos expuestos por la Encuesta de Poblaci\u00f3n Activa, suponen un incremento del n\u00famero de parados de 70.900 personas respecto del trimestre anterior (2,28%), y en relaci\u00f3n con el mismo trimestre del a\u00f1o 2021, hay 479.200 parados menos (-13,12% de variaci\u00f3n interanual). El n\u00famero de inactivos se ha incrementado en 84.000 respecto el cuarto trimestre del a\u00f1o anterior.<\/p>\n<p style=\"text-align: center;\"><strong>\u00a0Espa\u00f1a: Evoluci\u00f3n del n\u00famero de desempleados 2007-2022<\/strong><\/p>\n<p style=\"text-align: center;\"><a href=\"https:\/\/www.foment.com\/wp-content\/uploads\/2022\/04\/Imagen4.png\"><img loading=\"lazy\" class=\"aligncenter size-large wp-image-143639\" src=\"https:\/\/www.foment.com\/wp-content\/uploads\/2022\/04\/Imagen4-1024x412.png\" alt=\"\" width=\"1024\" height=\"412\" srcset=\"https:\/\/www.foment.com\/wp-content\/uploads\/2022\/04\/Imagen4-1024x412.png 1024w, https:\/\/www.foment.com\/wp-content\/uploads\/2022\/04\/Imagen4-300x121.png 300w, https:\/\/www.foment.com\/wp-content\/uploads\/2022\/04\/Imagen4-768x309.png 768w, https:\/\/www.foment.com\/wp-content\/uploads\/2022\/04\/Imagen4.png 1061w\" sizes=\"(max-width: 1024px) 100vw, 1024px\" \/><\/a><span style=\"font-size: 8pt;\"><u>Fuente<\/u>: Elaboraci\u00f3n propia a partir de los datos de la EPA<\/span><\/p>\n<p>&nbsp;<\/p>\n<p style=\"text-align: center;\"><strong>ANEXO: tablas<a href=\"#_ftn1\" name=\"_ftnref1\">[1]<\/a><\/strong><\/p>\n<p style=\"text-align: center;\"><strong>Evoluci\u00f3n tasa de desempleo 2007-2022:<\/strong><\/p>\n<p><a href=\"https:\/\/www.foment.com\/wp-content\/uploads\/2022\/04\/6-1.jpg\"><img loading=\"lazy\" class=\"aligncenter size-full wp-image-143664\" src=\"https:\/\/www.foment.com\/wp-content\/uploads\/2022\/04\/6-1.jpg\" alt=\"\" width=\"601\" height=\"724\" srcset=\"https:\/\/www.foment.com\/wp-content\/uploads\/2022\/04\/6-1.jpg 601w, https:\/\/www.foment.com\/wp-content\/uploads\/2022\/04\/6-1-249x300.jpg 249w\" sizes=\"(max-width: 601px) 100vw, 601px\" \/><\/a><\/p>\n<p><a href=\"#_ftnref1\" name=\"_ftn1\">[1]<\/a> Datos actualizados seg\u00fan base poblacional 2011<\/p>\n<p>&nbsp;<\/p>\n<p>&nbsp;<\/p>\n","protected":false},"excerpt":{"rendered":"<p>Hemos de estar expectantes para valorar la influencia que est\u00e1n teniendo y tendr\u00e1n en los pr\u00f3ximos meses en el empleo factores como la desbocada inflaci\u00f3n con afectaci\u00f3n muy directa en el consumo, la crisis energ\u00e9tica y el conflicto b\u00e9lico en Ucrania, as\u00ed como la afectaci\u00f3n de la Reforma Laboral en las decisiones de contrataci\u00f3n por parte de las empresas. En Catalu\u00f1a, el n\u00famero de parados seg\u00fan la Encuesta de la Poblaci\u00f3n Activa del 1\u00ba trimestre de 2022 sit\u00faa la tasa de paro en Catalu\u00f1a en un 10,23% (0,07 puntos m\u00e1s que el trimestre anterior, que fue del 10,16%), situando el n\u00famero total de parados en 394.200 personas. El n\u00famero de ocupados disminuye en 40.900 personas (-1,17%), respecto el \u00faltimo trimestre del a\u00f1o. Interanualmente, la ocupaci\u00f3n se ha incrementado en 83.400 personas (2,47%). En Catalu\u00f1a, los datos expuestos por la Encuesta de Poblaci\u00f3n Activa, suponen un descenso del n\u00famero de parados en 1.200 personas respecto del trimestre anterior (-0,31%), y en relaci\u00f3n con el mismo trimestre del a\u00f1o 2021, ha habido un descenso en 105.500 parados (-21,12% de variaci\u00f3n interanual). La poblaci\u00f3n activa en Catalu\u00f1a disminuye en 42.100 personas (-1,08%) en relaci\u00f3n con el trimestre anterior, situ\u00e1ndose en 3.851.500, y en [&hellip;]<\/p>\n","protected":false},"author":7,"featured_media":143651,"comment_status":"closed","ping_status":"closed","sticky":false,"template":"","format":"standard","meta":{"_links_to":"","_links_to_target":""},"categories":[114,5714,73],"tags":[3053],"acf":[],"wps_subtitle":"","_links":{"self":[{"href":"https:\/\/www.foment.com\/es\/wp-json\/wp\/v2\/posts\/143656"}],"collection":[{"href":"https:\/\/www.foment.com\/es\/wp-json\/wp\/v2\/posts"}],"about":[{"href":"https:\/\/www.foment.com\/es\/wp-json\/wp\/v2\/types\/post"}],"author":[{"embeddable":true,"href":"https:\/\/www.foment.com\/es\/wp-json\/wp\/v2\/users\/7"}],"replies":[{"embeddable":true,"href":"https:\/\/www.foment.com\/es\/wp-json\/wp\/v2\/comments?post=143656"}],"version-history":[{"count":5,"href":"https:\/\/www.foment.com\/es\/wp-json\/wp\/v2\/posts\/143656\/revisions"}],"predecessor-version":[{"id":143659,"href":"https:\/\/www.foment.com\/es\/wp-json\/wp\/v2\/posts\/143656\/revisions\/143659"}],"wp:featuredmedia":[{"embeddable":true,"href":"https:\/\/www.foment.com\/es\/wp-json\/wp\/v2\/media\/143651"}],"wp:attachment":[{"href":"https:\/\/www.foment.com\/es\/wp-json\/wp\/v2\/media?parent=143656"}],"wp:term":[{"taxonomy":"category","embeddable":true,"href":"https:\/\/www.foment.com\/es\/wp-json\/wp\/v2\/categories?post=143656"},{"taxonomy":"post_tag","embeddable":true,"href":"https:\/\/www.foment.com\/es\/wp-json\/wp\/v2\/tags?post=143656"}],"curies":[{"name":"wp","href":"https:\/\/api.w.org\/{rel}","templated":true}]}}