{"id":143838,"date":"2022-04-29T10:00:19","date_gmt":"2022-04-29T08:00:19","guid":{"rendered":"https:\/\/www.foment.com\/miguel-herrero-y-rodriguez-de-minon-visita-foment-del-treball\/"},"modified":"2022-04-29T17:07:24","modified_gmt":"2022-04-29T15:07:24","slug":"miguel-herrero-y-rodriguez-de-minon-conferencia-academia-europea-leadership","status":"publish","type":"post","link":"https:\/\/www.foment.com\/es\/miguel-herrero-y-rodriguez-de-minon-conferencia-academia-europea-leadership\/","title":{"rendered":"Miguel Herrero y Rodr\u00edguez de Mi\u00f1\u00f3n pronuncia una conferencia para el curso de la Academia Europea Leadership"},"content":{"rendered":"<section class=\"wpb-content-wrapper\"><p>[vc_row][vc_column width=\u00bb1\/1&#8243;][vc_column_text]El padre de la Constituci\u00f3n de 1979 y consejero permanente del Consejo del Estado Espa\u00f1ol, <strong>Miguel Herrero y Rodr\u00edguez de Mi\u00f1\u00f3n<\/strong>, se ha reunido con el presidente de Foment del Treball, <strong>Josep S\u00e1nchez Llibre<\/strong>, antes de pronunciar la lecci\u00f3n por el curso de la Academia Europea Leadership, que se imparte en la sede de la patronal catalana. Herrero y Rodr\u00edguez ha hablado en su intervenci\u00f3n sobre como <em><strong>\u2018Valores constitucionales de nuestro Estado de Derecho\u2019<\/strong><\/em>.<\/p>\n<p>Tambi\u00e9n han estado presentes en la reuni\u00f3n el catedr\u00e1tico de Ciencia Pol\u00edtica de la University of Gothenburg, <strong>V\u00edctor Lapuente<\/strong>, el empresario y expol\u00edtic, <strong>Manuel Mili\u00e1n<\/strong>, el presidente de la Academia, <strong>Josep A. Duran i Lleida<\/strong>, el secretario general de Foment, <strong>David Tornos<\/strong>, y el jefe de gabinete de la instituci\u00f3n,<strong> Jordi Casas<\/strong>.<\/p>\n<p>Esta reuni\u00f3n se inscribe en la agenda anual de contactos intensa que mantiene Fomento con representantes institucionales y empresariales de todo el mundo.[\/vc_column_text]<div class=\"flexslider wpb_content_element\"><ul class=\"slides\"><li><img src=\"https:\/\/www.foment.com\/wp-content\/uploads\/2022\/04\/photo1651230566-8.jpeg\" alt=\"\" \/><\/li><li><img src=\"https:\/\/www.foment.com\/wp-content\/uploads\/2022\/04\/photo1651230562-3.jpeg\" alt=\"\" \/><\/li><li><img src=\"https:\/\/www.foment.com\/wp-content\/uploads\/2022\/04\/photo1651230566-5.jpeg\" alt=\"\" \/><\/li><\/ul><\/div>[\/vc_column][\/vc_row]<\/p>\n<\/section>","protected":false},"excerpt":{"rendered":"<p>[vc_row][vc_column width=\u00bb1\/1&#8243;][vc_column_text]El padre de la Constituci\u00f3n de 1979 y consejero permanente del Consejo del Estado Espa\u00f1ol, Miguel Herrero y Rodr\u00edguez de Mi\u00f1\u00f3n, se ha reunido con el presidente de Foment del Treball, Josep S\u00e1nchez Llibre, antes de pronunciar la lecci\u00f3n por el curso de la Academia Europea Leadership, que se imparte en la sede de la patronal catalana. Herrero y Rodr\u00edguez ha hablado en su intervenci\u00f3n sobre como \u2018Valores constitucionales de nuestro Estado de Derecho\u2019. Tambi\u00e9n han estado presentes en la reuni\u00f3n el catedr\u00e1tico de Ciencia Pol\u00edtica de la University of Gothenburg, V\u00edctor Lapuente, el empresario y expol\u00edtic, Manuel Mili\u00e1n, el presidente de la Academia, Josep A. Duran i Lleida, el secretario general de Foment, David Tornos, y el jefe de gabinete de la instituci\u00f3n, Jordi Casas. Esta reuni\u00f3n se inscribe en la agenda anual de contactos intensa que mantiene Fomento con representantes institucionales y empresariales de todo el mundo.[\/vc_column_text][\/vc_column][\/vc_row]<\/p>\n","protected":false},"author":10,"featured_media":143854,"comment_status":"closed","ping_status":"closed","sticky":false,"template":"","format":"standard","meta":{"_links_to":"","_links_to_target":""},"categories":[114,68],"tags":[6618],"acf":[],"wps_subtitle":"El padre de la Constituci\u00f3n de 1979 y consejero permanente del Consejo del Estado Espa\u00f1ol se ha reunido con el presidente de la patronal, Josep S\u00e1nchez Llibre","_links":{"self":[{"href":"https:\/\/www.foment.com\/es\/wp-json\/wp\/v2\/posts\/143838"}],"collection":[{"href":"https:\/\/www.foment.com\/es\/wp-json\/wp\/v2\/posts"}],"about":[{"href":"https:\/\/www.foment.com\/es\/wp-json\/wp\/v2\/types\/post"}],"author":[{"embeddable":true,"href":"https:\/\/www.foment.com\/es\/wp-json\/wp\/v2\/users\/10"}],"replies":[{"embeddable":true,"href":"https:\/\/www.foment.com\/es\/wp-json\/wp\/v2\/comments?post=143838"}],"version-history":[{"count":5,"href":"https:\/\/www.foment.com\/es\/wp-json\/wp\/v2\/posts\/143838\/revisions"}],"predecessor-version":[{"id":143856,"href":"https:\/\/www.foment.com\/es\/wp-json\/wp\/v2\/posts\/143838\/revisions\/143856"}],"wp:featuredmedia":[{"embeddable":true,"href":"https:\/\/www.foment.com\/es\/wp-json\/wp\/v2\/media\/143854"}],"wp:attachment":[{"href":"https:\/\/www.foment.com\/es\/wp-json\/wp\/v2\/media?parent=143838"}],"wp:term":[{"taxonomy":"category","embeddable":true,"href":"https:\/\/www.foment.com\/es\/wp-json\/wp\/v2\/categories?post=143838"},{"taxonomy":"post_tag","embeddable":true,"href":"https:\/\/www.foment.com\/es\/wp-json\/wp\/v2\/tags?post=143838"}],"curies":[{"name":"wp","href":"https:\/\/api.w.org\/{rel}","templated":true}]}}