{"id":144019,"date":"2022-05-03T19:30:53","date_gmt":"2022-05-03T17:30:53","guid":{"rendered":"https:\/\/www.foment.com\/administracio-industria-pacients-valoren-impacte-tindria-reduccio-iva-productes-sanitaris\/"},"modified":"2022-05-03T19:40:09","modified_gmt":"2022-05-03T17:40:09","slug":"administracion-industria-pacientes-valoran-impacto-tendria-reduccion-iva-productos-sanitarios","status":"publish","type":"post","link":"https:\/\/www.foment.com\/es\/administracion-industria-pacientes-valoran-impacto-tendria-reduccion-iva-productos-sanitarios\/","title":{"rendered":"Administraci\u00f3n, industria y pacientes valoran el impacto que tendr\u00eda una reducci\u00f3n del IVA para los productos sanitarios"},"content":{"rendered":"<section class=\"wpb-content-wrapper\"><p>[vc_row][vc_column][vc_column_text]<\/p>\n<ul>\n<li><strong>S\u00e1nchez Libre ha destacado que \u201cEspa\u00f1a necesita una fiscalidad competitiva, no una fiscalidad obsesiva para aumentar la carga tributaria\u201d.<\/strong><\/li>\n<li><strong>La mayor\u00eda de los productos sanitarios son gravados en Espa\u00f1a con el tipo impositivo m\u00e1s alto (21%), situ\u00e1ndonos entre los pa\u00edses de la Uni\u00f3n Europea con mayor carga impositiva.<\/strong><\/li>\n<li><strong>Su reducci\u00f3n (&lt;10%) permitir\u00eda liberar recursos econ\u00f3micos al SNS, maximizar las capacidades de compra de las CC. AA. y generar ahorros a los pacientes.<\/strong><\/li>\n<li><strong>En diciembre, el ECOFIN aprob\u00f3 una propuesta de actualizaci\u00f3n de las normas de la UE sobre los tipos de IVA que permitir\u00e1 a los Gobiernos nacionales aplicar un IVA reducido a los productos sanitarios, ya que satisfacen necesidades b\u00e1sicas.<\/strong><\/li>\n<\/ul>\n<p>Por primera vez, se ha abierto la puerta en Espa\u00f1a a la aplicaci\u00f3n de un IVA reducido permanente (&lt;10%) a todos los productos sanitarios, tras el Acuerdo del ECOFIN. Una medida que permitir\u00eda liberar m\u00e1s de 1.000 millones de euros al Sistema Nacional de Salud (SNS), seg\u00fan estimaciones de la <strong>Federaci\u00f3n Espa\u00f1ola de Empresas de Tecnolog\u00eda Sanitaria (Fenin)<\/strong>, y que podr\u00edan destinarse a acometer las necesarias inversiones en Tecnolog\u00eda Sanitaria para reducir la obsolescencia, incorporar innovaci\u00f3n tecnol\u00f3gica de valor, digitalizar el sistema sanitario y mejorar la salud y calidad de vida de millones de pacientes. As\u00ed se ha reflejado en el <strong>Encuentro del Sector de Tecnolog\u00eda Sanitaria<\/strong> organizado en Barcelona por Fenin y la instituci\u00f3n acad\u00e9mica <strong>ESADE<\/strong>. Bajo el lema \u201cClaves del nuevo horizonte econ\u00f3mico y fiscal para la industria de Tecnolog\u00eda Sanitaria\u201d, representantes de las administraciones, industria, pacientes y economistas han analizado las claves del nuevo entorno econ\u00f3mico y fiscal de este Sector.<\/p>\n<p>\u201cActualmente, la mayor\u00eda de los productos sanitarios son gravados con el tipo impositivo m\u00e1s alto, del 21%, a pesar de que, tal como ha demostrado la pandemia, son bienes de primera necesidad\u201d, ha expuesto en este encuentro <strong>Mar\u00eda Vila<\/strong>, <strong>presidenta de Fenin<\/strong>. Por ello, ahora que, por primera vez la Uni\u00f3n Europea (ECOFIN) podr\u00eda permitir una bajada del tipo impositivo por parte de los propios Estados miembros, la presidenta ha se\u00f1alado que \u201ces prioritario adoptar decisiones que permitan una reducci\u00f3n inmediata del IVA para todos los productos sanitarios, por ser esenciales y de primera necesidad, adem\u00e1s de ser especialmente cr\u00edticos en situaciones de emergencia sanitaria\u201d.<\/p>\n<p>Durante su intervenci\u00f3n, la presidenta de Fenin ha explicado los beneficios que conllevar\u00eda aplicar esta medida. \u201cAdem\u00e1s de maximizar las capacidades de compra de los servicios de salud de las comunidades aut\u00f3nomas, los ahorros generados por la reducci\u00f3n del IVA permitir\u00edan realizar las inversiones en tecnolog\u00eda que nuestro Sistema Nacional de Salud necesita para reducir su actual nivel de obsolescencia. Asimismo, dado que el IVA es un impuesto indirecto, esta medida supondr\u00eda un ahorro para millones de pacientes que son usuarios finales de los productos sanitarios, especialmente para aquellos que disponen de menos recursos\u201d.<\/p>\n<p>Por su parte, <strong>Antonio Delgado<\/strong>, <strong>secretario general de ESADE<\/strong>, tambi\u00e9n ha incidido en esta cuesti\u00f3n al indicar que \u201cla celebraci\u00f3n de esta jornada es clave para entender el entorno econ\u00f3mico y regulatorio en el que se va a desarrollar el sector de la tecnolog\u00eda sanitaria, facilitando las claves necesarias para plantear una estrategia de futuro que garantice a la sociedad la prestaci\u00f3n del servicio sanitario de calidad\u201d.<\/p>\n<p><span style=\"color: #c12238;\"><strong>Visiones del nuevo horizonte econ\u00f3mico y fiscal<\/strong><\/span><\/p>\n<p>El nuevo horizonte econ\u00f3mico y fiscal para el Sector de Tecnolog\u00eda Sanitaria, tanto en Espa\u00f1a como en Europa, ha sido analizado en este encuentro por <strong>Josep S\u00e1nchez Libre<\/strong>, <strong>presidente de Foment del Treball Nacional, <\/strong>quien ha destacado que \u201cEspa\u00f1a necesita una fiscalidad competitiva, no una fiscalidad obsesiva por aumentar la carga tributaria\u201d. Respecto a la industria, S\u00e1nchez Llibre ha alabado su \u201cgran capacidad de innovaci\u00f3n e investigaci\u00f3n\u201d, y ha reclamado un proceso de reindustrializaci\u00f3n que, mediante el empleo \u201cprioritario\u201d de los Fondos NEXT Generation EU, permita, entre otras cuestiones, \u201creducir la dependencia del sudeste asi\u00e1tico\u201d.[\/vc_column_text][vc_single_image image=\u00bb144014&#8243;][vc_column_text]<\/p>\n<p>Asimismo, la jornada ha contado con una mesa redonda que ha permitido analizar las claves en materia econ\u00f3mica, regulatoria y fiscal que marcar\u00e1n el futuro del Sector desde la perspectiva de la Administraci\u00f3n, la industria y los pacientes. Por su parte, <strong>Ricardo \u00c1lvarez Arroyo<\/strong>, <strong>subdirector general de Impuestos sobre el Consumo de la Direcci\u00f3n General de Tributos<\/strong>, ha expuesto que \u201cla nueva redacci\u00f3n de la Directiva armonizada del IVA va a permitir a los Estados miembros establecer tipos reducidos, incluso del 0%, a los productos y equipos destinados a ser utilizados en la atenci\u00f3n sanitaria\u201d. \u00c1lvarez Arroyo tambi\u00e9n ha matizado que \u201cel \u00e1mbito de aplicaci\u00f3n de los tipos reducidos ser\u00e1 a\u00fan mayor para aquellos destinados a compensar y superar situaciones de discapacidad\u201d.<\/p>\n<p>En el \u00e1mbito auton\u00f3mico, <strong>Pedro Irigoyen<\/strong>, <strong>director general de Gesti\u00f3n Econ\u00f3mico-Financiera y Farmacia del Servicio Madrile\u00f1o de Salud<\/strong>, ha destacado que asistimos a un entorno econ\u00f3mico y jur\u00eddico especialmente complejo en el que \u201cse ha logrado superar el peor momento de presi\u00f3n gracias en gran parte a la colaboraci\u00f3n p\u00fablico- privada\u201d. Asimismo, Irigoyen ha explicado que \u201cla Consejer\u00eda de Sanidad de la Comunidad de Madrid ser\u00eda favorable a estudiar una posible rebaja del IVA de los productos sanitarios, debido a que, si la comunidad aut\u00f3noma paga un 21%, el sistema de financiaci\u00f3n auton\u00f3mico perjudica a la propia CC. AA., que retorna solo en torno al 8%\u201d.<\/p>\n<p>En esta mesa tambi\u00e9n ha participado <strong>Agust\u00edn Canales<\/strong>, <strong>vocal de la Junta Directiva de Fenin<\/strong>, quien ha se\u00f1alado que \u201cla aplicaci\u00f3n de un IVA reducido con car\u00e1cter permanente permitir\u00eda aumentar la ratio de gasto p\u00fablico en Sanidad en comparaci\u00f3n con el PIB, que en Espa\u00f1a se encuentra por debajo de la media europea\u201d. Adem\u00e1s, ha recordado que Espa\u00f1a es de los pa\u00edses de Europa con una mayor tasa de IVA para productos sanitarios.<\/p>\n<p>Desde la visi\u00f3n de los pacientes, <strong>Carina Escobar<\/strong>, <strong>presidenta de la Plataforma de Organizaciones de Pacientes <\/strong>ha explicado que esta reducci\u00f3n del IVA en el \u00e1mbito sanitario \u201cresponder\u00eda a una demanda que vienen solicitando las entidades de pacientes y beneficiar\u00eda a personas con enfermedades cr\u00f3nicas y sus familias, afectados, adem\u00e1s de por la enfermedad, por la vulnerabilidad econ\u00f3mica\u201d. Esta medida, ha subrayado, \u201cpermitir\u00eda mejorar el acceso y aliviar la situaci\u00f3n de fragilidad sanitaria, social, econ\u00f3mica que conlleva la situaci\u00f3n de enfermedad y la crisis actual\u201d.<\/p>\n<p>Cabe recordar que el pasado 7 de diciembre de 2021, la Comisi\u00f3n acogi\u00f3 positivamente el acuerdo alcanzado por los ministros de finanzas en la reuni\u00f3n del Consejo de Asuntos Econ\u00f3micos y Financieros de la Uni\u00f3n Europea (ECOFIN) para actualizar las normas actuales que rigen los tipos del IVA para bienes y servicios. La nueva legislaci\u00f3n proporcionar\u00e1 a los gobiernos m\u00e1s flexibilidad en los tipos que pueden aplicar y garantizar\u00e1 una mayor igualdad entre los Estados miembros de la UE. Al mismo tiempo, esta actualizaci\u00f3n alinear\u00e1 las normas del IVA con las prioridades de la UE, como la lucha contra el cambio clim\u00e1tico, la digitalizaci\u00f3n y la protecci\u00f3n de la salud p\u00fablica\u201d. Este es el cambio que permitir\u00eda acometer la necesaria reforma de la Ley del IVA propuesta por Fenin, que har\u00eda posible una mayor inversi\u00f3n en innovaci\u00f3n tecnol\u00f3gica, clave para la mejora y transformaci\u00f3n del sistema sanitario.<\/p>\n<p>El evento ha finalizado con la entrega por parte de la <strong>secretaria general de Fenin<\/strong>, <strong>Margarita Alfonsel<\/strong>, de los galardones de la <strong>11\u00aa Edici\u00f3n de los Premios Voluntades<\/strong> que otorga la Federaci\u00f3n para reconocer el compromiso de entidades y compa\u00f1\u00edas que destacan por sus actividades de Responsabilidad Social Empresarial.<\/p>\n<p>Este Encuentro del Sector de Tecnolog\u00eda Sanitaria ha servido como pre\u00e1mbulo del <strong>MedTech Forum 2022<\/strong>, que por primera vez acoge Espa\u00f1a y el cual se celebra tambi\u00e9n en Barcelona del 3 al 5 de mayo.<\/p>\n<p><span style=\"color: #c12238;\"><strong>Sobre Fenin<\/strong><\/span><\/p>\n<p><strong>\u00a0<\/strong>La Federaci\u00f3n Espa\u00f1ola de Empresas de Tecnolog\u00eda Sanitaria representa a m\u00e1s de 500 empresas fabricantes, distribuidoras e importadoras establecidas en nuestro pa\u00eds, que constituyen m\u00e1s del 80% del volumen total de negocio de tecnolog\u00eda sanitaria. Fundada en 1977, la Federaci\u00f3n est\u00e1 al servicio de <strong>un sector empresarial estrat\u00e9gico y esencial<\/strong> para nuestro sistema sanitario y para la salud de la poblaci\u00f3n, que ha desempe\u00f1ado un papel clave para combatir la COVID-19. Un sector que pone al alcance de profesionales y pacientes tecnolog\u00edas, productos y servicios que act\u00faan en la prevenci\u00f3n, el diagn\u00f3stico, el tratamiento y el control y seguimiento de las enfermedades y contribuye a la mejora continua de la calidad de vida de las personas, normalizando la vida del paciente.<\/p>\n<p><span style=\"color: #c12238;\"><strong>Sobre Esade y Esade Alumni<\/strong><\/span><\/p>\n<p>Fundada en 1958, Esade es una instituci\u00f3n acad\u00e9mica global, con campus en Barcelona y Madrid, y presente en todo el mundo a trav\u00e9s de acuerdos de colaboraci\u00f3n con 185 universidades y escuelas de negocios. Cada a\u00f1o, m\u00e1s de 11.000 alumnos participan en sus cursos, en las tres \u00e1reas formativas: Business School, Law School y Executive Education. Esade Alumni, la asociaci\u00f3n de antiguos alumnos de Esade, se configura como una red activa de l\u00edderes responsables comprometidos con el desarrollo empresarial sostenible, que generan apoyo mutuo y valor para la sociedad a trav\u00e9s de iniciativas de impacto. Cuenta con m\u00e1s de 67.000 antiguos alumnos y dispone de una red internacional de 72 chapters, con alumni de hasta 147 nacionalidades, presentes en m\u00e1s de cien pa\u00edses. Esade participa tambi\u00e9n en el parque de innovaci\u00f3n empresarial Esade Creapolis, un ecosistema pionero que tiene como objetivo inspirar, facilitar y acelerar los procesos de innovaci\u00f3n de las empresas que participan en \u00e9l. De vocaci\u00f3n internacional, Esade ocupa destacadas posiciones en los principales rankings mundiales de escuelas de negocios como Financial Times, QS, Bloomberg Businessweek o Am\u00e9rica Econom\u00eda. Esade es miembro de la Universidad Ramon Llull. <a href=\"http:\/\/www.esade.edu\">www.esade.edu<\/a>[\/vc_column_text][\/vc_column][\/vc_row]<\/p>\n<\/section>","protected":false},"excerpt":{"rendered":"<p>[vc_row][vc_column][vc_column_text] S\u00e1nchez Libre ha destacado que \u201cEspa\u00f1a necesita una fiscalidad competitiva, no una fiscalidad obsesiva para aumentar la carga tributaria\u201d. La mayor\u00eda de los productos sanitarios son gravados en Espa\u00f1a con el tipo impositivo m\u00e1s alto (21%), situ\u00e1ndonos entre los pa\u00edses de la Uni\u00f3n Europea con mayor carga impositiva. Su reducci\u00f3n (&lt;10%) permitir\u00eda liberar recursos econ\u00f3micos al SNS, maximizar las capacidades de compra de las CC. AA. y generar ahorros a los pacientes. En diciembre, el ECOFIN aprob\u00f3 una propuesta de actualizaci\u00f3n de las normas de la UE sobre los tipos de IVA que permitir\u00e1 a los Gobiernos nacionales aplicar un IVA reducido a los productos sanitarios, ya que satisfacen necesidades b\u00e1sicas. Por primera vez, se ha abierto la puerta en Espa\u00f1a a la aplicaci\u00f3n de un IVA reducido permanente (&lt;10%) a todos los productos sanitarios, tras el Acuerdo del ECOFIN. Una medida que permitir\u00eda liberar m\u00e1s de 1.000 millones de euros al Sistema Nacional de Salud (SNS), seg\u00fan estimaciones de la Federaci\u00f3n Espa\u00f1ola de Empresas de Tecnolog\u00eda Sanitaria (Fenin), y que podr\u00edan destinarse a acometer las necesarias inversiones en Tecnolog\u00eda Sanitaria para reducir la obsolescencia, incorporar innovaci\u00f3n tecnol\u00f3gica de valor, digitalizar el sistema sanitario y mejorar la salud y [&hellip;]<\/p>\n","protected":false},"author":10,"featured_media":144017,"comment_status":"closed","ping_status":"closed","sticky":false,"template":"","format":"standard","meta":{"_links_to":"","_links_to_target":""},"categories":[1821,114],"tags":[1680,1679,338,6628,6627],"acf":[],"wps_subtitle":"Barcelona ha acogido el Encuentro anual del Sector de Tecnolog\u00eda Sanitaria","_links":{"self":[{"href":"https:\/\/www.foment.com\/es\/wp-json\/wp\/v2\/posts\/144019"}],"collection":[{"href":"https:\/\/www.foment.com\/es\/wp-json\/wp\/v2\/posts"}],"about":[{"href":"https:\/\/www.foment.com\/es\/wp-json\/wp\/v2\/types\/post"}],"author":[{"embeddable":true,"href":"https:\/\/www.foment.com\/es\/wp-json\/wp\/v2\/users\/10"}],"replies":[{"embeddable":true,"href":"https:\/\/www.foment.com\/es\/wp-json\/wp\/v2\/comments?post=144019"}],"version-history":[{"count":3,"href":"https:\/\/www.foment.com\/es\/wp-json\/wp\/v2\/posts\/144019\/revisions"}],"predecessor-version":[{"id":144022,"href":"https:\/\/www.foment.com\/es\/wp-json\/wp\/v2\/posts\/144019\/revisions\/144022"}],"wp:featuredmedia":[{"embeddable":true,"href":"https:\/\/www.foment.com\/es\/wp-json\/wp\/v2\/media\/144017"}],"wp:attachment":[{"href":"https:\/\/www.foment.com\/es\/wp-json\/wp\/v2\/media?parent=144019"}],"wp:term":[{"taxonomy":"category","embeddable":true,"href":"https:\/\/www.foment.com\/es\/wp-json\/wp\/v2\/categories?post=144019"},{"taxonomy":"post_tag","embeddable":true,"href":"https:\/\/www.foment.com\/es\/wp-json\/wp\/v2\/tags?post=144019"}],"curies":[{"name":"wp","href":"https:\/\/api.w.org\/{rel}","templated":true}]}}