{"id":144436,"date":"2022-05-10T10:40:13","date_gmt":"2022-05-10T08:40:13","guid":{"rendered":"https:\/\/www.foment.com\/aeball-traslladen-pimes-hospitalet-baix-llobregat-proces-integracio-fepime-defensa-pime\/"},"modified":"2022-05-10T16:17:46","modified_gmt":"2022-05-10T14:17:46","slug":"aeball-trasladan-pymes-hospitalet-baix-llobregat-proceso-integracion-fepime-defensa-pyme","status":"publish","type":"post","link":"https:\/\/www.foment.com\/es\/aeball-trasladan-pymes-hospitalet-baix-llobregat-proceso-integracion-fepime-defensa-pyme\/","title":{"rendered":"Foment y AEBALL trasladan a las pymes del Hospitalet y Baix Llobregat el proceso de integraci\u00f3n de Fepime iniciado para reforzar la defensa de la peque\u00f1a y mediana empresa"},"content":{"rendered":"<section class=\"wpb-content-wrapper\"><p>[vc_row][vc_column][vc_column_text]<\/p>\n<ul>\n<li><strong>S\u00e1nchez Llibre ha lamentado que la ampliaci\u00f3n del aeropuerto no haya sido posible para el 2022, pero ha afirmado que \u201clos empresarios seguiremos persistiendo para que el proyecto sea una realidad, y lo ser\u00e1\u201d.<\/strong><\/li>\n<li><strong>El presidente de AEBALL Santiago Ballest\u00e9 ha trasladado la necesidad de contribuir en la transformaci\u00f3n de la industria tradicional de la automoci\u00f3n hacia la nueva movilidad sostenible, y ha reclamado que el Centro de Formaci\u00f3n Profesional de Automoci\u00f3n de Martorell sea una herramienta para conseguirlo.<\/strong><\/li>\n<li><strong>El presidente del Instituto Agr\u00edcola Baldiri Ros ha manifestado la preocupaci\u00f3n de las pymes del sector ante la propuesta del Gobierno de la Generalitat de ampliar la ZEPA del Delta del Llobregat que \u201carruinar\u00eda la industria agroalimentaria de proximidad en la conurbaci\u00f3n urbana de Barcelona, siendo una de sus principales fuentes de soberan\u00eda alimentaria\u201d.<\/strong><\/li>\n<li><strong>La presidenta de Fepime M\u00aa Helena de Felipe ha dicho que con la integraci\u00f3n de Fepime en la estructura de Foment se ganar\u00e1 m\u00e1s eficacia para poder visivilizar las necesidades de las pymes y aut\u00f3nomos, que conforman el 99% del tejido industrial del pa\u00eds.<\/strong><\/li>\n<\/ul>\n<p>El presidente de Foment del Treball, Josep S\u00e1nchez Llibre, y la presidenta de Fepime, M\u00aa Helena de Felipe, se han reunido hoy con el presidente de la Asociaci\u00f3n Empresarial de La Hospitalet y el Baix Llobregat (AEBALL), Santiago Ballest\u00e9, y el presidente del Instituto Agr\u00edcola Catal\u00e1n de San Isidro y vicepresidente de AEBALL y Foment, Baldiri Ros, junto con representantes de la Junta Directiva de la patronal del Hospitalet y Baix Llobregat, para conocer las principales necesidades de las empresas de este territorio.<\/p>\n<p>El presidente de Foment Josep S\u00e1nchez Llibre ha puesto en valor el dinamismo social y empresarial del territorio con 1.100.000 habitantes, el 13% del PIB de Catalu\u00f1a y 27.000 empresas conformadas por pymes y aut\u00f3nomos en su mayor\u00eda, adem\u00e1s de la localizaci\u00f3n de las infraestructuras m\u00e1s estrat\u00e9gicas y de conexi\u00f3n global de Catalu\u00f1a como son el puerto y el aeropuerto de Barcelona, y el principal centro de convenciones con la Feria Barcelona Gran V\u00eda.<\/p>\n<p>S\u00e1nchez Llibre ha lamentado que la ampliaci\u00f3n del aeropuerto no hayasido posible para el 2022: \u201cLos empresarios seguiremos persistiendo porque el proyecto sea una realidad, y lo ser\u00e1. Desde Foment estamos preparando una serie de acciones para no perder esta oportunidad que es clave para la industria, el turismo de calidad y la econom\u00eda catalana\u201d.<\/p>\n<p>Tambi\u00e9n ha pedido que se prioricen obras pendientes para el desarrollo del territorio como la del soterramiento de la Gran v\u00eda de la Hospitalet y se ha mostrado a favor de hacer todo lo posible para promover un grande hub biom\u00e9dico en el territorio, aprovechando que se concentran instituciones de referencia del \u00e1mbito de la investigaci\u00f3n, de la salud y del conocimiento.[\/vc_column_text][vc_raw_html]aHR0cHMlM0ElMkYlMkZ0d2l0dGVyLmNvbSUyRmxoZGlnaXRhbGglMkZzdGF0dXMlMkYxNTIzOTcyOTMzMzkxMTY3NDg5JTNGcyUzRDIwJTI2dCUzRE54LWl2T1kwSVlqSmY0dy01ZklUX1E=[\/vc_raw_html][vc_column_text]<span style=\"color: #c12238;\"><strong>Situaci\u00f3n del sector metal\u00fargico y perspectivas<\/strong><\/span><\/p>\n<p>En cuanto a la situaci\u00f3n del sector del metal y sus perspectivas, el presidente de AEBALL Santiago Ballest\u00e9, que tambi\u00e9n preside UPMBALL, la patronal metal\u00fargica del territorio, ha trasladado la necesidad de contribuir a la transformaci\u00f3n de la industria tradicional de automoci\u00f3n hacia la nueva movilidad sostenible, y ha reclamado que el Centro de Formaci\u00f3n Profesional de Automoci\u00f3n de Martorell sea una herramienta para conseguirlo integrada al territorio. Ballest\u00e9 tambi\u00e9n ha pedido una mayor cooperaci\u00f3n con la Administraci\u00f3n para superar la crisis econ\u00f3mica derivada de la pandemia, los problemas con las materias primas y los chips, y los derivados de la guerra en Ucrania, que afecten a la industria metal\u00fargica.<\/p>\n<p>Ballest\u00e9 ha alertado que las empresas no podr\u00e1n afrontar la transformaci\u00f3n digital y medioambiental que se les requiere si no disponen de personal cualificado, sobre todo en el sector del metal. \u201cHay que fomentar un modelo en el cual la digitalizaci\u00f3n est\u00e9 alineada con el cambio generacional, y priorizar la retenci\u00f3n del talento y el conocimiento, como una necesidad de pa\u00eds, mediante la mejora de los salarios, de las oportunidades y del reconocimiento\u201d, ha reclamado Ballest\u00e9.<\/p>\n<p>A continuaci\u00f3n ha a\u00f1adido que se debe garantizar que todos los cambios y avances en materia de econom\u00eda circular sean accesibles para las pymes, y ha solicitado m\u00e1s ayudas dirigidas a las pymes para adoptar las tecnolog\u00edas que tienen a su alcance, aumentar las inversiones y actividades dirigidas a la innovaci\u00f3n tecnol\u00f3gica, y m\u00e1s canales de asesoramiento externo a las empresas tanto para impulsarlas a dar el primer paso en el proceso de transformaci\u00f3n digital, como para continuar con toda su implantaci\u00f3n estrat\u00e9gica.<\/p>\n<p>Tambi\u00e9n ha insistido en que hay que aumentar la inversi\u00f3n en investigaci\u00f3n, ciencia, tecnolog\u00eda e industria, como alternativa a los sectores m\u00e1s castigados por la crisis, haciendo especial \u00e9nfasis en mejorar la capacidad de autoabastecimiento de la potente industria con que ya cuento el territorio; ha hecho patente la necesidad de mejorar la gesti\u00f3n de los pol\u00edgonos industriales y facilitar su desarrollo; y ha se\u00f1alado los efectos negativos que est\u00e1 teniendo en las empresas las nuevas restricciones de movilidad que afectan a Barcelona: \u201cno se puede restringir el acceso en la capital si se quiere potenciar el \u00e1rea Metropolitana\u201d.<\/p>\n<p><span style=\"color: #c12238;\"><strong>ZEPA del Delta del Llobregat<\/strong><\/span><\/p>\n<p>El presidente del Instituto Agr\u00edcola Baldiri Ros ha hablado sobre la situaci\u00f3n de uno de los sectores tractores para la econom\u00eda del territorio como es el sector agroalimentario, y ha manifestado la <a href=\"https:\/\/www.foment.com\/es\/foment-institut-agricola-presentan-plan-convertir-cataluna-hub-agroalimentario-sur-europa\/\"><strong>preocupaci\u00f3n de las pymes del sector ante la propuesta del Gobierno de la Generalitat de ampliar la ZEPA del Delta del Llobregat<\/strong><\/a>: \u201cAmpliar la ZEPA del Delta del Llobregat obliga a abandonar con diferente intensidad la agricultura intensiva y de alta eficiencia, dado que es incompatible mantener una actividad de estas caracter\u00edsticas bajo este r\u00e9gimen de protecci\u00f3n\u201d, ha expresado Ros, quien ha a\u00f1adido que adem\u00e1s \u201cprovoca un aumento muy significativo de los costes de producci\u00f3n por las limitaciones al uso de fitosanitarios, plaguicidas y fertilizantes\u201d.<\/p>\n<p>En resumen, \u201cla suma de p\u00e9rdidas en el valor de la producci\u00f3n y el aumento de los costes hace inviable la existencia de agricultura competitiva en el Delta del Llobregat, provoca la desaparici\u00f3n de empresas agroalimentarias, aleja inversiones productivas, impide la incorporaci\u00f3n de j\u00f3venes empresarios a la agricultura y compromete la seguridad alimentaria de su entorno m\u00e1s pr\u00f3ximo, especialmente de los cascos urbanos m\u00e1s densamente poblados c\u00f3mo es el caso del \u00e1rea Metropolitana de Barcelona\u201d, ha se\u00f1alado Ros.<\/p>\n<p>En este sentido, Ros ha defendido que \u201cla mejora del medio ambiente no pasa por el deterioro de la industria agroalimentaria de proximidad. Por supuesto que es necesario que se produzcan cambios importantes, pero no tienen que hacerse sin tomar en consideraci\u00f3n el punto de partida y las condiciones existentes de competitividad, productividad y estabilidad de mercado\u201d.<\/p>\n<p>Uno de los elementos fundamentales en el Delta del Llobregat que quedan ocultos por el debate sobre la ampliaci\u00f3n de la ZEPA es el problema de las inundaciones c\u00edclicas que se producen en la zona por la ausencia de gesti\u00f3n por parte de la Agencia Catalana del agua que puerta 17 a\u00f1os sin dar soluciones sobre este problema end\u00e9mico, ha explicado Ros.<\/p>\n<p><strong><span style=\"color: #c12238;\">Integraci\u00f3n Foment-Fepime<\/span><\/strong><\/p>\n<p>En la reuni\u00f3n con los representantes de AEBALL, Foment ha explicado de nuevo el prop\u00f3sito de la patronal para reforzar la defensa de la peque\u00f1a y mediana empresa y la representatividad de los territorios como el Hospitalet y el Baix Llobregat con el inicio de un proceso de integraci\u00f3n de Fepime.<\/p>\n<p>\u201cSe trata de dar m\u00e1s visibilidad a las pymes y aut\u00f3nomos, que conforman el 99% del tejido industrial del pa\u00eds, con la integraci\u00f3n de Fepime como Consejo Territorial y Sectorial de la Pyme integrado en la estructura de Foment\u201d, ha dicho la presidenta de Fepime M\u00aa Helena de Felipe en la rueda de prensa.<\/p>\n<p>En los pr\u00f3ximos meses, Foment tiene organizadas varios encuentros con patronales territoriales para trasladar este proyecto y recoger sus prioridades y principales reclamaciones.[\/vc_column_text]<div class=\"flexslider wpb_content_element\"><ul class=\"slides\"><li><img src=\"https:\/\/www.foment.com\/wp-content\/uploads\/2022\/05\/photo1652170973-6.jpeg\" alt=\"\" \/><\/li><li><img src=\"https:\/\/www.foment.com\/wp-content\/uploads\/2022\/05\/photo1652170975-1.jpeg\" alt=\"\" \/><\/li><li><img src=\"https:\/\/www.foment.com\/wp-content\/uploads\/2022\/05\/photo1652170973-5.jpeg\" alt=\"\" \/><\/li><\/ul><\/div>[\/vc_column][\/vc_row]<\/p>\n<\/section>","protected":false},"excerpt":{"rendered":"<p>[vc_row][vc_column][vc_column_text] S\u00e1nchez Llibre ha lamentado que la ampliaci\u00f3n del aeropuerto no haya sido posible para el 2022, pero ha afirmado que \u201clos empresarios seguiremos persistiendo para que el proyecto sea una realidad, y lo ser\u00e1\u201d. El presidente de AEBALL Santiago Ballest\u00e9 ha trasladado la necesidad de contribuir en la transformaci\u00f3n de la industria tradicional de la automoci\u00f3n hacia la nueva movilidad sostenible, y ha reclamado que el Centro de Formaci\u00f3n Profesional de Automoci\u00f3n de Martorell sea una herramienta para conseguirlo. El presidente del Instituto Agr\u00edcola Baldiri Ros ha manifestado la preocupaci\u00f3n de las pymes del sector ante la propuesta del Gobierno de la Generalitat de ampliar la ZEPA del Delta del Llobregat que \u201carruinar\u00eda la industria agroalimentaria de proximidad en la conurbaci\u00f3n urbana de Barcelona, siendo una de sus principales fuentes de soberan\u00eda alimentaria\u201d. La presidenta de Fepime M\u00aa Helena de Felipe ha dicho que con la integraci\u00f3n de Fepime en la estructura de Foment se ganar\u00e1 m\u00e1s eficacia para poder visivilizar las necesidades de las pymes y aut\u00f3nomos, que conforman el 99% del tejido industrial del pa\u00eds. El presidente de Foment del Treball, Josep S\u00e1nchez Llibre, y la presidenta de Fepime, M\u00aa Helena de Felipe, se han reunido hoy [&hellip;]<\/p>\n","protected":false},"author":10,"featured_media":144427,"comment_status":"closed","ping_status":"closed","sticky":false,"template":"","format":"standard","meta":{"_links_to":"","_links_to_target":""},"categories":[114,68,5714],"tags":[4734,4439,6494,905,2987,4428,6651,4720,626,6648,6649],"acf":[],"wps_subtitle":"El presidente de Foment visita los empresarios del Hospitalet y Baix Llobregat para explicar la constituci\u00f3n y el funcionamiento de un nuevo consejo de la pyme dentro de la patronal catalana","_links":{"self":[{"href":"https:\/\/www.foment.com\/es\/wp-json\/wp\/v2\/posts\/144436"}],"collection":[{"href":"https:\/\/www.foment.com\/es\/wp-json\/wp\/v2\/posts"}],"about":[{"href":"https:\/\/www.foment.com\/es\/wp-json\/wp\/v2\/types\/post"}],"author":[{"embeddable":true,"href":"https:\/\/www.foment.com\/es\/wp-json\/wp\/v2\/users\/10"}],"replies":[{"embeddable":true,"href":"https:\/\/www.foment.com\/es\/wp-json\/wp\/v2\/comments?post=144436"}],"version-history":[{"count":7,"href":"https:\/\/www.foment.com\/es\/wp-json\/wp\/v2\/posts\/144436\/revisions"}],"predecessor-version":[{"id":144514,"href":"https:\/\/www.foment.com\/es\/wp-json\/wp\/v2\/posts\/144436\/revisions\/144514"}],"wp:featuredmedia":[{"embeddable":true,"href":"https:\/\/www.foment.com\/es\/wp-json\/wp\/v2\/media\/144427"}],"wp:attachment":[{"href":"https:\/\/www.foment.com\/es\/wp-json\/wp\/v2\/media?parent=144436"}],"wp:term":[{"taxonomy":"category","embeddable":true,"href":"https:\/\/www.foment.com\/es\/wp-json\/wp\/v2\/categories?post=144436"},{"taxonomy":"post_tag","embeddable":true,"href":"https:\/\/www.foment.com\/es\/wp-json\/wp\/v2\/tags?post=144436"}],"curies":[{"name":"wp","href":"https:\/\/api.w.org\/{rel}","templated":true}]}}