{"id":144755,"date":"2022-05-13T11:53:37","date_gmt":"2022-05-13T09:53:37","guid":{"rendered":"https:\/\/www.foment.com\/?p=144755"},"modified":"2022-05-13T12:27:35","modified_gmt":"2022-05-13T10:27:35","slug":"vicepresidente-banco-central-europeo-luis-de-guindos-se-reune-presidente-foment-josep-sanchez-llibre","status":"publish","type":"post","link":"https:\/\/www.foment.com\/es\/vicepresidente-banco-central-europeo-luis-de-guindos-se-reune-presidente-foment-josep-sanchez-llibre\/","title":{"rendered":"El vicepresidente del Banco Central Europeo, Lu\u00eds de Guindos, se re\u00fane con presidente de Foment, Josep S\u00e1nchez Llibre"},"content":{"rendered":"<section class=\"wpb-content-wrapper\"><p>[vc_row][vc_column][vc_column_text]El presidente de Foment del Treball, <strong>Josep S\u00e1nchez Llibre<\/strong> y el vicepresidente del Banco Central Europeo han hablado sobre la coyuntura econ\u00f3mica europea en general y del Estado en particular.<\/p>\n<p>S\u00e1nchez Llibre y de Guindos han evaluado las consecuencias econ\u00f3micas de la guerra en Ucrania as\u00ed como de los efectos que una inflaci\u00f3n sostenida en el tiempo puede acarrear en el crecimiento de la econom\u00eda espa\u00f1ola y europea.<\/p>\n<p>El presidente de Foment <strong>considera que es imprescindible tomar medidas para apoyar la econom\u00eda productiva ante las graves repercusiones que estamos sufriendo a consecuencia del contexto internacional y del aumento de la inflaci\u00f3n<\/strong>.<\/p>\n<p>La reuni\u00f3n ha tenido lugar despu\u00e9s de que el vicepresidente del Banco Central Europeo, Lu\u00eds de Guindos haya pronunciado una clase- conferencia en la Academia Europea Leadership, presidida por <strong>Josep Antoni Duran i Lleida,<\/strong> en la sede de Foment sobre el rol de los bancos centrales europeos y en particular del Banco Central Europeo.<\/p>\n<p>Esta reuni\u00f3n forma parte de la agenda permanente de contactos del presidente de Fomento con personalidades relevantes de las instituciones y de los sectores empresariales de todo el mundo para evaluar la situaci\u00f3n econ\u00f3mica del momento.[\/vc_column_text][\/vc_column][\/vc_row][vc_row][vc_column width=\u00bb1\/1&#8243;]<div class=\"spacer\" style=\"height: 40px;\"><\/div>[\/vc_column][\/vc_row][vc_row][vc_column width=\u00bb1\/1&#8243;]<div class=\"flexslider wpb_content_element\"><ul class=\"slides\"><li><img src=\"https:\/\/www.foment.com\/wp-content\/uploads\/2022\/05\/DSC_0087-scaled.jpg\" alt=\"\" \/><\/li><li><img src=\"https:\/\/www.foment.com\/wp-content\/uploads\/2022\/05\/DSC_0091-scaled.jpg\" alt=\"\" \/><\/li><li><img src=\"https:\/\/www.foment.com\/wp-content\/uploads\/2022\/05\/DSC_0094-scaled.jpg\" alt=\"\" \/><\/li><li><img src=\"https:\/\/www.foment.com\/wp-content\/uploads\/2022\/05\/3d31ddb2-03a2-41ed-8776-f9d84077c6c3.jpeg\" alt=\"\" \/><\/li><\/ul><\/div>[\/vc_column][\/vc_row]<\/p>\n<\/section>","protected":false},"excerpt":{"rendered":"<p>[vc_row][vc_column][vc_column_text]El presidente de Foment del Treball, Josep S\u00e1nchez Llibre y el vicepresidente del Banco Central Europeo han hablado sobre la coyuntura econ\u00f3mica europea en general y del Estado en particular. S\u00e1nchez Llibre y de Guindos han evaluado las consecuencias econ\u00f3micas de la guerra en Ucrania as\u00ed como de los efectos que una inflaci\u00f3n sostenida en el tiempo puede acarrear en el crecimiento de la econom\u00eda espa\u00f1ola y europea. El presidente de Foment considera que es imprescindible tomar medidas para apoyar la econom\u00eda productiva ante las graves repercusiones que estamos sufriendo a consecuencia del contexto internacional y del aumento de la inflaci\u00f3n. La reuni\u00f3n ha tenido lugar despu\u00e9s de que el vicepresidente del Banco Central Europeo, Lu\u00eds de Guindos haya pronunciado una clase- conferencia en la Academia Europea Leadership, presidida por Josep Antoni Duran i Lleida, en la sede de Foment sobre el rol de los bancos centrales europeos y en particular del Banco Central Europeo. Esta reuni\u00f3n forma parte de la agenda permanente de contactos del presidente de Fomento con personalidades relevantes de las instituciones y de los sectores empresariales de todo el mundo para evaluar la situaci\u00f3n econ\u00f3mica del momento.[\/vc_column_text][\/vc_column][\/vc_row][vc_row][vc_column width=\u00bb1\/1&#8243;][\/vc_column][\/vc_row][vc_row][vc_column width=\u00bb1\/1&#8243;][\/vc_column][\/vc_row]<\/p>\n","protected":false},"author":7,"featured_media":144756,"comment_status":"closed","ping_status":"closed","sticky":false,"template":"","format":"standard","meta":{"_links_to":"","_links_to_target":""},"categories":[114,68,5714],"tags":[6662,3786,6661,3784],"acf":[],"wps_subtitle":"Lu\u00eds de Guindos ha firmado en el libro de Honor de Foment Del Treball","_links":{"self":[{"href":"https:\/\/www.foment.com\/es\/wp-json\/wp\/v2\/posts\/144755"}],"collection":[{"href":"https:\/\/www.foment.com\/es\/wp-json\/wp\/v2\/posts"}],"about":[{"href":"https:\/\/www.foment.com\/es\/wp-json\/wp\/v2\/types\/post"}],"author":[{"embeddable":true,"href":"https:\/\/www.foment.com\/es\/wp-json\/wp\/v2\/users\/7"}],"replies":[{"embeddable":true,"href":"https:\/\/www.foment.com\/es\/wp-json\/wp\/v2\/comments?post=144755"}],"version-history":[{"count":5,"href":"https:\/\/www.foment.com\/es\/wp-json\/wp\/v2\/posts\/144755\/revisions"}],"predecessor-version":[{"id":144787,"href":"https:\/\/www.foment.com\/es\/wp-json\/wp\/v2\/posts\/144755\/revisions\/144787"}],"wp:featuredmedia":[{"embeddable":true,"href":"https:\/\/www.foment.com\/es\/wp-json\/wp\/v2\/media\/144756"}],"wp:attachment":[{"href":"https:\/\/www.foment.com\/es\/wp-json\/wp\/v2\/media?parent=144755"}],"wp:term":[{"taxonomy":"category","embeddable":true,"href":"https:\/\/www.foment.com\/es\/wp-json\/wp\/v2\/categories?post=144755"},{"taxonomy":"post_tag","embeddable":true,"href":"https:\/\/www.foment.com\/es\/wp-json\/wp\/v2\/tags?post=144755"}],"curies":[{"name":"wp","href":"https:\/\/api.w.org\/{rel}","templated":true}]}}