{"id":144820,"date":"2022-05-16T10:57:01","date_gmt":"2022-05-16T08:57:01","guid":{"rendered":"https:\/\/www.foment.com\/?p=144820"},"modified":"2022-05-16T12:16:24","modified_gmt":"2022-05-16T10:16:24","slug":"foment-remarca-inversion-iljin-refuerza-reindustrializacion-cataluna","status":"publish","type":"post","link":"https:\/\/www.foment.com\/es\/foment-remarca-inversion-iljin-refuerza-reindustrializacion-cataluna\/","title":{"rendered":"Foment del Treball remarca que la inversi\u00f3n de Iljin refuerza la reindustrializaci\u00f3n de Catalu\u00f1a"},"content":{"rendered":"<section class=\"wpb-content-wrapper\"><p>[vc_row][vc_column][vc_column_text]Foment del Treball valora muy positivamente la inversi\u00f3n anunciada por el Conseller d\u2019Empresa i Treball, Roger Torrent, de la empresa subcoreana Iljin ya vinculada a la automoci\u00f3n, sector industrial en el que Catalu\u00f1a es referente a nivel europeo.<\/p>\n<p>La patronal catalana remarca que esta inversi\u00f3n en Mont-roig del Camp refuerza la reindustrializaci\u00f3n de Catalu\u00f1a, que considera de mucha trascendencia y que va en la l\u00ednea de incrementar el peso de la ind\u00fastria en el PIB catal\u00e1n.[\/vc_column_text][\/vc_column][\/vc_row]<\/p>\n<\/section>","protected":false},"excerpt":{"rendered":"<p>[vc_row][vc_column][vc_column_text]Foment del Treball valora muy positivamente la inversi\u00f3n anunciada por el Conseller d\u2019Empresa i Treball, Roger Torrent, de la empresa subcoreana Iljin ya vinculada a la automoci\u00f3n, sector industrial en el que Catalu\u00f1a es referente a nivel europeo. La patronal catalana remarca que esta inversi\u00f3n en Mont-roig del Camp refuerza la reindustrializaci\u00f3n de Catalu\u00f1a, que considera de mucha trascendencia y que va en la l\u00ednea de incrementar el peso de la ind\u00fastria en el PIB catal\u00e1n.[\/vc_column_text][\/vc_column][\/vc_row]<\/p>\n","protected":false},"author":7,"featured_media":144826,"comment_status":"closed","ping_status":"closed","sticky":false,"template":"","format":"standard","meta":{"_links_to":"","_links_to_target":""},"categories":[114,68,5714],"tags":[3005,6667,3680,3684],"acf":[],"wps_subtitle":"La patronal catalana valora muy positivamente esta inversi\u00f3n en el sector de la automoci\u00f3n, en el que Catalu\u00f1a es referente en toda Europa.","_links":{"self":[{"href":"https:\/\/www.foment.com\/es\/wp-json\/wp\/v2\/posts\/144820"}],"collection":[{"href":"https:\/\/www.foment.com\/es\/wp-json\/wp\/v2\/posts"}],"about":[{"href":"https:\/\/www.foment.com\/es\/wp-json\/wp\/v2\/types\/post"}],"author":[{"embeddable":true,"href":"https:\/\/www.foment.com\/es\/wp-json\/wp\/v2\/users\/7"}],"replies":[{"embeddable":true,"href":"https:\/\/www.foment.com\/es\/wp-json\/wp\/v2\/comments?post=144820"}],"version-history":[{"count":7,"href":"https:\/\/www.foment.com\/es\/wp-json\/wp\/v2\/posts\/144820\/revisions"}],"predecessor-version":[{"id":144859,"href":"https:\/\/www.foment.com\/es\/wp-json\/wp\/v2\/posts\/144820\/revisions\/144859"}],"wp:featuredmedia":[{"embeddable":true,"href":"https:\/\/www.foment.com\/es\/wp-json\/wp\/v2\/media\/144826"}],"wp:attachment":[{"href":"https:\/\/www.foment.com\/es\/wp-json\/wp\/v2\/media?parent=144820"}],"wp:term":[{"taxonomy":"category","embeddable":true,"href":"https:\/\/www.foment.com\/es\/wp-json\/wp\/v2\/categories?post=144820"},{"taxonomy":"post_tag","embeddable":true,"href":"https:\/\/www.foment.com\/es\/wp-json\/wp\/v2\/tags?post=144820"}],"curies":[{"name":"wp","href":"https:\/\/api.w.org\/{rel}","templated":true}]}}