{"id":144968,"date":"2022-05-16T19:53:10","date_gmt":"2022-05-16T17:53:10","guid":{"rendered":"https:\/\/www.foment.com\/vicepresidenta-ma-helena-de-felipe-reivindica-paper-de-parlament-social-cetesc-20e-aniversari\/"},"modified":"2022-05-16T20:51:30","modified_gmt":"2022-05-16T18:51:30","slug":"vicepresidenta-ma-helena-de-felipe-reivindica-papel-de-parlamento-social-cetesc-20e-aniversario","status":"publish","type":"post","link":"https:\/\/www.foment.com\/es\/vicepresidenta-ma-helena-de-felipe-reivindica-papel-de-parlamento-social-cetesc-20e-aniversario\/","title":{"rendered":"La vicepresidenta de Foment M\u00aa Helena de Felipe reivindica el papel de \u00abparlamento social\u00bb del CTESC en el su 20\u00ba aniversario"},"content":{"rendered":"<section class=\"wpb-content-wrapper\"><p>[vc_row][vc_column][vc_column_text]<\/p>\n<ul>\n<li><strong>El acto ha tenido lugar en el Palau de la Generalitat y ha contado con el presidente del Gobierno de Catalu\u00f1a Pere Aragon\u00e8s.<\/strong><\/li>\n<\/ul>\n<p>La vicepresidenta de Foment, M\u00aa Helena de Felipe, ha participado hoy en el 20\u00ba aniversario del Consejo de Trabajo, Econ\u00f3mico y Social de Catalu\u00f1a (CTESC) que recoge los agentes sociales (representantes sindicales y patronales) y la Administraci\u00f3n, y ha repasat su trayectoria.<\/p>\n<p>Solo durante el 2021, desde el CTESC se han realizado 395 recomendaciones en el Gobierno, se han elaborado dict\u00e1menes, estudios e informes en materia econ\u00f3mica, sobre usos del tiempo de trabajo, sobre el derecho a la vivienda, sobre los indicadores socioecon\u00f3micos y laborales, de entre muchas actividades, ha explicado de Felipe, \u00abpero lo que valoramos realmente es que toda esta tarea ha sido elaborada bajo la base del di\u00e1logo social. Sindicatos, patronales y administraci\u00f3n han demostrado en estos 20 a\u00f1os que el trabajo conjunto es posible y que si nos lo planteamos, podemos trabajar plegados en favor del territorio, las empresas y las personas\u00bb.<\/p>\n<p>Si analizamos las cifras de los \u00faltimos veinte a\u00f1os del CTESC, el 46% de los m\u00e1s de cuatro mil trescientos dict\u00e1menes con observaciones de modificaci\u00f3n o adici\u00f3n en los textos presentados por el Gobierno y el Parlamento elaborados por el Consejo han sido aceptados, \u00abes el fruto de la colaboraci\u00f3n y la cooperaci\u00f3n\u00bb,\u00a0 ha resaltado de Felipe y ha a\u00f1adido: \u00abPodemos decir realmente que el CTESC ha conseguido convertirse en un aut\u00e9ntico espacio de reflexi\u00f3n sobre cuestiones cruciales de actualidad en el \u00e1mbito del trabajo y la econom\u00eda donde convergen y trabajan conjuntamente representantes empresariales y de las personas trabajadoras. Este \u00e9xito obedece al papel que ha desarrollado como cooperador necesario de las pol\u00edticas p\u00fablicas en los \u00e1mbitos econ\u00f3micos y sociales, si me permiten una licencia, como parlamentos sociales, representativos y organizados de una sociedad civil, fuerte\u00bb.<\/p>\n<p>Ha mencionado el informe sobre di\u00e1logo social 2022 del OIT, el cual muestra como la negociaci\u00f3n colectiva ha ayudado a mitigar los efectos de la crisis de la COVID-19 sobre la ocupaci\u00f3n y los ingresos, en cuanto que contribuy\u00f3 a menguar parte de las consecuencias en desigualdad, al mismo tiempo que reforz\u00f3 la resiliencia de las empresas y los mercados de trabajo.<\/p>\n<p>En este sentido, ha elogiado el sentido de responsabilidad que guardar el CTESC en los pronunciamientos estrictamente m\u00e1s propios, para buscar otros m\u00e1s asumibles, rehuyendo de posiciones m\u00e1ximas: \u00abBuscar consensos, unir fuerzas y consolidar el di\u00e1logo social es un ejercicio de responsabilidad por los gobiernos y por los agentes econ\u00f3micos y sociales. Utilizando el di\u00e1logo como estrategia podemos crear una Catalu\u00f1a m\u00e1s fuerte, m\u00e1s competitiva y m\u00e1s social. Un pa\u00eds fuerte, democr\u00e1tica, econ\u00f3mico y socialmente requiere de una sociedad civil fuerte, y tambi\u00e9n de una sociedad civil independiente del poder pol\u00edtico, si quiere hacer bien su trabajo. A la vez que esta sociedad civil, tambi\u00e9n requiere, una estructura organizada para hacer llegar su voz, y posicionamiento, y este es el papel del Consejo Econ\u00f3mico y Social al mi, a Europa, y tambi\u00e9n en Catalu\u00f1a.\u00bb, ha concluido de Felipe.<\/p>\n<p>El acto ha contado con el presidente del Gobierno de la Generalitat de Catalu\u00f1a, Pere Aragon\u00e8s; el presidente del CETESC, Toni Mora; la secretaria ejecutiva de este, Carme Garc\u00eda Jarque; el vicepresidente primero, Jos\u00e9 Antonio Pasadas, y el secretario de Pol\u00edticas Sectoriales y Transici\u00f3n Justa de UGT Catalu\u00f1a, Jos\u00e9 Antonio Pasadas.[\/vc_column_text]<div class=\"video-embed  wpb_content_element\"><iframe title=\"Commemoraci\u00f3 del 20\u00e8 aniversari del CTESC (16.05.22)\" width=\"1161\" height=\"653\" src=\"https:\/\/www.youtube.com\/embed\/XiTt2ro0eV4?feature=oembed\" frameborder=\"0\" allow=\"accelerometer; autoplay; clipboard-write; encrypted-media; gyroscope; picture-in-picture; web-share\" referrerpolicy=\"strict-origin-when-cross-origin\" allowfullscreen><\/iframe><\/div><div class=\"flexslider wpb_content_element\"><ul class=\"slides\"><li><img src=\"https:\/\/www.foment.com\/wp-content\/uploads\/2022\/05\/WhatsApp-Image-2022-05-16-at-6.30.50-PM-1.jpeg\" alt=\"\" \/><\/li><li><img src=\"https:\/\/www.foment.com\/wp-content\/uploads\/2022\/05\/WhatsApp-Image-2022-05-16-at-6.39.27-PM.jpeg\" alt=\"\" \/><\/li><\/ul><\/div>[\/vc_column][\/vc_row]<\/p>\n<\/section>","protected":false},"excerpt":{"rendered":"<p>[vc_row][vc_column][vc_column_text] El acto ha tenido lugar en el Palau de la Generalitat y ha contado con el presidente del Gobierno de Catalu\u00f1a Pere Aragon\u00e8s. La vicepresidenta de Foment, M\u00aa Helena de Felipe, ha participado hoy en el 20\u00ba aniversario del Consejo de Trabajo, Econ\u00f3mico y Social de Catalu\u00f1a (CTESC) que recoge los agentes sociales (representantes sindicales y patronales) y la Administraci\u00f3n, y ha repasat su trayectoria. Solo durante el 2021, desde el CTESC se han realizado 395 recomendaciones en el Gobierno, se han elaborado dict\u00e1menes, estudios e informes en materia econ\u00f3mica, sobre usos del tiempo de trabajo, sobre el derecho a la vivienda, sobre los indicadores socioecon\u00f3micos y laborales, de entre muchas actividades, ha explicado de Felipe, \u00abpero lo que valoramos realmente es que toda esta tarea ha sido elaborada bajo la base del di\u00e1logo social. Sindicatos, patronales y administraci\u00f3n han demostrado en estos 20 a\u00f1os que el trabajo conjunto es posible y que si nos lo planteamos, podemos trabajar plegados en favor del territorio, las empresas y las personas\u00bb. Si analizamos las cifras de los \u00faltimos veinte a\u00f1os del CTESC, el 46% de los m\u00e1s de cuatro mil trescientos dict\u00e1menes con observaciones de modificaci\u00f3n o adici\u00f3n en los textos [&hellip;]<\/p>\n","protected":false},"author":10,"featured_media":144958,"comment_status":"closed","ping_status":"closed","sticky":false,"template":"","format":"standard","meta":{"_links_to":"","_links_to_target":""},"categories":[114,68],"tags":[4427,4428],"acf":[],"wps_subtitle":"Ha apelado al sentimiento de responsabilidad que caracteriza la actuaci\u00f3n del CTESC en la busca de consensos, la uni\u00f3n de fuerzas y la consolidaci\u00f3n del di\u00e1logo social","_links":{"self":[{"href":"https:\/\/www.foment.com\/es\/wp-json\/wp\/v2\/posts\/144968"}],"collection":[{"href":"https:\/\/www.foment.com\/es\/wp-json\/wp\/v2\/posts"}],"about":[{"href":"https:\/\/www.foment.com\/es\/wp-json\/wp\/v2\/types\/post"}],"author":[{"embeddable":true,"href":"https:\/\/www.foment.com\/es\/wp-json\/wp\/v2\/users\/10"}],"replies":[{"embeddable":true,"href":"https:\/\/www.foment.com\/es\/wp-json\/wp\/v2\/comments?post=144968"}],"version-history":[{"count":6,"href":"https:\/\/www.foment.com\/es\/wp-json\/wp\/v2\/posts\/144968\/revisions"}],"predecessor-version":[{"id":144980,"href":"https:\/\/www.foment.com\/es\/wp-json\/wp\/v2\/posts\/144968\/revisions\/144980"}],"wp:featuredmedia":[{"embeddable":true,"href":"https:\/\/www.foment.com\/es\/wp-json\/wp\/v2\/media\/144958"}],"wp:attachment":[{"href":"https:\/\/www.foment.com\/es\/wp-json\/wp\/v2\/media?parent=144968"}],"wp:term":[{"taxonomy":"category","embeddable":true,"href":"https:\/\/www.foment.com\/es\/wp-json\/wp\/v2\/categories?post=144968"},{"taxonomy":"post_tag","embeddable":true,"href":"https:\/\/www.foment.com\/es\/wp-json\/wp\/v2\/tags?post=144968"}],"curies":[{"name":"wp","href":"https:\/\/api.w.org\/{rel}","templated":true}]}}