{"id":145111,"date":"2022-05-17T17:37:19","date_gmt":"2022-05-17T15:37:19","guid":{"rendered":"https:\/\/www.foment.com\/ministre-desenvolupament-productiu-republica-argentina-visita-patronal-catalana\/"},"modified":"2022-05-17T17:46:14","modified_gmt":"2022-05-17T15:46:14","slug":"ministro-desarrollo-productivo-republica-argentina-visita-patronal-catalana","status":"publish","type":"post","link":"https:\/\/www.foment.com\/es\/ministro-desarrollo-productivo-republica-argentina-visita-patronal-catalana\/","title":{"rendered":"El ministro de Desarrollo Productivo de la Rep\u00fablica de Argentina visita Foment"},"content":{"rendered":"<section class=\"wpb-content-wrapper\"><p>[vc_row][vc_column][vc_column_text]El ministro de Desarrollo Productivo de la Rep\u00fablica de Argentina, <strong>Matias Kulfas<\/strong>, ha firmado el libro de Honor de Foment del Treball mientras se reun\u00eda con el secretario general de la patronal, <strong>David Tornos<\/strong>, el embajador de Argentina en Espa\u00f1a, <strong>Ricardo Alfons\u00edn<\/strong>, y el c\u00f3nsul general de Argentina en Barcelona y director del Centro de Negocios, <strong>Alejandro E. Alonso Sainz<\/strong>. Esta reuni\u00f3n forma parte de la agenda permanente de contactos de Foment con personalidades relevantes de las instituciones y de los sectores empresariales de todo el mundo para evaluar la situaci\u00f3n econ\u00f3mica del momento.<\/p>\n<p>Despu\u00e9s ha participado en la jornada organizada por el departamento de Internacional, <em><strong>Argentina, un pa\u00eds que mira al futuro<\/strong><\/em>, junto con un selecto grupo de representantes del \u00e1mbito tecnol\u00f3gico y empresarial del pa\u00eds. Kulfas ha lanzado un mensaje de optimismo con la recuperaci\u00f3n econ\u00f3mica de Argentina, que avanza hacia un crecimiento sostenible: \u00abArgentina tiene para dar al mundo aquello que est\u00e1 necesitando: alimentos, energ\u00edas convencionales y alternativas, recursos mineros, tecnolog\u00eda, conocimiento y manufacturas\u00bb, ha destacado.[\/vc_column_text]<div class=\"flexslider wpb_content_element\"><ul class=\"slides\"><li><img src=\"https:\/\/www.foment.com\/wp-content\/uploads\/2022\/05\/DSC_0133-scaled.jpg\" alt=\"\" \/><\/li><li><img src=\"https:\/\/www.foment.com\/wp-content\/uploads\/2022\/05\/DSC_0111-scaled.jpg\" alt=\"\" \/><\/li><li><img src=\"https:\/\/www.foment.com\/wp-content\/uploads\/2022\/05\/DSC_0113-scaled.jpg\" alt=\"\" \/><\/li><li><img src=\"https:\/\/www.foment.com\/wp-content\/uploads\/2022\/05\/DSC_0116.jpg\" alt=\"\" \/><\/li><li><img src=\"https:\/\/www.foment.com\/wp-content\/uploads\/2022\/05\/FS8cMXCWYAUFUuv.jpg\" alt=\"\" \/><\/li><\/ul><\/div>[vc_column_text]<span style=\"color: #c12238;\"><strong>Foment Internacional. Detectar i aprofitar\u00a0<\/strong><strong>oportunitats de negoci i inversi\u00f3 arreu<\/strong><\/span><\/p>\n<div class=\"wpb_text_column wpb_content_element \">\n<div class=\"wpb_wrapper\">\n<p>La tasca de Foment del Treball en favor de la internacionalitzaci\u00f3 de l\u2019economia i les empreses catalanes inclou la recerca i exposici\u00f3 de noves destinacions per a les empreses que han obert mercat i la promoci\u00f3 de la iniciaci\u00f3 en el cas d\u2019aquelles empreses que es plantegen la projecci\u00f3 exterior per primera vegada. En aquest sentit, Foment organitza missions empresarials per a l\u2019obertura de nous mercats i ofereix nombroses jornades anuals de detecci\u00f3 d\u2019oportunitats de negoci i inversi\u00f3 arreu del m\u00f3n.<\/p>\n<p>Aix\u00ed, les jornades que organitza el Departament Internacional de Foment proporcionen una visi\u00f3 integral, clara i pr\u00e0ctica de temes que s\u00f3n importants per a l\u2019empresa que est\u00e0 en proc\u00e9s d\u2019internacionalitzaci\u00f3 o que est\u00e0 internacionalitzada i necessita estrat\u00e8gies per continuar amb el seu creixement.<\/p>\n<\/div>\n<\/div>\n<p>[\/vc_column_text][\/vc_column][\/vc_row]<\/p>\n<\/section>","protected":false},"excerpt":{"rendered":"<p>[vc_row][vc_column][vc_column_text]El ministro de Desarrollo Productivo de la Rep\u00fablica de Argentina, Matias Kulfas, ha firmado el libro de Honor de Foment del Treball mientras se reun\u00eda con el secretario general de la patronal, David Tornos, el embajador de Argentina en Espa\u00f1a, Ricardo Alfons\u00edn, y el c\u00f3nsul general de Argentina en Barcelona y director del Centro de Negocios, Alejandro E. Alonso Sainz. Esta reuni\u00f3n forma parte de la agenda permanente de contactos de Foment con personalidades relevantes de las instituciones y de los sectores empresariales de todo el mundo para evaluar la situaci\u00f3n econ\u00f3mica del momento. Despu\u00e9s ha participado en la jornada organizada por el departamento de Internacional, Argentina, un pa\u00eds que mira al futuro, junto con un selecto grupo de representantes del \u00e1mbito tecnol\u00f3gico y empresarial del pa\u00eds. Kulfas ha lanzado un mensaje de optimismo con la recuperaci\u00f3n econ\u00f3mica de Argentina, que avanza hacia un crecimiento sostenible: \u00abArgentina tiene para dar al mundo aquello que est\u00e1 necesitando: alimentos, energ\u00edas convencionales y alternativas, recursos mineros, tecnolog\u00eda, conocimiento y manufacturas\u00bb, ha destacado.[\/vc_column_text][vc_column_text]Foment Internacional. Detectar i aprofitar\u00a0oportunitats de negoci i inversi\u00f3 arreu La tasca de Foment del Treball en favor de la internacionalitzaci\u00f3 de l\u2019economia i les empreses catalanes inclou la recerca i exposici\u00f3 [&hellip;]<\/p>\n","protected":false},"author":10,"featured_media":145106,"comment_status":"closed","ping_status":"closed","sticky":false,"template":"","format":"standard","meta":{"_links_to":"","_links_to_target":""},"categories":[114,72],"tags":[6554,6680],"acf":[],"wps_subtitle":"Se ha reunido con el secretario general de Foment","_links":{"self":[{"href":"https:\/\/www.foment.com\/es\/wp-json\/wp\/v2\/posts\/145111"}],"collection":[{"href":"https:\/\/www.foment.com\/es\/wp-json\/wp\/v2\/posts"}],"about":[{"href":"https:\/\/www.foment.com\/es\/wp-json\/wp\/v2\/types\/post"}],"author":[{"embeddable":true,"href":"https:\/\/www.foment.com\/es\/wp-json\/wp\/v2\/users\/10"}],"replies":[{"embeddable":true,"href":"https:\/\/www.foment.com\/es\/wp-json\/wp\/v2\/comments?post=145111"}],"version-history":[{"count":4,"href":"https:\/\/www.foment.com\/es\/wp-json\/wp\/v2\/posts\/145111\/revisions"}],"predecessor-version":[{"id":145116,"href":"https:\/\/www.foment.com\/es\/wp-json\/wp\/v2\/posts\/145111\/revisions\/145116"}],"wp:featuredmedia":[{"embeddable":true,"href":"https:\/\/www.foment.com\/es\/wp-json\/wp\/v2\/media\/145106"}],"wp:attachment":[{"href":"https:\/\/www.foment.com\/es\/wp-json\/wp\/v2\/media?parent=145111"}],"wp:term":[{"taxonomy":"category","embeddable":true,"href":"https:\/\/www.foment.com\/es\/wp-json\/wp\/v2\/categories?post=145111"},{"taxonomy":"post_tag","embeddable":true,"href":"https:\/\/www.foment.com\/es\/wp-json\/wp\/v2\/tags?post=145111"}],"curies":[{"name":"wp","href":"https:\/\/api.w.org\/{rel}","templated":true}]}}