{"id":145681,"date":"2022-05-24T16:40:45","date_gmt":"2022-05-24T14:40:45","guid":{"rendered":"https:\/\/www.foment.com\/aplaudeixen-acord-esmena-registrada-pdecat-modificar-codi-penal-elevar-penes-reincidencia-delictes-lleus-furt\/"},"modified":"2022-05-24T17:17:40","modified_gmt":"2022-05-24T15:17:40","slug":"aplauden-acuerdo-enmienda-registrada-pdecat-modificar-codigo-penal-elevar-penas-reincidencia-delitos-leves-hurtos","status":"publish","type":"post","link":"https:\/\/www.foment.com\/es\/aplauden-acuerdo-enmienda-registrada-pdecat-modificar-codigo-penal-elevar-penas-reincidencia-delitos-leves-hurtos\/","title":{"rendered":"Foment del Treball, ACES, Amics del Passeig de Gracia, ANGED, Barcelona Oberta, Cecot, CEDAC, Comertia, CONFECAT, Consell de Gremis, Fecom, FOEG y Gremi d\u2019Hotels de Barcelona aplauden el acuerdo en base a la enmienda registrada por el PDeCAT para modificar el C\u00f3digo Penal y elevar las penas de reincidencia de los delitos leves de hurto"},"content":{"rendered":"<p>Foment del Treball, ACES, Amics del Passeig de Gracia, ANGED, Barcelona Oberta, Cecot, CEDAC, Comertia, CONFECAT, Consell de Gremis, Fecom, FOEG y Gremi d\u2019Hotels de Barcelona celebran el acuerdo en base a la enmienda <a href=\"https:\/\/www.foment.com\/es\/foment-aplaude-proposicion-ley-organica-pdecat-modificar-codigo-penal-elevar-penas-reincidencia-delitos-leves-hurtos\/\">registrada por el PDeCAT<\/a>, por el cual se incorpora al texto legislativo una disposici\u00f3n adicional de modificaci\u00f3n del C\u00f3digo Penal para endurecer las penas previstas para los delitos leves de hurto en los supuestos de reincidencia y multirreincidencia.<\/p>\n<p>Esta <a href=\"https:\/\/www.foment.com\/es\/foment-impulsa-un-front-comu-per-la-seguretat-de-barcelona\/\">iniciativa empez\u00f3 en septiembre de 2019<\/a> a partir del informe redactado por el letrado Emilio Zegr\u00ed, miembro de la Comisi\u00f3n Jur\u00eddica de Foment del Treball. En aquel momento se <a href=\"https:\/\/www.foment.com\/es\/foment-entrega-a-delegada-gobierno-conseller-interior-y-teniente-alcalde-ayuntamiento-proposicion-ley-para-modificar-codigo-penal\/\">entreg\u00f3 la propuesta de la patronal<\/a> para incrementar la seguridad a la que era delegada del Gobierno, Teresa Cunillera, al que entonces era conseller de Interior, Miquel Buch, y al primer teniente de alcalde del Ayuntamiento de Barcelona, Jaume Collboni.<\/p>\n<p>Esta modificaci\u00f3n legal dotar\u00e1 a las administraciones de m\u00e1s herramientas para luchar contra la multirreincidencia en los peque\u00f1os hurtos y, se abordar\u00e1 as\u00ed el problema grave de la acumulaci\u00f3n de hurtos que hasta ahora no recib\u00eda una respuesta proporcional al grave perjuicio provocado -la multirreincidencia de delitos leves de hurto solo estaba sancionada con multas-.<\/p>\n<p>La enmienda transaccionada consigue aumentar la capacidad intimidatoria y disuasoria del C\u00f3digo Penal, permitiendo en los casos de delincuencia habitual superar la actual pena de multa por penas de prisi\u00f3n de seis a dieciocho meses en los supuestos de hurto con valor sustra\u00eddo inferior a los 400 euros, en caso de que el culpable haya sido condenado al menos por tres delitos de esta naturaleza, aunque sean de car\u00e1cter leve, y cuando el montante acumulado de las infracciones sea superior a 400 euros.<\/p>\n","protected":false},"excerpt":{"rendered":"<p>Foment del Treball, ACES, Amics del Passeig de Gracia, ANGED, Barcelona Oberta, Cecot, CEDAC, Comertia, CONFECAT, Consell de Gremis, Fecom, FOEG y Gremi d\u2019Hotels de Barcelona celebran el acuerdo en base a la enmienda registrada por el PDeCAT, por el cual se incorpora al texto legislativo una disposici\u00f3n adicional de modificaci\u00f3n del C\u00f3digo Penal para endurecer las penas previstas para los delitos leves de hurto en los supuestos de reincidencia y multirreincidencia. Esta iniciativa empez\u00f3 en septiembre de 2019 a partir del informe redactado por el letrado Emilio Zegr\u00ed, miembro de la Comisi\u00f3n Jur\u00eddica de Foment del Treball. En aquel momento se entreg\u00f3 la propuesta de la patronal para incrementar la seguridad a la que era delegada del Gobierno, Teresa Cunillera, al que entonces era conseller de Interior, Miquel Buch, y al primer teniente de alcalde del Ayuntamiento de Barcelona, Jaume Collboni. Esta modificaci\u00f3n legal dotar\u00e1 a las administraciones de m\u00e1s herramientas para luchar contra la multirreincidencia en los peque\u00f1os hurtos y, se abordar\u00e1 as\u00ed el problema grave de la acumulaci\u00f3n de hurtos que hasta ahora no recib\u00eda una respuesta proporcional al grave perjuicio provocado -la multirreincidencia de delitos leves de hurto solo estaba sancionada con multas-. La enmienda transaccionada [&hellip;]<\/p>\n","protected":false},"author":10,"featured_media":145673,"comment_status":"closed","ping_status":"closed","sticky":false,"template":"","format":"standard","meta":{"_links_to":"","_links_to_target":""},"categories":[114,5714,1665],"tags":[6735,6434,1843],"acf":[],"wps_subtitle":"Esta iniciativa empez\u00f3 en septiembre de 2019 a partir del informe redactado por el letrado Emilio Zegr\u00ed, miembro de la Comisi\u00f3n Jur\u00eddica de Foment","_links":{"self":[{"href":"https:\/\/www.foment.com\/es\/wp-json\/wp\/v2\/posts\/145681"}],"collection":[{"href":"https:\/\/www.foment.com\/es\/wp-json\/wp\/v2\/posts"}],"about":[{"href":"https:\/\/www.foment.com\/es\/wp-json\/wp\/v2\/types\/post"}],"author":[{"embeddable":true,"href":"https:\/\/www.foment.com\/es\/wp-json\/wp\/v2\/users\/10"}],"replies":[{"embeddable":true,"href":"https:\/\/www.foment.com\/es\/wp-json\/wp\/v2\/comments?post=145681"}],"version-history":[{"count":3,"href":"https:\/\/www.foment.com\/es\/wp-json\/wp\/v2\/posts\/145681\/revisions"}],"predecessor-version":[{"id":145691,"href":"https:\/\/www.foment.com\/es\/wp-json\/wp\/v2\/posts\/145681\/revisions\/145691"}],"wp:featuredmedia":[{"embeddable":true,"href":"https:\/\/www.foment.com\/es\/wp-json\/wp\/v2\/media\/145673"}],"wp:attachment":[{"href":"https:\/\/www.foment.com\/es\/wp-json\/wp\/v2\/media?parent=145681"}],"wp:term":[{"taxonomy":"category","embeddable":true,"href":"https:\/\/www.foment.com\/es\/wp-json\/wp\/v2\/categories?post=145681"},{"taxonomy":"post_tag","embeddable":true,"href":"https:\/\/www.foment.com\/es\/wp-json\/wp\/v2\/tags?post=145681"}],"curies":[{"name":"wp","href":"https:\/\/api.w.org\/{rel}","templated":true}]}}